{"id":909,"date":"2016-12-08T13:24:32","date_gmt":"2016-12-08T13:24:32","guid":{"rendered":"https:\/\/lysander1330.wordpress.com\/?p=909"},"modified":"2018-04-13T17:31:38","modified_gmt":"2018-04-13T17:31:38","slug":"buecher-buecher-buecher","status":"publish","type":"post","link":"https:\/\/www.schattengrenzen.de\/?p=909","title":{"rendered":"B\u00fccher, B\u00fccher, B\u00fccher, &#8230;"},"content":{"rendered":"<p>Von meiner Seite gibt es sehr gute Nachrichten zu meinen Projekten. Die Romane <a href=\"https:\/\/www.amazon.de\/Glasseelen-Schattengrenzen-Tanja-Meurer\/dp\/9963722407\" target=\"_blank\" rel=\"noopener\">Glasseelen<\/a>, <a href=\"https:\/\/www.amazon.de\/Rebell-Schattengrenzen-02-Tanja-Meurer\/dp\/9963722504\" target=\"_blank\" rel=\"noopener\">Der Rebell<\/a> und <a href=\"https:\/\/www.amazon.de\/Die-Seelenlosen-Stadt-Maschinenmagie\/dp\/3945569028\" target=\"_blank\" rel=\"noopener\">Die Seelenlosen &#8211; Die Stadt der Maschinenmagie<\/a> haben neue Verlage gefunden \ud83d\ude42 Aber nun der Reihe nach.<\/p>\n<p><strong>Die Seelenlosen<\/strong> sind ab sofort bei <a href=\"http:\/\/www.deadsoft.de\/\" target=\"_blank\" rel=\"noopener\">DeadSoft<\/a> untergekommen und werden dort auch weiterver\u00f6ffentlicht. Ihr k\u00f6nnt die B\u00fccher also sehr schnell wieder \u00fcber Simon Rhys Beck erhalten. Das bedeutet auch, dass der zweite Band bald zu lesen sein wird.<\/p>\n<p><span style=\"text-decoration: underline;\">Klappentext <strong>Die Seelenlosen<\/strong>:<\/span><br \/>\nValvermont war einst die Heimat des Kriegsveteranen Gwenael Chabod, der zum Commandanten \u00fcber die Garnisonen der Stadt berufen wird. Sein Geliebter Orin &#8211; ein ehrw\u00fcrdiger Priester orcischer Abstammung &#8211; ist an seiner Seite, als sich vor Gwenaels Augen ein Mann in eine seelenlose Kreatur verwandelt.<br \/>\nKur<img loading=\"lazy\" decoding=\"async\" class=\" wp-image-699 alignleft\" src=\"https:\/\/lysander1330.files.wordpress.com\/2016\/03\/cover.jpg?w=394\" alt=\"Cover\" width=\"242\" height=\"368\" srcset=\"https:\/\/www.schattengrenzen.de\/wp-content\/uploads\/2016\/03\/cover.jpg 630w, https:\/\/www.schattengrenzen.de\/wp-content\/uploads\/2016\/03\/cover-197x300.jpg 197w\" sizes=\"auto, (max-width: 242px) 100vw, 242px\" \/>z darauf wird eine junge Frau get\u00f6tet. Einziger Augenzeuge ist der Dieb Jaleel. Sein Bericht deckt Grauenvolles auf &#8211; und bringt sein eigenes Leben in Gefahr.<br \/>\nGemeinsam mit neuen Freunden und Verb\u00fcndeten jagt Gwenael den finsteren Geist, der von Valvermont Besitz ergriffen hat. Nicht ahnend, wie nah ihm die Dunkelheit bereits ist.<br \/>\nEin Roman aus einer fantastischen Welt, die die ersten vorsichtigen Schritte in Richtung Moderne wagt. Umgeben von dampfbetriebenen Maschinen, m\u00e4chtigen Magiern und einem undurchsichtigen Stadtoberhaupt muss Gwenael sich fragen, wem er trauen kann, wer seine Freunde sind, wer ihn liebt und welche d\u00fcsteren Geheimnisse die Villa seiner Familie birgt.<\/p>\n<p><span style=\"text-decoration: underline;\">Hier noch ein kleiner Vorgeschmack auf Band 2 (<strong>Vorsicht, Spoiler!<\/strong>):<\/span><br \/>\nHinter den Mauern der ausgebrannten Anstalt <em>Jarvaise<\/em> lauert die Finsternis und unter der Stadt schl\u00e4gt ihr mechanisches Herz. Jaleel, Gwenael und seine Schwester Desir\u00e9e begegnen dem Ursprung der Experimente um Stahl und Lebensenergie: Jarvaise Cordellier, einem Leichnam, der von seiner Tochter Ga\u00eblle durch gestohlene Seelenkraft am Leben erhalten wird. Aber der Tod von Jarvaise und seiner Tochter ist nicht das Ende. Ga\u00eblles Netzwerk ist weitreichend. Weiterhin sterben Menschen und Valvermont wird binnen einer Nacht von Fleischpuppen \u00fcberrannt. Gwenael wei\u00df, dass er mit seinen Gef\u00e4hrten gegen die Zeit arbeitet, denn die Maschinerie unter der Stadt hat sich verselbstst\u00e4ndigt und das dunkle Herz beginnt wieder zu schlagen.<\/p>\n<p><strong>Glasseelen<\/strong> kommt im <span style=\"text-decoration: underline;\"><strong>Mai 2017<\/strong><\/span> bei der <a href=\"http:\/\/www.roterdrache.org\/\" target=\"_blank\" rel=\"noopener\">Edition Roter Drache<\/a> heraus und wird noch einmal gr\u00fcndlich \u00fcberarbeitet. Das bedeutet, dass der Roman in neuem Outfit und einigen \u00c4nderungen zu euch kommt, freut euch also auf Steampunk in der Gegenwart, Msytery und Krimi &#8211; alle in Berlin \ud83d\ude09 Und ich bin schon jetzt auf das neue (vielleicht besser passende) Cover gespannt.<\/p>\n<p><span style=\"text-decoration: underline;\">Klappentext <strong>Glasseelen<\/strong>:<\/span><br \/>\nF\u00fcr die 19-j\u00e4hrige Camilla und ihre Freundin Theresa endet ein Museumsausflug mit einem Schock. Ein Mann st\u00fcrzt sich vor ihren F\u00fc\u00dfen zu Tode.<\/p>\n<p><img loading=\"lazy\" decoding=\"async\" class=\" wp-image-177 alignright\" src=\"https:\/\/lysander1330.files.wordpress.com\/2013\/03\/10_700.jpg?w=378\" alt=\"Glasseelen - Schattengrenzen I\" width=\"222\" height=\"351\" srcset=\"https:\/\/www.schattengrenzen.de\/wp-content\/uploads\/2013\/03\/10_700.jpg 442w, https:\/\/www.schattengrenzen.de\/wp-content\/uploads\/2013\/03\/10_700-189x300.jpg 189w\" sizes=\"auto, (max-width: 222px) 100vw, 222px\" \/><\/p>\n<p>Seine Augen l\u00f6sen sich in Staub auf, aus seiner Hand rollen blutige Aug\u00e4pfel. Steht der Suizid in Zusammenhang mit einem wahnsinnigen M\u00f6rder, der sein Unwesen in Berlin treibt? Bereits mehrere junge Frauen sind ihm zum Opfer gefallen. Die verst\u00fcmmelten Leichen verbindet ein grausiges Merkmal: herausgeschnittene Augen. Obwohl sich Camilla und Theresa unter der Betreuung einer Psychotherapeutin und der Polizei in Sicherheit w\u00e4hnen, nimmt der Serienkiller sie ins Visier. Von Panik getrieben ger\u00e4t Camilla in die Unterwelt der Hauptstadt und st\u00f6\u00dft auf r\u00e4tselhafte Menschen. K\u00f6nnen der greise Amadeo oder der attraktive Chris sie vor ihrem fanatischen Verfolger retten? Mit dem Namen \u201eSandmann\u201c gibt Chris ihr einen entscheidenden Hinweis, doch der Killer ist nicht leicht zu \u00fcberlisten. Um seinen Attacken zu entkommen, muss sich Camilla nicht nur ihrem Peiniger stellen. Sie entdeckt eine \u00fcbersinnliche F\u00e4higkeit, die vielleicht besser im Verborgenen geblieben w\u00e4re \u2026<\/p>\n<p><strong>Der Rebell<\/strong> ist zwar noch immer Teil der Reihe und kommt direkt im Anschluss an Glasseelen, aber der Verlag ist ein anderer: <a href=\"http:\/\/www.homolittera.com\/\" target=\"_blank\" rel=\"noopener\">HOMO Littera<\/a>. Das Buch erscheint im Fr\u00fchjahr \/ Fr\u00fch-Sommer 2017. Bei HOMO Littera kommen alle weiteren Romane um Oliver, Daniel und Co. heraus. Zu diesem Buch gibt es auch schon die erste Auswahl zu em neuen Cover. Der Kleine passt einfach perfekt, viel besser als das alte, aussagefreie Cover \ud83d\ude42<\/p>\n<p><span style=\"text-decoration: underline;\">Klappentext <strong>Der Rebell<\/strong>:<\/span><br \/>\nDer 16-j\u00e4hrige Oliver und seine j\u00fcngeren Br\u00fcder Christian und Michael \u00fcberleben die schlimmste Nacht ihres Lebens. Ihr Vater ermordet Mutter und weitere Geschwister. Das Motiv scheint auf der Hand zu liegen: Untreue.<br \/>\nDoch Oliver und<img loading=\"lazy\" decoding=\"async\" class=\" wp-image-300 alignleft\" src=\"https:\/\/lysander1330.files.wordpress.com\/2013\/06\/51_700.jpg?w=378\" alt=\"Der Rebell\" width=\"241\" height=\"383\" srcset=\"https:\/\/www.schattengrenzen.de\/wp-content\/uploads\/2013\/06\/51_700.jpg 441w, https:\/\/www.schattengrenzen.de\/wp-content\/uploads\/2013\/06\/51_700-189x300.jpg 189w\" sizes=\"auto, (max-width: 241px) 100vw, 241px\" \/> seine Br\u00fcder wollen nicht daran glauben, insbesondere als auf Christian ein Anschlag ver\u00fcbt wird. Fassungslos \u00fcber die Tat und die Inaktivit\u00e4t der Polizei, suchen sie auf eigene Faust nach der Wahrheit und sto\u00dfen auf einen unheimlichen Gegner. Lediglich der unerfahrene Kommissar Daniel Kuhn steht ihnen bei.<\/p>\n<p>Zur selben Zeit werden mehrere Tote im Haus des einzigen noch lebenden Verwandten entdeckt. Die Leichen liegen bereits seit 70 Jahre dort. Die F\u00e4lle scheinen nichts miteinander zu tun zu haben, aber Olivers Neugier ist unstillbar. Er glaubt nicht an Zuf\u00e4lle und findet die Gemeinsamkeiten in beiden F\u00e4llen.<br \/>\nDoch ihre Gegner scheinen nicht unter den Lebenden zu weilen.<\/p>\n<p>Hier bekommt ihr noch einen Eindruck \u00fcber die Bildauswahl f\u00fcr das neue Cover zu Der Rebell \ud83d\ude42<\/p>\n<p><img loading=\"lazy\" decoding=\"async\" class=\"alignnone size-medium wp-image-966\" src=\"https:\/\/lysander1330.files.wordpress.com\/2016\/12\/fotoliacomp_21581061_iqt6npk61vijudw90b0ehy1v0kluh0fp_w95.jpg?w=400\" alt=\"fotoliacomp_21581061_iqt6npk61vijudw90b0ehy1v0kluh0fp_w95\" width=\"200\" height=\"300\" \/><img loading=\"lazy\" decoding=\"async\" class=\"alignright size-medium wp-image-969\" src=\"https:\/\/lysander1330.files.wordpress.com\/2016\/12\/fotoliacomp_42533540_pucdpbqyk32bakpjxfak0hbcwe7k8lsn_w95.jpg?w=600\" alt=\"fotoliacomp_42533540_pucdpbqyk32bakpjxfak0hbcwe7k8lsn_w95\" width=\"300\" height=\"199\" \/><\/p>\n<p>Der zweite Band wird im \u00dcbrigen den Titel <strong>Hass<\/strong> tragen &#8230; und damit ist die Geschichte von Oliver und Daniel noch lange nicht beendet \ud83d\ude42<\/p>\n","protected":false},"excerpt":{"rendered":"<p>Drei Romane im neuen Gewand und mit neuen Verlagen \ud83d\ude42<\/p>\n","protected":false},"author":1,"featured_media":0,"comment_status":"open","ping_status":"open","sticky":false,"template":"","format":"standard","meta":{"_jetpack_memberships_contains_paid_content":false,"footnotes":""},"categories":[421,28,13,14,18],"tags":[72,97,91,137,141,152,154,166,176,185,205,211,250,270,275,309,327,329,369,370,379,391,398,407],"class_list":["post-909","post","type-post","status-publish","format-standard","hentry","category-blog","category-die-stadt-der-maschinenmagie-nights-end","category-projekte","category-schattengrenzen","category-veroffentlichungen","tag-action","tag-berlin","tag-bucher","tag-deadsoft","tag-deutsch","tag-ebook","tag-edition-roter-drache","tag-fantasy","tag-gay","tag-germany","tag-homo-littera","tag-horror","tag-krimi","tag-liebe","tag-literature","tag-neuveroeffentlichungen","tag-punk","tag-queer","tag-steamfantasy","tag-steampunk","tag-thriller","tag-updates","tag-verlag","tag-wiesbaden"],"jetpack_sharing_enabled":true,"jetpack_featured_media_url":"","_links":{"self":[{"href":"https:\/\/www.schattengrenzen.de\/index.php?rest_route=\/wp\/v2\/posts\/909","targetHints":{"allow":["GET"]}}],"collection":[{"href":"https:\/\/www.schattengrenzen.de\/index.php?rest_route=\/wp\/v2\/posts"}],"about":[{"href":"https:\/\/www.schattengrenzen.de\/index.php?rest_route=\/wp\/v2\/types\/post"}],"author":[{"embeddable":true,"href":"https:\/\/www.schattengrenzen.de\/index.php?rest_route=\/wp\/v2\/users\/1"}],"replies":[{"embeddable":true,"href":"https:\/\/www.schattengrenzen.de\/index.php?rest_route=%2Fwp%2Fv2%2Fcomments&post=909"}],"version-history":[{"count":2,"href":"https:\/\/www.schattengrenzen.de\/index.php?rest_route=\/wp\/v2\/posts\/909\/revisions"}],"predecessor-version":[{"id":1253,"href":"https:\/\/www.schattengrenzen.de\/index.php?rest_route=\/wp\/v2\/posts\/909\/revisions\/1253"}],"wp:attachment":[{"href":"https:\/\/www.schattengrenzen.de\/index.php?rest_route=%2Fwp%2Fv2%2Fmedia&parent=909"}],"wp:term":[{"taxonomy":"category","embeddable":true,"href":"https:\/\/www.schattengrenzen.de\/index.php?rest_route=%2Fwp%2Fv2%2Fcategories&post=909"},{"taxonomy":"post_tag","embeddable":true,"href":"https:\/\/www.schattengrenzen.de\/index.php?rest_route=%2Fwp%2Fv2%2Ftags&post=909"}],"curies":[{"name":"wp","href":"https:\/\/api.w.org\/{rel}","templated":true}]}}