{"id":832,"date":"2016-08-28T09:17:21","date_gmt":"2016-08-28T09:17:21","guid":{"rendered":"https:\/\/lysander1330.wordpress.com\/?p=832"},"modified":"2018-04-13T17:32:38","modified_gmt":"2018-04-13T17:32:38","slug":"die-seelenlosen-offizielle-leseprobe","status":"publish","type":"post","link":"https:\/\/www.schattengrenzen.de\/?p=832","title":{"rendered":"Die Seelenlosen &#8211; Offizielle Leseprobe"},"content":{"rendered":"<p>Hallo zusammen,<\/p>\n<p>heute lade ich &#8211; auch im Sinne der angek\u00fcndigten <strong><a href=\"http:\/\/www.lovelybooks.de\/autor\/Tanja-Meurer\/Die-Seelenlosen-1179333766-w\/leserunde\/1315801358\/1315953007\/\" target=\"_blank\" rel=\"noopener\">Leserunde auf Lovelybooks<\/a><\/strong> &#8211; die offizielle Leseprobe vom <strong><a href=\"http:\/\/incubusverlag.de\/de\/flag_3\/b%c3%bccher\/crime\/die-seelenlosen--569023-00.htm\" target=\"_blank\" rel=\"noopener\">Incubus Verlag<\/a><\/strong> hoch. Hier k\u00f6nnt ihr hineeinlesen und entscheiden, ob euch das Buch interessieren k\u00f6nnte. Bis zum 05. 09. k\u00f6nnt ihr euch noch auf LB anmelden.<\/p>\n<p>Wer Krimi, Magie, Fantasy und einem Hauch schwuler Erotik mag, ist in der steampunkigen Welt von Valvermont gut aufgehoben. M\u00f6chtet ihr mit Commandant Chabod und seinen Freunden auf die Jagd nach einem grausigen M\u00f6rder gehen und die d\u00fcsteren Ecken der freien Handelsstadt entdecken?<br \/>\nDann nutzt jetzt Eure Chance und sichert Euch <strong>1 von 15 Exemplaren<\/strong> von Tanja Meurers \u201eDie Seelenlosen\u201c. Der Incubus Verlag verlost <strong>5 Printb\u00fccher und 10 eBooks<\/strong> im Wunschformat. Um teilzunehmen, beantwortet bis zum 05.09.2016 einfach folgende Frage unter dem Bewerbungslink von Lovelybooks:<br \/>\nWas erwartet Ihr anhand des Covers und des Klappentextes vom Buch?<\/p>\n<p><img loading=\"lazy\" decoding=\"async\" class=\" size-medium wp-image-699 alignleft\" src=\"https:\/\/lysander1330.files.wordpress.com\/2016\/03\/cover.jpg?w=394\" alt=\"Cover\" width=\"197\" height=\"300\" srcset=\"https:\/\/www.schattengrenzen.de\/wp-content\/uploads\/2016\/03\/cover.jpg 630w, https:\/\/www.schattengrenzen.de\/wp-content\/uploads\/2016\/03\/cover-197x300.jpg 197w\" sizes=\"auto, (max-width: 197px) 100vw, 197px\" \/><\/p>\n<p><span style=\"text-decoration: underline;\">Klappentext:<\/span><br \/>\n<em>Valvermont war einst die Heimat des Kriegsveteranen Gwenael Chabod, der zum Commandanten \u00fcbber die Garnisonen der Stadt berufen wird. Sein Geliebter Orin &#8211; ein ehrw\u00fcrdiger Priester orcischer Abstammung &#8211; ist an seiner Seite, als sich vor Gwenaels Augen ein Mann in eine seelenlose Kreatur verwandelt. <\/em><br \/>\n<em> Kurz darauf wird eine junge Frau get\u00f6tet. Einziger Augenzeuge ist der Dieb Jaleel. Sein Bericht deckt Grauenvolles auf &#8211; und bringt sein eigenes Leben in Gefahr. <\/em><br \/>\n<em> Gemeinsam mit neuen Freunden und Verb\u00fcndeten jagt Gwenael den finsteren Geist, der von Valvermont Besitz ergriffen hat. Nicht ahnend, wie nah ihm die Dunkelheit bereits ist.<\/em><\/p>\n<div class=\"trd_editor\">\n<div class=\"row first\">\n<div class=\"col-md-12\">\n<div>\n<p><em>Ein Roman aus einer fantastischen Welt, die die ersten vorsichtigen Schritte in Richtung Moderne wagt. Umgeben von dampfbetriebenen Maschinen, m\u00e4chtigen Magiern und einem undurchsichtigen Stadtoberhaupt muss Gwenael sich fragen, wem er trauen kann, wer seine Freunde sind, wer ihn liebt und welche d\u00fcsteren Geheimnisse die Villa seiner Familie birgt.<\/em><\/p>\n<p><strong><a title=\"seelen_leseprobe\" href=\"https:\/\/lysander1330.files.wordpress.com\/2016\/08\/seelen_leseprobe.pdf\" target=\"_blank\" rel=\"noopener\">Leseprobe: Die Seelenlosen &#8211; Tanja Meurer<\/a><\/strong><\/p>\n<\/div>\n<\/div>\n<\/div>\n<\/div>\n<p>Im Gewinnfall verpflichtet ihr euch zur zeitnahen und aktiven Teilnahme, am Austausch in allen Leseabschnitten der Leserunde bis sp\u00e4testens 31.September 2016. Bestenfalls solltet ihr vor eurer Bewerbung schon mindestens eine Rezension auf LovelyBooks ver\u00f6ffentlicht haben. Bitte beachtet, dass die Printb\u00fccher nur innerhalb Deutschlands verschickt werden!<\/p>\n<p>Liebe Gr\u00fc\u00dfe, viel Spa\u00df und viel Gl\u00fcck,<br \/>\nTanja<\/p>\n","protected":false},"excerpt":{"rendered":"<p>Hallo zusammen, heute lade ich &#8211; auch im Sinne der angek\u00fcndigten Leserunde auf Lovelybooks &#8211; die offizielle Leseprobe vom Incubus Verlag hoch. Hier k\u00f6nnt ihr hineeinlesen und entscheiden, ob euch das Buch interessieren k\u00f6nnte. Bis zum 05. 09. k\u00f6nnt ihr euch noch auf LB anmelden. Wer Krimi, Magie, Fantasy und einem Hauch schwuler Erotik mag,&#8230;<\/p>\n","protected":false},"author":1,"featured_media":0,"comment_status":"open","ping_status":"open","sticky":false,"template":"","format":"standard","meta":{"_jetpack_memberships_contains_paid_content":false,"footnotes":""},"categories":[421,7],"tags":[],"class_list":["post-832","post","type-post","status-publish","format-standard","hentry","category-blog","category-homepages"],"jetpack_sharing_enabled":true,"jetpack_featured_media_url":"","_links":{"self":[{"href":"https:\/\/www.schattengrenzen.de\/index.php?rest_route=\/wp\/v2\/posts\/832","targetHints":{"allow":["GET"]}}],"collection":[{"href":"https:\/\/www.schattengrenzen.de\/index.php?rest_route=\/wp\/v2\/posts"}],"about":[{"href":"https:\/\/www.schattengrenzen.de\/index.php?rest_route=\/wp\/v2\/types\/post"}],"author":[{"embeddable":true,"href":"https:\/\/www.schattengrenzen.de\/index.php?rest_route=\/wp\/v2\/users\/1"}],"replies":[{"embeddable":true,"href":"https:\/\/www.schattengrenzen.de\/index.php?rest_route=%2Fwp%2Fv2%2Fcomments&post=832"}],"version-history":[{"count":2,"href":"https:\/\/www.schattengrenzen.de\/index.php?rest_route=\/wp\/v2\/posts\/832\/revisions"}],"predecessor-version":[{"id":1255,"href":"https:\/\/www.schattengrenzen.de\/index.php?rest_route=\/wp\/v2\/posts\/832\/revisions\/1255"}],"wp:attachment":[{"href":"https:\/\/www.schattengrenzen.de\/index.php?rest_route=%2Fwp%2Fv2%2Fmedia&parent=832"}],"wp:term":[{"taxonomy":"category","embeddable":true,"href":"https:\/\/www.schattengrenzen.de\/index.php?rest_route=%2Fwp%2Fv2%2Fcategories&post=832"},{"taxonomy":"post_tag","embeddable":true,"href":"https:\/\/www.schattengrenzen.de\/index.php?rest_route=%2Fwp%2Fv2%2Ftags&post=832"}],"curies":[{"name":"wp","href":"https:\/\/api.w.org\/{rel}","templated":true}]}}