{"id":728,"date":"2016-04-10T15:09:48","date_gmt":"2016-04-10T15:09:48","guid":{"rendered":"https:\/\/lysander1330.wordpress.com\/?p=728"},"modified":"2018-04-13T17:35:11","modified_gmt":"2018-04-13T17:35:11","slug":"die-seelenlosen-leseprobe","status":"publish","type":"post","link":"https:\/\/www.schattengrenzen.de\/?p=728","title":{"rendered":"&#8220;Die Seelenlosen&#8221; &#8211; Leseprobe"},"content":{"rendered":"<p>Wie so oft habe ich mal wieder auf dem Schlauch gestanden und ziemlich als Letzte mitbekommen, dass es zu meinem Roman eine Leseprobe gibt. Auf der Leipziger Buchmesse musste erst eine liebe Bekannte davon schw\u00e4rmen, dass <a href=\"http:\/\/incubusverlag.de\/\" target=\"_blank\">Incubus <\/a>Leseproben zu <a href=\"http:\/\/www.romywolf.de\/\" target=\"_blank\">Romy Wolfs<\/a> &#8211; <em>Die Partitur der Gewalt<\/em> und meinem <em>Die Seelenlosen<\/em> gedruckt hatte. Aber es gab nciht nur die gedruckten Leseproben. Wen es interessiert, der kann auch im Netz in das Buch hinein lesen \ud83d\ude42<br \/>\n<a href=\"http:\/\/www.incubusverlag.de\/shop\/data\/datenblatt_0000019_1.pdf\" target=\"_blank\">Leseprobe <\/a><em>Die Seelenlosen<\/em><\/p>\n<p>Im \u00dcbrigen liefen die bezeichneten B\u00fccher auf der LBM scheinbar wirklich sehr gut, wie mir Kira von Incubus erz\u00e4hlte. Ich bin also gerne bereit mehr illustrierte Exemplare zu machen \ud83d\ude42<\/p>\n<p>&nbsp;<\/p>\n<div id='gallery-1' class='gallery galleryid-728 gallery-columns-3 gallery-size-thumbnail'><figure class='gallery-item'>\n\t\t\t<div class='gallery-icon portrait'>\n\t\t\t\t<a href='https:\/\/www.schattengrenzen.de\/?attachment_id=744'><img loading=\"lazy\" decoding=\"async\" width=\"150\" height=\"150\" src=\"https:\/\/www.schattengrenzen.de\/wp-content\/uploads\/2016\/04\/img_3744-150x150.jpg\" class=\"attachment-thumbnail size-thumbnail\" alt=\"\" srcset=\"https:\/\/www.schattengrenzen.de\/wp-content\/uploads\/2016\/04\/img_3744-150x150.jpg 150w, https:\/\/www.schattengrenzen.de\/wp-content\/uploads\/2016\/04\/img_3744-300x300.jpg 300w, https:\/\/www.schattengrenzen.de\/wp-content\/uploads\/2016\/04\/img_3744-75x75.jpg 75w\" sizes=\"auto, (max-width: 150px) 100vw, 150px\" \/><\/a>\n\t\t\t<\/div><\/figure><figure class='gallery-item'>\n\t\t\t<div class='gallery-icon portrait'>\n\t\t\t\t<a href='https:\/\/www.schattengrenzen.de\/?attachment_id=743'><img loading=\"lazy\" decoding=\"async\" width=\"150\" height=\"150\" src=\"https:\/\/www.schattengrenzen.de\/wp-content\/uploads\/2016\/04\/img_3743-150x150.jpg\" class=\"attachment-thumbnail size-thumbnail\" alt=\"\" srcset=\"https:\/\/www.schattengrenzen.de\/wp-content\/uploads\/2016\/04\/img_3743-150x150.jpg 150w, https:\/\/www.schattengrenzen.de\/wp-content\/uploads\/2016\/04\/img_3743-300x300.jpg 300w, https:\/\/www.schattengrenzen.de\/wp-content\/uploads\/2016\/04\/img_3743-75x75.jpg 75w\" sizes=\"auto, (max-width: 150px) 100vw, 150px\" \/><\/a>\n\t\t\t<\/div><\/figure><figure class='gallery-item'>\n\t\t\t<div class='gallery-icon portrait'>\n\t\t\t\t<a href='https:\/\/www.schattengrenzen.de\/?attachment_id=741'><img loading=\"lazy\" decoding=\"async\" width=\"150\" height=\"150\" src=\"https:\/\/www.schattengrenzen.de\/wp-content\/uploads\/2016\/04\/img_3739-150x150.jpg\" class=\"attachment-thumbnail size-thumbnail\" alt=\"\" srcset=\"https:\/\/www.schattengrenzen.de\/wp-content\/uploads\/2016\/04\/img_3739-150x150.jpg 150w, https:\/\/www.schattengrenzen.de\/wp-content\/uploads\/2016\/04\/img_3739-300x300.jpg 300w, https:\/\/www.schattengrenzen.de\/wp-content\/uploads\/2016\/04\/img_3739-75x75.jpg 75w\" sizes=\"auto, (max-width: 150px) 100vw, 150px\" \/><\/a>\n\t\t\t<\/div><\/figure><figure class='gallery-item'>\n\t\t\t<div class='gallery-icon portrait'>\n\t\t\t\t<a href='https:\/\/www.schattengrenzen.de\/?attachment_id=749'><img loading=\"lazy\" decoding=\"async\" width=\"150\" height=\"150\" src=\"https:\/\/www.schattengrenzen.de\/wp-content\/uploads\/2016\/04\/img_3762-150x150.jpg\" class=\"attachment-thumbnail size-thumbnail\" alt=\"\" srcset=\"https:\/\/www.schattengrenzen.de\/wp-content\/uploads\/2016\/04\/img_3762-150x150.jpg 150w, https:\/\/www.schattengrenzen.de\/wp-content\/uploads\/2016\/04\/img_3762-300x300.jpg 300w, https:\/\/www.schattengrenzen.de\/wp-content\/uploads\/2016\/04\/img_3762-75x75.jpg 75w\" sizes=\"auto, (max-width: 150px) 100vw, 150px\" \/><\/a>\n\t\t\t<\/div><\/figure><figure class='gallery-item'>\n\t\t\t<div class='gallery-icon portrait'>\n\t\t\t\t<a href='https:\/\/www.schattengrenzen.de\/?attachment_id=747'><img loading=\"lazy\" decoding=\"async\" width=\"150\" height=\"150\" src=\"https:\/\/www.schattengrenzen.de\/wp-content\/uploads\/2016\/04\/img_3758-150x150.jpg\" class=\"attachment-thumbnail size-thumbnail\" alt=\"\" srcset=\"https:\/\/www.schattengrenzen.de\/wp-content\/uploads\/2016\/04\/img_3758-150x150.jpg 150w, https:\/\/www.schattengrenzen.de\/wp-content\/uploads\/2016\/04\/img_3758-300x300.jpg 300w, https:\/\/www.schattengrenzen.de\/wp-content\/uploads\/2016\/04\/img_3758-75x75.jpg 75w\" sizes=\"auto, (max-width: 150px) 100vw, 150px\" \/><\/a>\n\t\t\t<\/div><\/figure><figure class='gallery-item'>\n\t\t\t<div class='gallery-icon portrait'>\n\t\t\t\t<a href='https:\/\/www.schattengrenzen.de\/?attachment_id=746'><img loading=\"lazy\" decoding=\"async\" width=\"150\" height=\"150\" src=\"https:\/\/www.schattengrenzen.de\/wp-content\/uploads\/2016\/04\/img_3749-150x150.jpg\" class=\"attachment-thumbnail size-thumbnail\" alt=\"\" srcset=\"https:\/\/www.schattengrenzen.de\/wp-content\/uploads\/2016\/04\/img_3749-150x150.jpg 150w, https:\/\/www.schattengrenzen.de\/wp-content\/uploads\/2016\/04\/img_3749-300x300.jpg 300w, https:\/\/www.schattengrenzen.de\/wp-content\/uploads\/2016\/04\/img_3749-75x75.jpg 75w\" sizes=\"auto, (max-width: 150px) 100vw, 150px\" \/><\/a>\n\t\t\t<\/div><\/figure><figure class='gallery-item'>\n\t\t\t<div class='gallery-icon portrait'>\n\t\t\t\t<a href='https:\/\/www.schattengrenzen.de\/?attachment_id=740'><img loading=\"lazy\" decoding=\"async\" width=\"150\" height=\"150\" src=\"https:\/\/www.schattengrenzen.de\/wp-content\/uploads\/2016\/04\/img_3738-150x150.jpg\" class=\"attachment-thumbnail size-thumbnail\" alt=\"\" srcset=\"https:\/\/www.schattengrenzen.de\/wp-content\/uploads\/2016\/04\/img_3738-150x150.jpg 150w, https:\/\/www.schattengrenzen.de\/wp-content\/uploads\/2016\/04\/img_3738-300x300.jpg 300w, https:\/\/www.schattengrenzen.de\/wp-content\/uploads\/2016\/04\/img_3738-75x75.jpg 75w\" sizes=\"auto, (max-width: 150px) 100vw, 150px\" \/><\/a>\n\t\t\t<\/div><\/figure>\n\t\t<\/div>\n\n<p>Dar\u00fcber hinaus kam das Buch auch bei den Ideengebern <a href=\"http:\/\/ars-vaporis.de\/\" target=\"_blank\">Toni <\/a>und seinem Rudolf an \ud83d\ude42<\/p>\n<p><img loading=\"lazy\" decoding=\"async\" class=\"alignnone size-full wp-image-760\" src=\"https:\/\/lysander1330.files.wordpress.com\/2016\/04\/rudi-und-buch.jpg\" alt=\"Rudi und Buch\" width=\"480\" height=\"360\" \/><\/p>\n<p>Ein s\u00fc\u00dfes Modell, der kleine Rudolf, oder? Gott, wie ich diese Dampfratte liebe. Der Kerl ist einfach zu toll \ud83d\ude00<\/p>\n<p>Okay, genug geschwafelt \ud83d\ude42 Den restlichen Sonntag verbringe ich mit Jule und den Katzenmonstern \ud83d\ude42<\/p>\n","protected":false},"excerpt":{"rendered":"<p>Wie so oft habe ich mal wieder auf dem Schlauch gestanden und ziemlich als Letzte mitbekommen, dass es zu meinem Roman eine Leseprobe gibt. Auf der Leipziger Buchmesse musste erst eine liebe Bekannte davon schw\u00e4rmen, dass Incubus Leseproben zu Romy Wolfs &#8211; Die Partitur der Gewalt und meinem Die Seelenlosen gedruckt hatte. Aber es gab&#8230;<\/p>\n","protected":false},"author":1,"featured_media":760,"comment_status":"open","ping_status":"open","sticky":false,"template":"","format":"standard","meta":{"_jetpack_memberships_contains_paid_content":false,"footnotes":""},"categories":[421,52,57,28,7,37,18],"tags":[91,113,114,141,153,166,176,180,206,250,265,274,346,356,370,382],"class_list":["post-728","post","type-post","status-publish","format-standard","has-post-thumbnail","hentry","category-blog","category-bucher-anthologiebeitrage-nights-end","category-die-seelenlosen","category-die-stadt-der-maschinenmagie-nights-end","category-homepages","category-illustrationen-skizzen-nights-end","category-veroffentlichungen","tag-bucher","tag-buchillustrationen","tag-buchmesse-leipzig","tag-deutsch","tag-ebooks","tag-fantasy","tag-gay","tag-gay-fantasy","tag-homoerotik","tag-krimi","tag-leseprobe","tag-literatur","tag-rudolf","tag-schwul","tag-steampunk","tag-toni-reintelseder"],"jetpack_sharing_enabled":true,"jetpack_featured_media_url":"","_links":{"self":[{"href":"https:\/\/www.schattengrenzen.de\/index.php?rest_route=\/wp\/v2\/posts\/728","targetHints":{"allow":["GET"]}}],"collection":[{"href":"https:\/\/www.schattengrenzen.de\/index.php?rest_route=\/wp\/v2\/posts"}],"about":[{"href":"https:\/\/www.schattengrenzen.de\/index.php?rest_route=\/wp\/v2\/types\/post"}],"author":[{"embeddable":true,"href":"https:\/\/www.schattengrenzen.de\/index.php?rest_route=\/wp\/v2\/users\/1"}],"replies":[{"embeddable":true,"href":"https:\/\/www.schattengrenzen.de\/index.php?rest_route=%2Fwp%2Fv2%2Fcomments&post=728"}],"version-history":[{"count":1,"href":"https:\/\/www.schattengrenzen.de\/index.php?rest_route=\/wp\/v2\/posts\/728\/revisions"}],"predecessor-version":[{"id":1225,"href":"https:\/\/www.schattengrenzen.de\/index.php?rest_route=\/wp\/v2\/posts\/728\/revisions\/1225"}],"wp:featuredmedia":[{"embeddable":true,"href":"https:\/\/www.schattengrenzen.de\/index.php?rest_route=\/"}],"wp:attachment":[{"href":"https:\/\/www.schattengrenzen.de\/index.php?rest_route=%2Fwp%2Fv2%2Fmedia&parent=728"}],"wp:term":[{"taxonomy":"category","embeddable":true,"href":"https:\/\/www.schattengrenzen.de\/index.php?rest_route=%2Fwp%2Fv2%2Fcategories&post=728"},{"taxonomy":"post_tag","embeddable":true,"href":"https:\/\/www.schattengrenzen.de\/index.php?rest_route=%2Fwp%2Fv2%2Ftags&post=728"}],"curies":[{"name":"wp","href":"https:\/\/api.w.org\/{rel}","templated":true}]}}