{"id":669,"date":"2016-03-03T14:23:50","date_gmt":"2016-03-03T14:23:50","guid":{"rendered":"https:\/\/lysander1330.wordpress.com\/?p=669"},"modified":"2018-04-13T17:35:23","modified_gmt":"2018-04-13T17:35:23","slug":"die-seelenlosen-auf-der-leipziger-buchmesse","status":"publish","type":"post","link":"https:\/\/www.schattengrenzen.de\/?p=669","title":{"rendered":"Die Seelenlosen &#8211; auf der Leipziger Buchmesse"},"content":{"rendered":"<p>Okay, das klingt schr\u00e4g &#8230; Zombi-Walk auf der LBM. Obwohl, in gar mancher Messehalle g\u00e4be es da schon das eine oder andere Hirn zu futtern, besonders am Messe-Samstag \ud83d\ude09 Scherz beiseite. Bei den &#8220;Seelenlosen&#8221; hopsen ohnehin keine Zombies durch die Weltgeschichte machen sich \u00fcber die arme Bev\u00f6lkerung her. Eigentlich wollte ich mit dem Artikel nur anmerken, dass das Buch zur LBM beim Incubus-Messestand zu kaufen sein wird. Auf der Verlagsseite ist der Roman auch <a href=\"http:\/\/www.incubusverlag.de\/shop\/Romane-und-Anthologien\/Incubus-Fantasy\/T.-Meurer---Die-Seelenlosen?source=1&amp;refertype=8\">vorbestellbar<\/a>. <a href=\"http:\/\/www.amazon.de\/Die-Seelenlosen-Stadt-Maschinenmagie\/dp\/3945569028\/ref=asap_bc?ie=UTF8\">Amazon <\/a>f\u00fchrt es ebenfalls schon.<\/p>\n<p>Hier noch mal der Klappentext:<br \/>\n<em>Valvermont war einst die Heimat des Kriegsveteranen Gwenael Chabod, der zum Commandanten \u00fcber die Garnisonen der Stadt berufen wird. Sein Geliebter Orin &#8211; ein ehrw\u00fcrdiger Priester orcischer Abstammung &#8211; ist an seiner Seite, als sich vor Gwenaels Augen ein Mann in eine seelenlose Kreatur verwandelt. <\/em><br \/>\n<em> Kurz darauf wird eine junge Frau get\u00f6tet. Einziger Augenzeuge ist der Dieb Jaleel. Sein Bericht deckt Grauenvolles auf &#8211; und bringt sein eigenes Leben in Gefahr. <\/em><br \/>\n<em> Gemeinsam mit neuen Freunden und Verb\u00fcndeten jagt Gwenael den finsteren Geist, der von Valvermont Besitz ergriffen hat. Nicht ahnend, wie nah ihm die Dunkelheit bereits ist.<\/em><\/p>\n<p><img loading=\"lazy\" decoding=\"async\" class=\"alignnone size-full wp-image-699\" src=\"https:\/\/lysander1330.files.wordpress.com\/2016\/03\/cover.jpg\" alt=\"Cover\" width=\"630\" height=\"960\" srcset=\"https:\/\/www.schattengrenzen.de\/wp-content\/uploads\/2016\/03\/cover.jpg 630w, https:\/\/www.schattengrenzen.de\/wp-content\/uploads\/2016\/03\/cover-197x300.jpg 197w\" sizes=\"auto, (max-width: 630px) 100vw, 630px\" \/><\/p>\n<p>Das Cover ist seit Monatsmitte Februar auch schon bekannt und ich wei\u00df, dass die B\u00fccher bei der Druckerei sind \ud83d\ude42 Deswegen gibt es auf der LBM auch signierte und bezeichnete Ausgaben zu kaufen. Leider bin ich nicht dabei, was auch daran liegt, dass ich gerade erst einen neuen Job angetreten habe und Urlaubstage in der Anfangsphase alles andere als passend w\u00e4ren.<\/p>\n<p>Daf\u00fcr habe ich um das diesj\u00e4hrige <a href=\"http:\/\/www.queer-gelesen.de\/\">QUEER gelesen<\/a> frei und kann auf dem Lesefestival zum ersten Mal &#8220;Die Seelenlosen&#8221; vorstellen. Dieses Jahr findet es vom 22.04. bis 24.04. in Mainz, in der <a href=\"http:\/\/www.sichtbar-mainz.de\/\">Bar jeder Sicht<\/a> statt. Diese Location passt zum Festival auch mehr als andere. Es ist das Kultur- und Kommunikationszentrum f\u00fcr Lesben, Schwule, Bisexuelle, Trans* und Intersexuelle ni Mainz. Dabei sind gute alte Bekannte wie <a href=\"http:\/\/chrisrolls.blogspot.de\/\">Chris P. Rolls<\/a>, <a href=\"http:\/\/www.janas-seiten.de\">Jana Walther<\/a>, <a href=\"http:\/\/www.jobst-mahrenholz.de\">Jobst Marenholz<\/a>, <a href=\"http:\/\/ninodelia.wordpress.com\">Nino Delia<\/a> und ich, aber auch vollkommen neue Gesichter. Besonderes Augenmerk bekommt <a href=\"http:\/\/www.volkersurmann.de\">Volker Surmann<\/a>, der bei Goldmann seinen (sehr humorigen) Roman &#8220;Mami, warum sind hier nur M\u00e4nner&#8221; ver\u00f6ffentlicht hat, aus dem er am Freitag auch lesen wird. Ebenso <a href=\"http:\/\/tawegberg.de\/\">T.A. Wegberg<\/a>, der bereits mehrfach ausgezeichnet wurde und der der zweite Vorsitzende des freien Deutschen Autorenverbands Berlin e.V. ist. <a href=\"http:\/\/www.violett-ist-erst-der-anfang.de\">Judith H\u00fcller<\/a> ist durch ihre lustige &#8220;Violett&#8221;-Reihe bekannt. Dar\u00fcber hinaus sind noch mehr neue Autoren dabei, solche, die im Gay-Romance-Bereich einen Namen haben: <a href=\"http:\/\/biancanias.blogspot.de\/\">Bianca Nias<\/a>, <a href=\"https:\/\/www.facebook.com\/Savannah.Lichtenwald.Author\">Savanna Lichtenwald<\/a> und <a href=\"http:\/\/www.swantjesgeschichten.wordpress.com\">S.B. Sasori<\/a>, aber auch einige Autorinnen lesbischer Literatur: <a href=\"http:\/\/www.oldsouls.de\">Julia Mayer<\/a> und <a href=\"http:\/\/linakaiser.wordpress.com\">Lina Kaiser<\/a>.<br \/>\nEs gibt Dramen, Allt\u00e4gliches, Thriller, Fantasy und viel Lustiges. Ihr k\u00f6nnt euch auf viele neue Sachen freuen und vor allem auf einige ganz besondere und besonders vorgetragene Beitr\u00e4ge. Also richtig viel neue B\u00fccher zum Anh\u00f6ren \ud83d\ude42<\/p>\n","protected":false},"excerpt":{"rendered":"<p>Okay, das klingt schr\u00e4g &#8230; Zombi-Walk auf der LBM. Obwohl, in gar mancher Messehalle g\u00e4be es da schon das eine oder andere Hirn zu futtern, besonders am Messe-Samstag \ud83d\ude09 Scherz beiseite. Bei den &#8220;Seelenlosen&#8221; hopsen ohnehin keine Zombies durch die Weltgeschichte machen sich \u00fcber die arme Bev\u00f6lkerung her. Eigentlich wollte ich mit dem Artikel nur&#8230;<\/p>\n","protected":false},"author":1,"featured_media":0,"comment_status":"open","ping_status":"open","sticky":false,"template":"","format":"standard","meta":{"_jetpack_memberships_contains_paid_content":false,"footnotes":""},"categories":[421,52,57,28,7,40,11,18],"tags":[101,91,124,166,176,180,206,212,225,227,229,231,250,263,268,273,274,311,330,348,352,356,369,375,376,401],"class_list":["post-669","post","type-post","status-publish","format-standard","hentry","category-blog","category-bucher-anthologiebeitrage-nights-end","category-die-seelenlosen","category-die-stadt-der-maschinenmagie-nights-end","category-homepages","category-lesungen","category-neuerscheinungen","category-veroffentlichungen","tag-bianca-nias","tag-bucher","tag-chris-p-rolls","tag-fantasy","tag-gay","tag-gay-fantasy","tag-homoerotik","tag-horror-thriller","tag-jana-walther","tag-jobst-marenholz","tag-judith-hueller","tag-julia-mayer","tag-krimi","tag-lesefestival","tag-lesung","tag-lina-kaiser","tag-literatur","tag-nino-delia","tag-queer-gelesen","tag-s-b-sasori","tag-savanna-lichtenwald","tag-schwul","tag-steamfantasy","tag-t-a-wegberg","tag-tanja-meurer","tag-volker-surmann"],"jetpack_sharing_enabled":true,"jetpack_featured_media_url":"","_links":{"self":[{"href":"https:\/\/www.schattengrenzen.de\/index.php?rest_route=\/wp\/v2\/posts\/669","targetHints":{"allow":["GET"]}}],"collection":[{"href":"https:\/\/www.schattengrenzen.de\/index.php?rest_route=\/wp\/v2\/posts"}],"about":[{"href":"https:\/\/www.schattengrenzen.de\/index.php?rest_route=\/wp\/v2\/types\/post"}],"author":[{"embeddable":true,"href":"https:\/\/www.schattengrenzen.de\/index.php?rest_route=\/wp\/v2\/users\/1"}],"replies":[{"embeddable":true,"href":"https:\/\/www.schattengrenzen.de\/index.php?rest_route=%2Fwp%2Fv2%2Fcomments&post=669"}],"version-history":[{"count":1,"href":"https:\/\/www.schattengrenzen.de\/index.php?rest_route=\/wp\/v2\/posts\/669\/revisions"}],"predecessor-version":[{"id":1226,"href":"https:\/\/www.schattengrenzen.de\/index.php?rest_route=\/wp\/v2\/posts\/669\/revisions\/1226"}],"wp:attachment":[{"href":"https:\/\/www.schattengrenzen.de\/index.php?rest_route=%2Fwp%2Fv2%2Fmedia&parent=669"}],"wp:term":[{"taxonomy":"category","embeddable":true,"href":"https:\/\/www.schattengrenzen.de\/index.php?rest_route=%2Fwp%2Fv2%2Fcategories&post=669"},{"taxonomy":"post_tag","embeddable":true,"href":"https:\/\/www.schattengrenzen.de\/index.php?rest_route=%2Fwp%2Fv2%2Ftags&post=669"}],"curies":[{"name":"wp","href":"https:\/\/api.w.org\/{rel}","templated":true}]}}