{"id":620,"date":"2016-02-12T14:15:51","date_gmt":"2016-02-12T14:15:51","guid":{"rendered":"https:\/\/lysander1330.wordpress.com\/?p=620"},"modified":"2018-04-13T17:35:33","modified_gmt":"2018-04-13T17:35:33","slug":"die-seelenlosen","status":"publish","type":"post","link":"https:\/\/www.schattengrenzen.de\/?p=620","title":{"rendered":"Die Seelenlosen"},"content":{"rendered":"<p>Wie ihr wisst, habe ich die letzten zwei Jahre stark an dem Gay-Steamfantasy-Krimi &#8220;Die blaue Phiole&#8221; gearbeitet. Nachdem ich das 1.400 Seiten starke Manuskript zum ersten Lektorat bei Kira (Incubus Verlag) eingereicht hatte, war eine der ersten Amtshandlungen den Titel zu \u00e4ndern und das Buch in zwei H\u00e4lften zu teilen. Jetzt hei\u00dft der Beginn &#8220;Die Seelenlosen&#8221; und die Reihe als solche &#8220;Die Stadt der Maschinenmagie&#8221;.<\/p>\n<p>Am Freitag, den 29.01. hatten Kira und ich das zweite Lektorat beendet, damit das Buch gesetzt werden konnte. Zusammengekommen sind f\u00fcr den ersten Band knapp 700 Seiten. Das Pre-Cover kenne ich schon \ud83d\ude42 Allerdings will ich es hier und jetzt noch nicht ver\u00f6ffentlichen, schlie\u00dflich ist es nicht der endg\u00fcltige Stand. Aber der Klappentext steht:<\/p>\n<p><em>Valvermont war einst die Heimat des Kriegsveteranen Gwenael Chabod, der zum Commandanten \u00fcber die Garnisonen der Stadt berufen wird. Sein Geliebter Orin &#8211; ein ehrw\u00fcrdiger Priester orcischer Abstammung &#8211; ist an seiner Seite, als sich vor Gwenaels Augen ein Mann in eine seelenlose Kreatur verwandelt.<\/em><br \/>\n<em>Kurz darauf wird eine junge Frau get\u00f6tet. Einziger Augenzeuge ist der Dieb Jaleel. Sein Bericht deckt Grauenvolles auf &#8211; und bringt sein eigenes Leben in Gefahr.<\/em><br \/>\n<em>Gemeinsam mit neuen Freunden und Verb\u00fcndeten jagt Gwenael den finsteren Geist, der von Valvermont Besitz ergriffen hat. Nicht ahnend, wie nah ihm die Dunkelheit bereits ist.<\/em><\/p>\n<p><em>Ein Roman aus einer fantastischen Welt, die die ersten vorsichtigen Schritte in Richtung Moderne wagt. Umgeben von dampfbetriebenen Maschinen, m\u00e4chtigen Magiern und einem undurchsichtigen Stadtoberhaupt muss Gwenael sich fragen, wem er trauen kann, wer seine Freunde sind, wer ihn liebt und welche d\u00fcsteren Geheimnisse die Villa seiner Familie birgt.<\/em><\/p>\n<p>F\u00fcr all die, denen mein &#8220;<a href=\"http:\/\/www.fanfiktion.de\/s\/537ed7100003206e1bb7eda1\/1\/Night-039-s-End-Der-Wiedergaenger\" target=\"_blank\">Night&#8217;s End &#8211; Der Wiederg\u00e4nger<\/a>&#8221; oder das alte &#8220;<a href=\"http:\/\/animexx.onlinewelten.com\/fanfiction\/32341\/\">Interdependenz<\/a>&#8221; (auch unter &#8220;<a href=\"http:\/\/boyxboy.de\/efiction\/viewstory.php?sid=1070\" target=\"_blank\">Die schweigende Lilie<\/a>&#8221; ver\u00f6ffentlicht) noch etwas sagt, so viel zu &#8220;Die Seelenlosen&#8221;:<br \/>\nAuch hier sind wie wieder auf \u00c4os, allerdings 250 Jahre nach dem Krieg. Wohl bekannte Charaktere wie Luca-Seraphin Veraldis (Lysander), Aycol\u00e9n Amaro, Sisikazev Viz Cyan und Prinz Mesalla spielen auch in &#8220;Die Stadt der Maschinenmagie&#8221; eine nicht unerhebliche Rolle. Ihr k\u00f6nnt euch also auf ein Wiedersehen mit alten Freunden freuen, auch wenn ganz klar Gwenael Chabod, Orin Noac R&#8217;Coan, Jaleel, und Co. im Vordergrund stehen.<\/p>\n<p>Die Ver\u00f6ffentlichung ist f\u00fcr die Leipziger Buchmesse geplant. Am Stand des Incubus Verlages k\u00f6nnt ihr das Buch kaufen. Das Cover hat nicht die typischen und \u00fcblichen Atribute eines Gay-Fanatsys, also keine &#8220;Flying Torsos&#8221;, kuschenlden Kerle oder irgendetwas anderes romantisches. Auf jeden Fall findet sich recht prominent ein Bild <a href=\"http:\/\/ars-vaporis.de\/images\/ratte1.jpg\" target=\"_blank\">diesen<\/a> netten Kerlchens wieder, auch wenn die Maschine nicht Rudolf hei\u00dft \ud83d\ude09<br \/>\nErfinder und Mechaniker <a href=\"http:\/\/ars-vaporis.de\/\" target=\"_blank\">Toni<\/a>, nebst Rudolf finden sich in dem Roman wieder, wenn auch unter anderem Namen (Toni war mein Ideengeber mit seinem Dampfrattz). Sobald ich das Cover habe und ver\u00f6ffentlichen darf, erfahrt ihr mehr, auch \u00fcber Toni und seine Metallskulpturenmanufaktur <a href=\"http:\/\/ars-vaporis.de\/\" target=\"_blank\">Ars Vaporis<\/a> \ud83d\ude42<\/p>\n","protected":false},"excerpt":{"rendered":"<p>Valvermont war einst die Heimat des Kriegsveteranen Gwenael Chabod, der zum Commandanten \u00fcber die Garnisonen der Stadt berufen wird. Sein Geliebter Orin &#8211; ein ehrw\u00fcrdiger Priester orcischer Abstammung &#8211; ist an seiner Seite, als sich vor Gwenaels Augen ein Mann in eine seelenlose Kreatur verwandelt.<br \/>\nKurz darauf wird eine junge Frau get\u00f6tet. Einziger Augenzeuge ist der Dieb Jaleel. Sein Bericht deckt Grauenvolles auf &#8211; und bringt sein eigenes Leben in Gefahr.<br \/>\nGemeinsam mit neuen Freunden und Verb\u00fcndeten jagt Gwenael den finsteren Geist, der von Valvermont Besitz ergriffen hat. Nicht ahnend, wie nah ihm die Dunkelheit bereits ist.<\/p>\n","protected":false},"author":1,"featured_media":0,"comment_status":"open","ping_status":"open","sticky":false,"template":"","format":"standard","meta":{"_jetpack_memberships_contains_paid_content":false,"footnotes":""},"categories":[421,52,56,28,7,38,11,18],"tags":[91,141,176,180,206,250,274,329,341,356,369,370,376],"class_list":["post-620","post","type-post","status-publish","format-standard","hentry","category-blog","category-bucher-anthologiebeitrage-nights-end","category-die-blaue-phiole","category-die-stadt-der-maschinenmagie-nights-end","category-homepages","category-infos","category-neuerscheinungen","category-veroffentlichungen","tag-bucher","tag-deutsch","tag-gay","tag-gay-fantasy","tag-homoerotik","tag-krimi","tag-literatur","tag-queer","tag-romanreihe","tag-schwul","tag-steamfantasy","tag-steampunk","tag-tanja-meurer"],"jetpack_sharing_enabled":true,"jetpack_featured_media_url":"","_links":{"self":[{"href":"https:\/\/www.schattengrenzen.de\/index.php?rest_route=\/wp\/v2\/posts\/620","targetHints":{"allow":["GET"]}}],"collection":[{"href":"https:\/\/www.schattengrenzen.de\/index.php?rest_route=\/wp\/v2\/posts"}],"about":[{"href":"https:\/\/www.schattengrenzen.de\/index.php?rest_route=\/wp\/v2\/types\/post"}],"author":[{"embeddable":true,"href":"https:\/\/www.schattengrenzen.de\/index.php?rest_route=\/wp\/v2\/users\/1"}],"replies":[{"embeddable":true,"href":"https:\/\/www.schattengrenzen.de\/index.php?rest_route=%2Fwp%2Fv2%2Fcomments&post=620"}],"version-history":[{"count":1,"href":"https:\/\/www.schattengrenzen.de\/index.php?rest_route=\/wp\/v2\/posts\/620\/revisions"}],"predecessor-version":[{"id":1227,"href":"https:\/\/www.schattengrenzen.de\/index.php?rest_route=\/wp\/v2\/posts\/620\/revisions\/1227"}],"wp:attachment":[{"href":"https:\/\/www.schattengrenzen.de\/index.php?rest_route=%2Fwp%2Fv2%2Fmedia&parent=620"}],"wp:term":[{"taxonomy":"category","embeddable":true,"href":"https:\/\/www.schattengrenzen.de\/index.php?rest_route=%2Fwp%2Fv2%2Fcategories&post=620"},{"taxonomy":"post_tag","embeddable":true,"href":"https:\/\/www.schattengrenzen.de\/index.php?rest_route=%2Fwp%2Fv2%2Ftags&post=620"}],"curies":[{"name":"wp","href":"https:\/\/api.w.org\/{rel}","templated":true}]}}