{"id":619,"date":"2014-10-07T17:35:09","date_gmt":"2014-10-07T17:35:09","guid":{"rendered":"http:\/\/lysander1330.wordpress.com\/?p=510"},"modified":"2018-04-13T17:38:20","modified_gmt":"2018-04-13T17:38:20","slug":"der-november-wird-steampunkig-und-kalt","status":"publish","type":"post","link":"https:\/\/www.schattengrenzen.de\/?p=619","title":{"rendered":"Der November wird steampunkig und kalt :)"},"content":{"rendered":"<p>Im November erscheint bei der Weltenschmiede mein neuster Roman, ein Steampunk-Krimi mit unheimlichem Unterton &#8211; <em>Rauhnacht<\/em>.<br \/>\nSeit gestern ist das Cover des Buches bekannt. So sieht es aus \ud83d\ude42 \u00dcbrigens ist das sch\u00f6ne Cover von <a title=\"TK-Arts\" href=\"http:\/\/tkcover.wordpress.com\/\" target=\"_blank\">TK-Arts<\/a>.<\/p>\n<figure id=\"attachment_511\" aria-describedby=\"caption-attachment-511\" style=\"width: 187px\" class=\"wp-caption aligncenter\"><a href=\"https:\/\/lysander1330.files.wordpress.com\/2014\/10\/cover.jpg\"><img loading=\"lazy\" decoding=\"async\" class=\"size-medium wp-image-511\" src=\"https:\/\/lysander1330.files.wordpress.com\/2014\/10\/cover.jpg?w=187\" alt=\"Rauhnacht - Ein Anabelle Talleyrand-Roman\" width=\"187\" height=\"300\" \/><\/a><figcaption id=\"caption-attachment-511\" class=\"wp-caption-text\">Rauhnacht &#8211; Ein Anabelle Talleyrand-Roman<\/figcaption><\/figure>\n<p>Der Klappentext wird jetzt noch nicht bekannt gegeben, aber sobald der Verlag sein Okay gibt, kommt mehr dazu.<br \/>\nVorerst nur so viel, im London des Jahres 1876 gibt es einen sehr unheimlichen und kalten Winter, der selbst die hei\u00dfbl\u00fctige Magierin Zaida durchk\u00fchlt und Ana etliche R\u00e4tsel aufgibt \ud83d\ude09<\/p>\n<p>Genre: Steampunk\/ Krimi\/ Mystery<br \/>\nVerlag: Weltenschmiede<br \/>\nErscheinungstermin: 07.11.2014<br \/>\nFormat: eBook<\/p>\n<p>Auf folgenden Lesungen gibt es aus Rauhnacht ein paar H\u00e4ppchen:<br \/>\n18.10.2014 &#8211; Lesecaf\u00e9 Wiesbaden<br \/>\n19.10.2014 &#8211; Autorenbuchmesse Ingelheim<br \/>\n01.11.2014 &#8211; YaYuCo Dachau<\/p>\n<p>Wer gerade in der Gegend ist, darf gern vorbeischauen.<\/p>\n","protected":false},"excerpt":{"rendered":"<p>Im November erscheint bei der Weltenschmiede mein neuster Roman, ein Steampunk-Krimi mit unheimlichem Unterton &#8211; Rauhnacht. Seit gestern ist das Cover des Buches bekannt. So sieht es aus \ud83d\ude42 \u00dcbrigens ist das sch\u00f6ne Cover von TK-Arts. Der Klappentext wird jetzt noch nicht bekannt gegeben, aber sobald der Verlag sein Okay gibt, kommt mehr dazu. Vorerst&#8230;<\/p>\n","protected":false},"author":1,"featured_media":512,"comment_status":"open","ping_status":"open","sticky":false,"template":"","format":"standard","meta":{"_jetpack_memberships_contains_paid_content":false,"footnotes":""},"categories":[421,24,25,63],"tags":[153,157,250,260,274,370,406],"class_list":["post-619","post","type-post","status-publish","format-standard","has-post-thumbnail","hentry","category-blog","category-bucher","category-das-gewicht-einer-seele","category-rauhnacht","tag-ebooks","tag-erotischer-roman","tag-krimi","tag-lesbisch","tag-literatur","tag-steampunk","tag-weltenschmiede-verlag"],"jetpack_sharing_enabled":true,"jetpack_featured_media_url":"https:\/\/www.schattengrenzen.de\/wp-content\/uploads\/2014\/10\/cover-e1415818303692.jpg","_links":{"self":[{"href":"https:\/\/www.schattengrenzen.de\/index.php?rest_route=\/wp\/v2\/posts\/619","targetHints":{"allow":["GET"]}}],"collection":[{"href":"https:\/\/www.schattengrenzen.de\/index.php?rest_route=\/wp\/v2\/posts"}],"about":[{"href":"https:\/\/www.schattengrenzen.de\/index.php?rest_route=\/wp\/v2\/types\/post"}],"author":[{"embeddable":true,"href":"https:\/\/www.schattengrenzen.de\/index.php?rest_route=\/wp\/v2\/users\/1"}],"replies":[{"embeddable":true,"href":"https:\/\/www.schattengrenzen.de\/index.php?rest_route=%2Fwp%2Fv2%2Fcomments&post=619"}],"version-history":[{"count":1,"href":"https:\/\/www.schattengrenzen.de\/index.php?rest_route=\/wp\/v2\/posts\/619\/revisions"}],"predecessor-version":[{"id":1271,"href":"https:\/\/www.schattengrenzen.de\/index.php?rest_route=\/wp\/v2\/posts\/619\/revisions\/1271"}],"wp:featuredmedia":[{"embeddable":true,"href":"https:\/\/www.schattengrenzen.de\/index.php?rest_route=\/wp\/v2\/media\/512"}],"wp:attachment":[{"href":"https:\/\/www.schattengrenzen.de\/index.php?rest_route=%2Fwp%2Fv2%2Fmedia&parent=619"}],"wp:term":[{"taxonomy":"category","embeddable":true,"href":"https:\/\/www.schattengrenzen.de\/index.php?rest_route=%2Fwp%2Fv2%2Fcategories&post=619"},{"taxonomy":"post_tag","embeddable":true,"href":"https:\/\/www.schattengrenzen.de\/index.php?rest_route=%2Fwp%2Fv2%2Ftags&post=619"}],"curies":[{"name":"wp","href":"https:\/\/api.w.org\/{rel}","templated":true}]}}