{"id":58,"date":"2013-03-12T19:16:47","date_gmt":"2013-03-12T19:16:47","guid":{"rendered":"http:\/\/lysander1330.wordpress.com\/?p=58"},"modified":"2018-04-13T17:52:18","modified_gmt":"2018-04-13T17:52:18","slug":"romanveroffentlichung-glasseelen-schattenzen-i","status":"publish","type":"post","link":"https:\/\/www.schattengrenzen.de\/?p=58","title":{"rendered":"Romanver\u00f6ffentlichung Glasseelen &#8211; Schattenzen I"},"content":{"rendered":"<p>Der erste Roman aus der <em>Schattengrenzen<\/em>-Reihe ging am 01.01.2013 bei <strong>Bookshouse<\/strong> an den Start.<\/p>\n<h3>Kurzbeschreibung<\/h3>\n<p>F\u00fcr die 19-j\u00e4hrige Camilla und ihre Freundin Theresa endet ein Museumsausflug mit einem Schock. Ein Mann st\u00fcrzt sich vor ihren F\u00fc\u00dfen zu Tode. Seine Augen l\u00f6sen sich in Staub auf, aus seiner Hand rollen blutige Aug\u00e4pfel. Steht der Suizid in Zusammenhang mit einem wahnsinnigen M\u00f6rder, der sein Unwesen in Berlin treibt? Bereits mehrere junge Frauen sind ihm zum Opfer gefallen. Die verst\u00fcmmelten Leichen verbindet ein grausiges Merkmal: herausgeschnittene Augen.<\/p>\n<p>Obwohl sich Camilla und Theresa unter der Betreuung einer Psychotherapeutin und der Polizei in Sicherheit w\u00e4hnen, nimmt der Serienkiller sie ins Visier. Von Panik getrieben ger\u00e4t Camilla in die Unterwelt der Hauptstadt und st\u00f6\u00dft auf r\u00e4tselhafte Menschen. K\u00f6nnen der greise Amadeo oder der attraktive Chris sie vor ihrem fanatischen Verfolger retten? Mit dem Namen \u201eSandmann\u201c gibt Chris ihr einen entscheidenden Hinweis, doch der Killer ist nicht leicht zu \u00fcberlisten. Um seinen Attacken zu entkommen, muss sich Camilla nicht nur ihrem Peiniger stellen. Sie entdeckt eine \u00fcbersinnliche F\u00e4higkeit, die vielleicht besser im Verborgenen geblieben w\u00e4re \u2026<\/p>\n<div>\n<h3>Charaktere &amp; Inhalt<\/h3>\n<p><b>Alter der Protagonisten:\u00a0<\/b>Junge Erwachsene<\/p>\n<p><b>Handlungsorte:\u00a0<\/b>Berlin &amp; Ancienne Cologne,\u00a0eine Enklave in Berlins\u00a0&#8220;Unterwelt&#8221;<\/p>\n<p><b>Genre:\u00a0<\/b>Thriller mit Mystery-\/Fantasyelementen<\/p>\n<p><strong>Leseprobe:<\/strong><\/p>\n<p>PDF\u00a0<a title=\"Leseprobe PDF\" href=\"http:\/\/www.bookshouse.de\/leseproben\/10\/10.pdf\" target=\"_blank\">http:\/\/www.bookshouse.de\/leseproben\/10\/10.pdf<\/a><\/p>\n<p>TXT\u00a0<a title=\"Leseprobe Textformat\" href=\"http:\/\/www.bookshouse.de\/system\/tools\/leseprobe.cfm?061F530940034D1C161C070C534066172B59383A260E041A0B034451E4\" target=\"_blank\">http:\/\/www.bookshouse.de\/system\/tools\/leseprobe.cfm?061F530940034D1C161C070C534066172B59383A260E041A0B034451E4<\/a><\/p>\n<\/div>\n<p>Der Roman ist \u00fcber den Verlag und Amazon zu erhalten:<\/p>\n<p><a title=\"Glasseelen - Schattengrenzen I, Bookshouse\" href=\"http:\/\/www.bookshouse.de\/buecher\/Glasseelen___Schattengrenzen\/\" target=\"_blank\">http:\/\/www.bookshouse.de\/buecher\/Glasseelen___Schattengrenzen\/<\/a><\/p>\n<p><a title=\"Amazon\" href=\"http:\/\/www.amazon.de\/Glasseelen-Schattengrenzen-1-ebook\/dp\/B00BE515EA\/ref=sr_1_1?ie=UTF8&amp;qid=1363115647&amp;sr=8-1\" target=\"_blank\">http:\/\/www.amazon.de\/Glasseelen-Schattengrenzen-1-ebook\/dp\/B00BE515EA\/ref=sr_1_1?ie=UTF8&amp;qid=1363115647&amp;sr=8-1<\/a><br \/>\n<span style=\"text-decoration:underline;\"><a href=\"http:\/\/www.vee-jas.de\/Schattengrenzen\/images\/cover01.jpg\" target=\"_blank\"><img loading=\"lazy\" decoding=\"async\" alt=\"\" src=\"http:\/\/www.vee-jas.de\/Schattengrenzen\/images\/cover01_small.jpg\" width=\"100\" height=\"144\" \/><\/a><br \/>\n<\/span>Glasseelen &#8211; Schattengrenzen 1<span style=\"text-decoration:underline;\"><br \/>\n<\/span>Verlag: Bookshouse Verlag<span style=\"text-decoration:underline;\"><br \/>\n<\/span>erscheint: Januar 2013<\/p>\n","protected":false},"excerpt":{"rendered":"<p>Der erste Roman aus der Schattengrenzen-Reihe ging am 01.01.2013 bei Bookshouse an den Start. Kurzbeschreibung F\u00fcr die 19-j\u00e4hrige Camilla und ihre Freundin Theresa endet ein Museumsausflug mit einem Schock. Ein Mann st\u00fcrzt sich vor ihren F\u00fc\u00dfen zu Tode. Seine Augen l\u00f6sen sich in Staub auf, aus seiner Hand rollen blutige Aug\u00e4pfel. Steht der Suizid in&#8230;<\/p>\n","protected":false},"author":1,"featured_media":0,"comment_status":"open","ping_status":"open","sticky":false,"template":"","format":"standard","meta":{"_jetpack_memberships_contains_paid_content":false,"footnotes":""},"categories":[421,24,32,13,14,18],"tags":[],"class_list":["post-58","post","type-post","status-publish","format-standard","hentry","category-blog","category-bucher","category-glasseelen-schattengrenzen-i","category-projekte","category-schattengrenzen","category-veroffentlichungen"],"jetpack_sharing_enabled":true,"jetpack_featured_media_url":"","_links":{"self":[{"href":"https:\/\/www.schattengrenzen.de\/index.php?rest_route=\/wp\/v2\/posts\/58","targetHints":{"allow":["GET"]}}],"collection":[{"href":"https:\/\/www.schattengrenzen.de\/index.php?rest_route=\/wp\/v2\/posts"}],"about":[{"href":"https:\/\/www.schattengrenzen.de\/index.php?rest_route=\/wp\/v2\/types\/post"}],"author":[{"embeddable":true,"href":"https:\/\/www.schattengrenzen.de\/index.php?rest_route=\/wp\/v2\/users\/1"}],"replies":[{"embeddable":true,"href":"https:\/\/www.schattengrenzen.de\/index.php?rest_route=%2Fwp%2Fv2%2Fcomments&post=58"}],"version-history":[{"count":1,"href":"https:\/\/www.schattengrenzen.de\/index.php?rest_route=\/wp\/v2\/posts\/58\/revisions"}],"predecessor-version":[{"id":1334,"href":"https:\/\/www.schattengrenzen.de\/index.php?rest_route=\/wp\/v2\/posts\/58\/revisions\/1334"}],"wp:attachment":[{"href":"https:\/\/www.schattengrenzen.de\/index.php?rest_route=%2Fwp%2Fv2%2Fmedia&parent=58"}],"wp:term":[{"taxonomy":"category","embeddable":true,"href":"https:\/\/www.schattengrenzen.de\/index.php?rest_route=%2Fwp%2Fv2%2Fcategories&post=58"},{"taxonomy":"post_tag","embeddable":true,"href":"https:\/\/www.schattengrenzen.de\/index.php?rest_route=%2Fwp%2Fv2%2Ftags&post=58"}],"curies":[{"name":"wp","href":"https:\/\/api.w.org\/{rel}","templated":true}]}}