{"id":532,"date":"2015-01-18T17:07:17","date_gmt":"2015-01-18T17:07:17","guid":{"rendered":"https:\/\/lysander1330.wordpress.com\/?p=532"},"modified":"2018-04-13T17:37:36","modified_gmt":"2018-04-13T17:37:36","slug":"9-mm","status":"publish","type":"post","link":"https:\/\/www.schattengrenzen.de\/?p=532","title":{"rendered":"9 mm"},"content":{"rendered":"<p><em>Ein Tramper, dessen Hemd Blutdurchtr\u00e4nkt ist und ein Trucker, der eine Pistole tr\u00e4gt &#8230;<br \/>\nDas aufeinandertreffen von Jens und Christoph verhei\u00dft nichts Gutes.<\/em><\/p>\n<p>9 mm (ehemals unter Gay-Thriller deklariert) gewinnt nun langsam an Struktur.<br \/>\nEinigen von euch d\u00fcrfte <a title=\"Verborgener Feind\" href=\"https:\/\/lysander1330.wordpress.com\/2013\/06\/24\/verborgener-feind\/\" target=\"_blank\">Verborgener Feind<\/a> bereits bis zu einem gewissen Grad bekannt sein. Nun gibt es dazu einen <em>zweifachen<\/em> Auftakt in Novellenl\u00e4nge.<br \/>\nIm Rahmen der\u00a0<strong><a title=\"YAMETE\" href=\"https:\/\/www.facebook.com\/yametedieyaoianthologie?fref=ts\" target=\"_blank\">YAMETE &#8211; Yaoi Anthologie<\/a><\/strong>, die von der Illustratorin, Autorin und Comic-Zeichnerin <a title=\"Miriam Kani\u00df - K\u00fcnstlerseite\" href=\"http:\/\/www.obscurcouleur.de\/\" target=\"_blank\">Miriam Kani\u00df<\/a> herausgegeben wird, haben meine Freundin und Partnerin <a title=\"Fantastische Kinderb\u00fccher \u2013 Assjah\" href=\"https:\/\/julianeseidel.wordpress.com\/\" target=\"_blank\">Juliane Seidel<\/a> und ich jeweils eine Novelle geschrieben, die auf den Beginn vom <em>Verborgener Feind<\/em> hinaus l\u00e4uft. Beim \u00dcberlegen und Planen haben wir uns anschlie\u00dfend dazu entschlossen, eine gemeinsame Reihe anzufangen, die sich immer wieder kreuzen soll; also eine Sammlung schwuler Thriller, die alle im gleichen &#8220;<em>Kontinuum<\/em>&#8221; spielen sollen.<br \/>\nIn Julianes Novelle <em>Rotten Game<\/em> wird aus der Sicht des Mulatten Jay erz\u00e4hlt, der im verborgenen Feind Christophs Gegenst\u00fcck ist.<br \/>\nIn ihrer Geschichte ist (au\u00dfer dem charmanten Jay) die Location besonders reizvoll &#8211; die ber\u00fchmten <a title=\"Beelitzer Heilst\u00e4tten\" href=\"http:\/\/de.wikipedia.org\/wiki\/Beelitz-Heilst%C3%A4tten\" target=\"_blank\">Beelitzer Heilst\u00e4tten<\/a>.<br \/>\nBei mir &#8230; was soll ich sagen? Lest einfach selbst in das erste Kapitel.<\/p>\n<p>&#8212;<\/p>\n<p>Jens\u2018 Atem floss rasselnd durch Hals und Lungen, gab ein Echo mit sp\u00fcrbaren Ersch\u00fctterungen aus seiner Brust wieder. Seine Kleidung klebte an ihm. Schwei\u00df rann \u00fcber seine Stirn in seine Brauen, tropfte in seine Augen, sodass sie brannten und rann \u00fcber Nase und Wangen.<\/p>\n<p>Sein Herz raste, als wolle es seine Brust sprengen und seine Haut prickelte. Seine Lungen waren zu eng, nicht in der Lage Sauerstoff aufzunehmen.<\/p>\n<p>Die umfassende Dunkelheit seines Verstecks brach, als ein Rollladen im Erdgeschoss des Hinterhauses nach oben gezogen wurde und Licht ein weiteres Rechteck Helligkeit in die Nacht schnitt.<\/p>\n<p><em>Nah, viel zu nah!<\/em><\/p>\n<p>Alles an ihm elektrisierte. Er zitterte, fror und schwitzte, vollkommen ungeachtet der Sommerhitze, die Asphalt und Mauern ausatmeten.<\/p>\n<p>Eng presste er sich an die Rauputzwand und duckte sich in den Schatten des Kelleraufgangs.<\/p>\n<p>Noch immer kamen Leute aus den umliegenden Geb\u00e4uden gelaufen, weil sie von dieser Seite aus ihren Fenstern zu wenig sehen konnten.<\/p>\n<p><em>Diese Aasgeier \u2026<\/em><\/p>\n<p>Schritte verklangen. Er wartete.<\/p>\n<p>Nichts.<\/p>\n<p>Nach einer Weile hob Jens den Kopf und sp\u00e4hte die Treppe hinauf. Ein Paar nackter Beine huschte durch sein Sichtfeld. Rasch zog er den Kopf wieder ein und kauerte sich auf die Stufe der Kellert\u00fcr.<\/p>\n<p><em>Warten \u2013 verdammt! Wie lang noch?<\/em><\/p>\n<p>Wahrscheinlich riegelten sie die ganze Gegend ab. Er musste hier fort! Erneut reckte er sich. Stumm flackerndes Blaulicht zerriss die Nacht. Der kalte Schein reflektierte an schmutzig graubraunen W\u00e4nden alter H\u00e4user aus der Vorkriegszeit und flackerte auf den K\u00f6rpern von M\u00e4nnern und Frauen in Nachthemden, Schlafanz\u00fcgen und Morgenr\u00f6cken. Einige wirkten aufgeregt, entsetzt, neugierig, zugleich aber nicht weniger graubraun und unwichtig als ihre Umgebung. Die meisten starrten reglos und dumpf vor sich hin. Unter ihnen stand ein hagerer, gebeugter Mann, dessen Haltung verkrampft und noch lebensfremder wirkte als die der anderen.<\/p>\n<p>War das nicht Marcos Vater? Vielleicht.<\/p>\n<p>Ein Schauder rann ihm \u00fcber den R\u00fccken. Mit ihm kamen sinnfrei aneinandergereihte Fragmente der letzten Minuten zur\u00fcck.<\/p>\n<p>Das h\u00fcbsche, braungebrannte Gesicht, was von einem Moment zum anderen seine Form verlor und nur noch ein Brei aus Muskeln, geplatzter Haut und Blut war \u2026 Der Knall, dessen Ersch\u00fctterung er zu sp\u00fcren geglaubt hatte, Stimmen, laute die die n\u00e4chtliche Stille zerrissen, das Gellen in seinen Ohren, hei\u00dfes Metall, an dem er seine Finger verbrannt hatte &#8211; Eindr\u00fccke ohne Konsistenz und Reihenfolge.<\/p>\n<p>Wie hatte er es \u00fcberhaupt aus der Wohnung bis hierher geschafft? Jens wusste es nicht mehr.<\/p>\n<p>Jens schloss die Augen. Bewusst langsam atmete er ein und aus. Ein Zittern lief durch ihn. K\u00e4lte kroch aus seinen Knochen und vertrieb die Rest-Hitze der Flucht. Pl\u00f6tzlich k\u00fchlte der Schwei\u00df, lie\u00df ihn frieren. In ihm ballte sich die Leere, zog sich zusammen und dr\u00e4ngte in seine Kehle. Luft holen konnte er kaum noch.<\/p>\n<p>Was war das? Hatte er Angst?<\/p>\n<p>Die Stiefel der Uniformierten hallten auf dem Asphalt nach.<\/p>\n<p>Das Ger\u00e4usch rann durch seine Adern, kroch seine Wirbel herauf und sammelte sich als eisiger Druck in seiner Sch\u00e4delbasis. Hier, in der Dunkelheit zwischen den Wohnbl\u00f6cken gab es keine Sicherheit. Er musste weg aber mit dem klebrig nassen Blutfleck auf seinem T-Shirt fiel er auf. Rasch zog er die B\u00e4nder seines Rucksacks auf und holte sein Kapuzenshirt heraus. Seine Finger ber\u00fchrten das Metall der Pistole. Vor einem Moment war sie noch warm gewesen. Die K\u00e4lte, die jetzt davon ausging verbrannte ihn fast. Er zog die Hand zur\u00fcck. Warum hatte er sie mitgenommen?<\/p>\n<p>Er h\u00e4tte sie nie ber\u00fchren sollen. Nun waren seine Fingerabdr\u00fccke darauf. Schei\u00df-Waffe \u2026 Weg damit, vielleicht in die Isar!<\/p>\n<p>Halt, nein, was wenn er sie brauchte? Er war der perfekte Verd\u00e4chtige, der potentielle M\u00f6rder.<\/p>\n<p>Jens sch\u00fcttelte den Gedanken ab. Das war nicht die Zeit sich dar\u00fcber den Kopf zu zerbrechen. Er streifte sein Shirt \u00fcber.<\/p>\n<p>Langsam hob er den Rucksack wieder auf seinen R\u00fccken und machte sich bereit.<\/p>\n<p>Jens schob sich Stufe um Stufe hinauf. Wenn er rannte, bemerkte man ihn. Nein, er musste langsam gehen, ruhig bleiben, vielleicht kurz zusehen.<\/p>\n<p>Hoffentlich erkannte ihn niemand. Hoffentlich \u2026<\/p>\n<p>&#8212;<\/p>\n<p>Und hier ein bisschen Werbung dazu:<br \/>\nDer Thriller &#8220;9 mm &#8211; Schwei\u00df und Blut&#8221; erwartet euch in der Anthologie.<br \/>\nDie <em>Bad Boys<\/em> werden euch auf 300 Seiten einheizen &#8211; 6 Mangastorys, 2 Geschichten und 3 Illustrationen aus dem Genre: Thriller.<\/p>\n<p>Der Band erscheint zur LBM 2015 und wird die Beitr\u00e4ge von 14 Zeichnern und Autoren beinhalten beinhalten:<br \/>\n<span class=\"axx_username\"><span class=\"axx_userfenster_caller axx_userfenster_st1\">wishmistress<\/span><\/span>, <span class=\"axx_username\"><span class=\"axx_userfenster_caller axx_userfenster_st1\">Kyolover<\/span><\/span>, <span class=\"axx_username\"><span class=\"axx_userfenster_caller axx_userfenster_st1\">BloodyVogelchen<\/span><\/span>, <span class=\"axx_username\"><span class=\"axx_userfenster_caller axx_userfenster_st1\">Koriko (Julliane Seidel)<\/span><\/span>, <span class=\"axx_username\"><span class=\"axx_userfenster_caller axx_userfenster_st1\">beJ<\/span><\/span>, <span class=\"axx_username\"><span class=\"vereinsmiley goldkaro\" title=\"Vereinsmitglied - Animexx Gold\">\u00a0<\/span><span class=\"axx_userfenster_caller axx_userfenster_st1\">SeductionParade<\/span><\/span>, <span class=\"axx_username\"><span class=\"axx_userfenster_caller axx_userfenster_st1\">Leviathen<\/span><\/span>, <span class=\"axx_username\"><span class=\"axx_userfenster_caller axx_userfenster_st1\">Tesla (Miriam Kani\u00df)<\/span><\/span>, <span class=\"axx_username\"><span class=\"axx_userfenster_caller axx_userfenster_st1\">YakuzaPanda<\/span><\/span>, <span class=\"axx_username\"><span class=\"axx_userfenster_caller axx_userfenster_st1\">Tamura666<\/span><\/span>, <span class=\"axx_username\"><span class=\"axx_userfenster_caller axx_userfenster_st1\">Eisblume<\/span><\/span>, <span class=\"axx_username\"><span class=\"axx_userfenster_caller axx_userfenster_st1\">LuluBunny<\/span><\/span>, <span class=\"axx_username\"><span class=\"axx_userfenster_caller axx_userfenster_st1\">MKArtworks<\/span><\/span> und mir.<\/p>\n<p>Vorbestellen k\u00f6nnt ihr bei <span class=\"axx_username\"><span class=\"axx_userfenster_caller axx_userfenster_st1\">Miriam<\/span><\/span>. Der Band wird 12\u20ac (zzgl. 2,20 \u20ac Versand) kosten und kann verschickt oder auf allen Cons gekauft werden, die Miriam besucht.<\/p>\n<p><a href=\"https:\/\/lysander1330.files.wordpress.com\/2015\/01\/yamete.jpg\"><img loading=\"lazy\" decoding=\"async\" class=\"aligncenter size-medium wp-image-534\" src=\"https:\/\/lysander1330.files.wordpress.com\/2015\/01\/yamete.jpg?w=210\" alt=\"yamete\" width=\"210\" height=\"300\" srcset=\"https:\/\/www.schattengrenzen.de\/wp-content\/uploads\/2015\/01\/yamete.jpg 671w, https:\/\/www.schattengrenzen.de\/wp-content\/uploads\/2015\/01\/yamete-210x300.jpg 210w\" sizes=\"auto, (max-width: 210px) 100vw, 210px\" \/><\/a><\/p>\n<p>Dar\u00fcber hinaus erschheint <em>9 mm &#8211; Rotten Games<\/em> wie auch<em> 9 mm &#8211; Schwei\u00df und Blut<\/em> bald in vollst\u00e4ndiger Form als eBook und Printbuch.<br \/>\nMehr dar\u00fcber in K\u00fcrze \ud83d\ude09<\/p>\n","protected":false},"excerpt":{"rendered":"<p>Ein Tramper, dessen Hemd Blutdurchtr\u00e4nkt ist und ein Trucker, der eine Pistole tr\u00e4gt &#8230; Das aufeinandertreffen von Jens und Christoph verhei\u00dft nichts Gutes. 9 mm (ehemals unter Gay-Thriller deklariert) gewinnt nun langsam an Struktur. Einigen von euch d\u00fcrfte Verborgener Feind bereits bis zu einem gewissen Grad bekannt sein. Nun gibt es dazu einen zweifachen Auftakt&#8230;<\/p>\n","protected":false},"author":1,"featured_media":0,"comment_status":"open","ping_status":"open","sticky":false,"template":"","format":"standard","meta":{"_jetpack_memberships_contains_paid_content":false,"footnotes":""},"categories":[21,421,9,13,46,18],"tags":[72,81,94,97,156,176,206,210,250,295,297,379,414],"class_list":["post-532","post","type-post","status-publish","format-standard","hentry","category-9-mm","category-blog","category-juliane-seidel","category-projekte","category-schweis-und-blut","category-veroffentlichungen","tag-action","tag-anthologie","tag-beelitzer-heilstatten","tag-berlin","tag-erotik","tag-gay","tag-homoerotik","tag-homosexualitat","tag-krimi","tag-miriam-kanis","tag-mulatte","tag-thriller","tag-yaoi"],"jetpack_sharing_enabled":true,"jetpack_featured_media_url":"","_links":{"self":[{"href":"https:\/\/www.schattengrenzen.de\/index.php?rest_route=\/wp\/v2\/posts\/532","targetHints":{"allow":["GET"]}}],"collection":[{"href":"https:\/\/www.schattengrenzen.de\/index.php?rest_route=\/wp\/v2\/posts"}],"about":[{"href":"https:\/\/www.schattengrenzen.de\/index.php?rest_route=\/wp\/v2\/types\/post"}],"author":[{"embeddable":true,"href":"https:\/\/www.schattengrenzen.de\/index.php?rest_route=\/wp\/v2\/users\/1"}],"replies":[{"embeddable":true,"href":"https:\/\/www.schattengrenzen.de\/index.php?rest_route=%2Fwp%2Fv2%2Fcomments&post=532"}],"version-history":[{"count":1,"href":"https:\/\/www.schattengrenzen.de\/index.php?rest_route=\/wp\/v2\/posts\/532\/revisions"}],"predecessor-version":[{"id":1265,"href":"https:\/\/www.schattengrenzen.de\/index.php?rest_route=\/wp\/v2\/posts\/532\/revisions\/1265"}],"wp:attachment":[{"href":"https:\/\/www.schattengrenzen.de\/index.php?rest_route=%2Fwp%2Fv2%2Fmedia&parent=532"}],"wp:term":[{"taxonomy":"category","embeddable":true,"href":"https:\/\/www.schattengrenzen.de\/index.php?rest_route=%2Fwp%2Fv2%2Fcategories&post=532"},{"taxonomy":"post_tag","embeddable":true,"href":"https:\/\/www.schattengrenzen.de\/index.php?rest_route=%2Fwp%2Fv2%2Ftags&post=532"}],"curies":[{"name":"wp","href":"https:\/\/api.w.org\/{rel}","templated":true}]}}