{"id":515,"date":"2014-11-12T18:55:09","date_gmt":"2014-11-12T18:55:09","guid":{"rendered":"http:\/\/lysander1330.wordpress.com\/?p=515"},"modified":"2018-04-13T17:38:14","modified_gmt":"2018-04-13T17:38:14","slug":"rauhnacht","status":"publish","type":"post","link":"https:\/\/www.schattengrenzen.de\/?p=515","title":{"rendered":"Rauhnacht"},"content":{"rendered":"<p><em>Ein eisiger Winter h\u00e4lt London fest im Griff. Die Temperaturen fallen stetig, Erfrierungsopfer stehen auf der Tagesordnung. Doch die Leiche, die Anabelle in Augenschein nehmen soll, sieht aus, als sei sie zu Tode erschreckt worden. Blankes Entsetzen steht ihr ins Gesicht geschrieben. Als Anabelle von einem k\u00f6rperlosen Gesch\u00f6pf aus Wind und Eis angegriffen wird und die Tote sich erhebt, ist klar: Hier geht etwas nicht mit rechten Dingen zu.<\/em><br \/>\n<em>Zusammen mit ihrer Freundin Zaida, einer begabten Magierin, geht sie den mysteri\u00f6sen Vorkommnissen auf den Grund und st\u00f6\u00dft dabei auf eine alte Sagengestalt aus Russland.<\/em><\/p>\n<p>Mein lesbischer Steampunk-Krimi ist im Weltenschmiede-Verlag erschienen und seit dem 07.11.2014 ist\u00a0&#8220;Rauhnacht&#8221; \u00fcber den Verlag erh\u00e4ltlich.<br \/>\nDas Buch ist ausschlie\u00dflich eine eBook-Ver\u00f6ffentlichung und kostet 4,99 \u20ac. Vorerst ist er \u00fcber den <a title=\"Weltenschmiede-Verlag\" href=\"http:\/\/weltenschmiedeverlag.de\/?p=243\" target=\"_blank\">Verlag <\/a>erh\u00e4ltlich.<\/p>\n<figure id=\"attachment_511\" aria-describedby=\"caption-attachment-511\" style=\"width: 187px\" class=\"wp-caption aligncenter\"><a href=\"https:\/\/lysander1330.files.wordpress.com\/2014\/10\/cover.jpg\"><img loading=\"lazy\" decoding=\"async\" class=\"size-medium wp-image-511\" src=\"https:\/\/lysander1330.files.wordpress.com\/2014\/10\/cover.jpg?w=187\" alt=\"Rauhnacht - Ein Anabelle Talleyrand-Roman\" width=\"187\" height=\"300\" \/><\/a><figcaption id=\"caption-attachment-511\" class=\"wp-caption-text\">Rauhnacht &#8211; Ein Anabelle Talleyrand-Roman<\/figcaption><\/figure>\n<p>Am Samstag den 22.11. lese ich auf der <a title=\"Dreieich Con 2014\" href=\"http:\/\/http:\/\/www.dreieichcon.de\/\" target=\"_blank\">Dreieich Con<\/a> in Dreieich Sprendlingen.<br \/>\nAllerdings wird es hierzu auch eine Leserunde auf LovelyBooks geben, die ich einrichte, sobald das Buch auch auf Amazon geleistet ist. Hierbei gibt es nicht nur die eBook-Exemplare sondern auch ein paar Poster von den beiden Damen und die eine oder andere Zeichnung.<\/p>\n<p>Hier ein kleiner Auszug aus dem ersten Kapitel:<br \/>\n<em>Anabelle hob Mantel und R\u00f6cke an, um sich vor der Toten niederzuknien.<\/em><br \/>\n<em>Der Anblick des w\u00e4chsern bleichen Gesichts besa\u00df etwas Erschreckendes. Unter den eisverkrusteten Brauen standen die Augen weit offen, sodass die Augenwinkel beinah ausgerissen zu sein schienen. Die Iris wirkte fahl und zugleich stark erweitert. Auch wenn sich das feine Ge\u00e4st geplatzter \u00c4derchen unter dem Reif nur erahnen lie\u00df, so musste sie im letzten Augenblick ihres Lebens nahezu rote Augen gehabt haben. Zugleich hielt sie die Nase kraus gezogen und die Z\u00e4hne aufeinander gepresst.<\/em><br \/>\n<em>Wahrscheinlich lie\u00dfen sich die Kiefer selbst im aufgetauten Zustand mit nichts mehr auseinanderzwingen.<\/em><br \/>\n<em>Was immer sie get\u00f6tet hatte, war sicher nicht nur die K\u00e4lte gewesen. Eher schien sie zu Tode erschrocken worden zu sein oder hatte in ihren letzten Augenblicken versucht, sich ihres Angreifers zu erwehren.<\/em><br \/>\n<em>Anabelle konnte den Blick kaum von dem Gesicht abwenden. Dieses Entsetzte, Maskenhafte in ihren w\u00e4chsernen Z\u00fcgen besa\u00df eine beinah hypnotische Wirkung.<\/em><\/p>\n","protected":false},"excerpt":{"rendered":"<p>Ein eisiger Winter h\u00e4lt London fest im Griff. Die Temperaturen fallen stetig, Erfrierungsopfer stehen auf der Tagesordnung. Doch die Leiche, die Anabelle in Augenschein nehmen soll, sieht aus, als sei sie zu Tode erschreckt worden. Blankes Entsetzen steht ihr ins Gesicht geschrieben. Als Anabelle von einem k\u00f6rperlosen Gesch\u00f6pf aus Wind und Eis angegriffen wird und&#8230;<\/p>\n","protected":false},"author":1,"featured_media":84,"comment_status":"open","ping_status":"open","sticky":false,"template":"","format":"standard","meta":{"_jetpack_memberships_contains_paid_content":false,"footnotes":""},"categories":[421,24,25,11,63],"tags":[76,153,157,250,260,266,277,370,406],"class_list":["post-515","post","type-post","status-publish","format-standard","has-post-thumbnail","hentry","category-blog","category-bucher","category-das-gewicht-einer-seele","category-neuerscheinungen","category-rauhnacht","tag-aktuelles","tag-ebooks","tag-erotischer-roman","tag-krimi","tag-lesbisch","tag-leserunde","tag-lovelybooks","tag-steampunk","tag-weltenschmiede-verlag"],"jetpack_sharing_enabled":true,"jetpack_featured_media_url":"https:\/\/www.schattengrenzen.de\/wp-content\/uploads\/2013\/03\/die-nacht-der-schwc3a4ne_kl.jpg","_links":{"self":[{"href":"https:\/\/www.schattengrenzen.de\/index.php?rest_route=\/wp\/v2\/posts\/515","targetHints":{"allow":["GET"]}}],"collection":[{"href":"https:\/\/www.schattengrenzen.de\/index.php?rest_route=\/wp\/v2\/posts"}],"about":[{"href":"https:\/\/www.schattengrenzen.de\/index.php?rest_route=\/wp\/v2\/types\/post"}],"author":[{"embeddable":true,"href":"https:\/\/www.schattengrenzen.de\/index.php?rest_route=\/wp\/v2\/users\/1"}],"replies":[{"embeddable":true,"href":"https:\/\/www.schattengrenzen.de\/index.php?rest_route=%2Fwp%2Fv2%2Fcomments&post=515"}],"version-history":[{"count":1,"href":"https:\/\/www.schattengrenzen.de\/index.php?rest_route=\/wp\/v2\/posts\/515\/revisions"}],"predecessor-version":[{"id":1270,"href":"https:\/\/www.schattengrenzen.de\/index.php?rest_route=\/wp\/v2\/posts\/515\/revisions\/1270"}],"wp:featuredmedia":[{"embeddable":true,"href":"https:\/\/www.schattengrenzen.de\/index.php?rest_route=\/wp\/v2\/media\/84"}],"wp:attachment":[{"href":"https:\/\/www.schattengrenzen.de\/index.php?rest_route=%2Fwp%2Fv2%2Fmedia&parent=515"}],"wp:term":[{"taxonomy":"category","embeddable":true,"href":"https:\/\/www.schattengrenzen.de\/index.php?rest_route=%2Fwp%2Fv2%2Fcategories&post=515"},{"taxonomy":"post_tag","embeddable":true,"href":"https:\/\/www.schattengrenzen.de\/index.php?rest_route=%2Fwp%2Fv2%2Ftags&post=515"}],"curies":[{"name":"wp","href":"https:\/\/api.w.org\/{rel}","templated":true}]}}