{"id":487,"date":"2014-03-10T18:42:19","date_gmt":"2014-03-10T18:42:19","guid":{"rendered":"http:\/\/lysander1330.wordpress.com\/?p=487"},"modified":"2018-04-13T17:38:46","modified_gmt":"2018-04-13T17:38:46","slug":"arbeiten-an-die-blaue-phiole","status":"publish","type":"post","link":"https:\/\/www.schattengrenzen.de\/?p=487","title":{"rendered":"Arbeiten an &#8220;Die blaue Phiole&#8221;"},"content":{"rendered":"<p>Wie ihr auf Facebook sicher schon mitbekommen habt, arbeite ich gerade mit ziemlicher Obsession an dem Steam-Fantasy f\u00fcr den <a title=\"Incubus-Verlag\" href=\"http:\/\/www.incubusverlag.de\/\" target=\"_blank\">Incubus-Verlag<\/a>. Die Arbeit geht besser als gut voran. Derzeit habe ich bereits \u00fcber 600 Seiten geschrieben und ich sch\u00e4tze, dass es an die 800 Seiten werden. Aber klar, es ist die Rohversion und es muss noch verdammt viel daran gemacht werden. Das steht aber auch so au\u00dfer Frage.<\/p>\n<p>Zumindest glaube ich, dass die Charaktere ziemlich normal sind, auch wenn sie nicht so aussehen, also keine Helden zum Anschmachten, aber wirkliche Lebewesen &#8211; ja, Lebewesen, denn es sind nicht nur Menschen.<\/p>\n<p>Gwenael Chabod ist mit 42 nicht mehr Taufrisch und durchaus nach 26 Jahren Kriegsdienst als Commandant wohl angesehen. Er ist ein Mensch, in den Augen vieler Humnoiden kurzlebig. Ihm reichen die Jahre aus &#8211; mehr muss er nicht mitnehmen als einen Menschen zustehen.<\/p>\n<figure id=\"attachment_489\" aria-describedby=\"caption-attachment-489\" style=\"width: 474px\" class=\"wp-caption aligncenter\"><a href=\"http:\/\/lysander1330.files.wordpress.com\/2014\/03\/gwenael.jpg\"><img loading=\"lazy\" decoding=\"async\" class=\"size-large wp-image-489\" alt=\"Gwenael Chabod\" src=\"http:\/\/lysander1330.files.wordpress.com\/2014\/03\/gwenael.jpg?w=474\" width=\"474\" height=\"910\" \/><\/a><figcaption id=\"caption-attachment-489\" class=\"wp-caption-text\">Gwenael Chabod<\/figcaption><\/figure>\n<p>Jaleel hingegen ist ein Parhur, ein &#8230; nein, was genau er ist, verrate ich nicht. Er ist schon ein bisschen anders und jung gegen Gwenael, aber als sein Gegenpart geeignet. Besonders Dank seiner Talente als Dieb.<\/p>\n<figure id=\"attachment_490\" aria-describedby=\"caption-attachment-490\" style=\"width: 474px\" class=\"wp-caption aligncenter\"><a href=\"http:\/\/lysander1330.files.wordpress.com\/2014\/03\/jaleel1.jpg\"><img loading=\"lazy\" decoding=\"async\" class=\"size-large wp-image-490\" alt=\"Jaleel\" src=\"http:\/\/lysander1330.files.wordpress.com\/2014\/03\/jaleel1.jpg?w=474\" width=\"474\" height=\"805\" \/><\/a><figcaption id=\"caption-attachment-490\" class=\"wp-caption-text\">Jaleel<\/figcaption><\/figure>\n<p>Marianne Valcaque z\u00e4hlt zu den Damen, die definitiv nicht Modell-Ma\u00dfe besitzen, aber sie ist patent, gewitzt, klug, sensibel, schlagfertig, bereit den Sprung in ein anderes Leben zu vagen.<\/p>\n<figure id=\"attachment_491\" aria-describedby=\"caption-attachment-491\" style=\"width: 474px\" class=\"wp-caption aligncenter\"><a href=\"http:\/\/lysander1330.files.wordpress.com\/2014\/03\/marianne1.jpg\"><img loading=\"lazy\" decoding=\"async\" class=\"size-large wp-image-491\" alt=\"Marianne Valcaque\" src=\"http:\/\/lysander1330.files.wordpress.com\/2014\/03\/marianne1.jpg?w=474\" width=\"474\" height=\"751\" \/><\/a><figcaption id=\"caption-attachment-491\" class=\"wp-caption-text\">Marianne Valcaque<\/figcaption><\/figure>\n<p>Rim Brunot &#8230; nun er ist ein ungebildeter aber sehr lebensweiser Mann, der gern mit anderen Regionen seines K\u00f6rpers denkt, wenn es sich einrichten l\u00e4sst.<\/p>\n<figure id=\"attachment_492\" aria-describedby=\"caption-attachment-492\" style=\"width: 474px\" class=\"wp-caption aligncenter\"><a href=\"http:\/\/lysander1330.files.wordpress.com\/2014\/03\/rim.jpg\"><img loading=\"lazy\" decoding=\"async\" class=\"size-large wp-image-492\" alt=\"Rim Brunot\" src=\"http:\/\/lysander1330.files.wordpress.com\/2014\/03\/rim.jpg?w=474\" width=\"474\" height=\"977\" \/><\/a><figcaption id=\"caption-attachment-492\" class=\"wp-caption-text\">Rim Brunot<\/figcaption><\/figure>\n<p>Antoine Laribe, der S\u00e4ufer, der verrufene Capitaine der S\u00fcdgarnison &#8211; nein, er ist kein Trinker im \u00fcblichen Sinn. Er erstickt nur seinen Gesichtsverlust und wagt nicht mehr eigene Entscheidungen zu treffen &#8211; bis sich ihm eine neue Chance bietet.<\/p>\n<p>Shion hingegen ist der gelangweilte Sohn zweier Gro\u00dfmeister der Magie, der es hasst mit seinen Eltern verglichen zu werden. Seine Chancen sich im Leben zu etablieren kommen und er wei\u00df sie f\u00fcr sich zu nutzen.<\/p>\n<figure id=\"attachment_493\" aria-describedby=\"caption-attachment-493\" style=\"width: 474px\" class=\"wp-caption aligncenter\"><a href=\"http:\/\/lysander1330.files.wordpress.com\/2014\/03\/shion.jpg\"><img loading=\"lazy\" decoding=\"async\" class=\"size-large wp-image-493\" alt=\"Shion\" src=\"http:\/\/lysander1330.files.wordpress.com\/2014\/03\/shion.jpg?w=474\" width=\"474\" height=\"698\" \/><\/a><figcaption id=\"caption-attachment-493\" class=\"wp-caption-text\">Shion<\/figcaption><\/figure>\n<p>So zumindest die wichtigsten Charaktere &#8230;<\/p>\n<p>Und ja, es ist ein Steam-Fantasy. Das Setting entspricht dem ausgehenden Barock und die Dampftechnologie beginnt der Magie den Rang abzulaufen. Fabriken entstehen, die St\u00e4dte weiten sich aus. Zwischendrin der Moloch, der sich Valvermont schimpft, eine gro\u00dfe Freistadt, voll der besten Magier und Priester und voll des Abschaums und der Intrigen.<\/p>\n<p>Nat\u00fcrlich gibt es einen komplexen Fall und auch eine schwule Liebesgeschichte. Dieses Mal, im Gegensatz zu &#8220;Der Rebell&#8221; konnte ich auch eindeutiger werden. Aber die Geschichte \u00fcberwiegt in jedem Fall.<\/p>\n<p>So, genug aus dem N\u00e4hk\u00e4stchen geplaudert \ud83d\ude09 Wen es interessiert: der roman erscheint im n\u00e4chsten Jahr beim Incubus-Verlag \ud83d\ude42<\/p>\n","protected":false},"excerpt":{"rendered":"<p>Wie ihr auf Facebook sicher schon mitbekommen habt, arbeite ich gerade mit ziemlicher Obsession an dem Steam-Fantasy f\u00fcr den Incubus-Verlag. Die Arbeit geht besser als gut voran. Derzeit habe ich bereits \u00fcber 600 Seiten geschrieben und ich sch\u00e4tze, dass es an die 800 Seiten werden. Aber klar, es ist die Rohversion und es muss noch&#8230;<\/p>\n","protected":false},"author":1,"featured_media":0,"comment_status":"open","ping_status":"open","sticky":false,"template":"","format":"standard","meta":{"_jetpack_memberships_contains_paid_content":false,"footnotes":""},"categories":[2,421,52,56,28],"tags":[90,176,217,250,356,368],"class_list":["post-487","post","type-post","status-publish","format-standard","hentry","category-autor","category-blog","category-bucher-anthologiebeitrage-nights-end","category-die-blaue-phiole","category-die-stadt-der-maschinenmagie-nights-end","tag-barock","tag-gay","tag-incubus-verlag","tag-krimi","tag-schwul","tag-steam-fantasy"],"jetpack_sharing_enabled":true,"jetpack_featured_media_url":"","_links":{"self":[{"href":"https:\/\/www.schattengrenzen.de\/index.php?rest_route=\/wp\/v2\/posts\/487","targetHints":{"allow":["GET"]}}],"collection":[{"href":"https:\/\/www.schattengrenzen.de\/index.php?rest_route=\/wp\/v2\/posts"}],"about":[{"href":"https:\/\/www.schattengrenzen.de\/index.php?rest_route=\/wp\/v2\/types\/post"}],"author":[{"embeddable":true,"href":"https:\/\/www.schattengrenzen.de\/index.php?rest_route=\/wp\/v2\/users\/1"}],"replies":[{"embeddable":true,"href":"https:\/\/www.schattengrenzen.de\/index.php?rest_route=%2Fwp%2Fv2%2Fcomments&post=487"}],"version-history":[{"count":1,"href":"https:\/\/www.schattengrenzen.de\/index.php?rest_route=\/wp\/v2\/posts\/487\/revisions"}],"predecessor-version":[{"id":1274,"href":"https:\/\/www.schattengrenzen.de\/index.php?rest_route=\/wp\/v2\/posts\/487\/revisions\/1274"}],"wp:attachment":[{"href":"https:\/\/www.schattengrenzen.de\/index.php?rest_route=%2Fwp%2Fv2%2Fmedia&parent=487"}],"wp:term":[{"taxonomy":"category","embeddable":true,"href":"https:\/\/www.schattengrenzen.de\/index.php?rest_route=%2Fwp%2Fv2%2Fcategories&post=487"},{"taxonomy":"post_tag","embeddable":true,"href":"https:\/\/www.schattengrenzen.de\/index.php?rest_route=%2Fwp%2Fv2%2Ftags&post=487"}],"curies":[{"name":"wp","href":"https:\/\/api.w.org\/{rel}","templated":true}]}}