{"id":435,"date":"2014-02-06T11:22:13","date_gmt":"2014-02-06T11:22:13","guid":{"rendered":"http:\/\/lysander1330.wordpress.com\/?p=435"},"modified":"2018-04-13T17:38:54","modified_gmt":"2018-04-13T17:38:54","slug":"ein-neuer-verlag-das-schwullesbische-lesefestival-und-der-vincent-preis","status":"publish","type":"post","link":"https:\/\/www.schattengrenzen.de\/?p=435","title":{"rendered":"Ein neuer Verlag, das schwullesbische Lesefestival und der Vincent-Preis"},"content":{"rendered":"<p>Ja, mich gibt es noch, so richtig sch\u00f6n erk\u00e4ltet, mit Kopfschmerzen, Husten und besonders Schnupfen. \u00a0Bis morgen bin ich ein rotger\u00e4ndertes R\u00fcsseltier. Okay, genug gejammert &#8230; nun zu den ganzen Neuigkeiten (die mal wieder massiv in einem Klotz kommen).<\/p>\n<p>Zuerst: Anabelle, Zaida und Jewa, meine drei Steampunk-Damen, haben ein Zuhause gefunden. Toni Kuklik, Chefin und Verlegerin im Weltenschmiede-Verlag, hat sich bereit erkl\u00e4rt die Ladies zu ver\u00f6ffentlichen \ud83d\ude42 Es werden Episodengeschichten, Krimis mit unheimlichem Einschlag und Technik. Wer Anabelle und Madame Zaida noch nicht kennt &#8230; der darf sich auf einiges Einrichten \ud83d\ude09<\/p>\n<figure id=\"attachment_84\" aria-describedby=\"caption-attachment-84\" style=\"width: 474px\" class=\"wp-caption aligncenter\"><a href=\"http:\/\/lysander1330.files.wordpress.com\/2013\/03\/die-nacht-der-schwc3a4ne_kl.jpg\"><img loading=\"lazy\" decoding=\"async\" class=\"size-large wp-image-84\" alt=\"Die Nacht der Schw\u00e4ne\" src=\"http:\/\/lysander1330.files.wordpress.com\/2013\/03\/die-nacht-der-schwc3a4ne_kl.jpg?w=474\" width=\"474\" height=\"331\" srcset=\"https:\/\/www.schattengrenzen.de\/wp-content\/uploads\/2013\/03\/die-nacht-der-schwc3a4ne_kl.jpg 1024w, https:\/\/www.schattengrenzen.de\/wp-content\/uploads\/2013\/03\/die-nacht-der-schwc3a4ne_kl-300x210.jpg 300w, https:\/\/www.schattengrenzen.de\/wp-content\/uploads\/2013\/03\/die-nacht-der-schwc3a4ne_kl-768x538.jpg 768w\" sizes=\"auto, (max-width: 474px) 100vw, 474px\" \/><\/a><figcaption id=\"caption-attachment-84\" class=\"wp-caption-text\">Anabelle und Zaida<\/figcaption><\/figure>\n<p>Hier auch noch mal je ein Bild der Damen mit einer kleinen Beschreibung.<\/p>\n<p>Anabelle Talleyrand: franz\u00f6sische Wissenschaftlerin aus Paris, 1867 ermordet und in einen Maschinenk\u00f6rper transferiert, der ihrer eigentlichen Gestalt gar nicht mehr \u00e4hnelt. Seit 1869 in London. 1870 wird sie mit dem Einverst\u00e4ndnis der K\u00f6nigin als Detektivin in ihrem Fachgebiet (der Robotik) eingesetzt. Unterdessen bearbeitet sie mit Zaida und Inspektor Hailey alle F\u00e4lle, die Au\u00dfergew\u00f6hnlich sind und unheimliche Aspekte mit sich bringen.<\/p>\n<figure id=\"attachment_83\" aria-describedby=\"caption-attachment-83\" style=\"width: 335px\" class=\"wp-caption aligncenter\"><a href=\"http:\/\/lysander1330.files.wordpress.com\/2013\/03\/anabelle_kl.jpg\"><img loading=\"lazy\" decoding=\"async\" class=\"size-full wp-image-83\" alt=\"Anabelle Talleyrand\" src=\"http:\/\/lysander1330.files.wordpress.com\/2013\/03\/anabelle_kl.jpg\" width=\"335\" height=\"1000\" srcset=\"https:\/\/www.schattengrenzen.de\/wp-content\/uploads\/2013\/03\/anabelle_kl.jpg 335w, https:\/\/www.schattengrenzen.de\/wp-content\/uploads\/2013\/03\/anabelle_kl-101x300.jpg 101w\" sizes=\"auto, (max-width: 335px) 100vw, 335px\" \/><\/a><figcaption id=\"caption-attachment-83\" class=\"wp-caption-text\">Anabelle Talleyrand<\/figcaption><\/figure>\n<p>Madame Zaida (Nayara): angolanische Magierin, ein &#8220;Mitbringsel&#8221; eines Getreuen aus dem Gefolge K\u00f6nig George III. Zaida sah es als willkommene Chance dem portugiesischen Diktat zu entkommen. Mit ihrem diplomatischen Geschick, ihren K\u00fcnsten und ihrer Sprachkenntnis machte sie rasch von sich reden und gelangte in die h\u00f6chsten Kreise, aus denen sie nicht mehr wegzudenken ist. Zaida hat sich mit Leib und Seele der englischen Krone verschrieben.<\/p>\n<figure id=\"attachment_82\" aria-describedby=\"caption-attachment-82\" style=\"width: 352px\" class=\"wp-caption aligncenter\"><a href=\"http:\/\/lysander1330.files.wordpress.com\/2013\/03\/zaida_kl.jpg\"><img loading=\"lazy\" decoding=\"async\" class=\"size-full wp-image-82\" alt=\"Madame Zaida\" src=\"http:\/\/lysander1330.files.wordpress.com\/2013\/03\/zaida_kl.jpg\" width=\"352\" height=\"1024\" srcset=\"https:\/\/www.schattengrenzen.de\/wp-content\/uploads\/2013\/03\/zaida_kl.jpg 352w, https:\/\/www.schattengrenzen.de\/wp-content\/uploads\/2013\/03\/zaida_kl-103x300.jpg 103w\" sizes=\"auto, (max-width: 352px) 100vw, 352px\" \/><\/a><figcaption id=\"caption-attachment-82\" class=\"wp-caption-text\">Madame Zaida<\/figcaption><\/figure>\n<p>Und nun zu den anderen Punkten: am Wochenende lief &#8211; im Rahmen der Homonale &#8211; das erste schwullesbische Lesefestival in Wiesbaden. Am Samstag hatten wir extrem viel Zulauf, insbesondere bei den ersten beiden lesbischen Lesungen von Sabine Brandl und Conny Reinhard. In all den Jahren <a title=\"Artikel Lesefestival\" href=\"http:\/\/lesecafe.wordpress.com\/2014\/02\/06\/nachlese-1-schwullesbisches-lesefestival-01-02-und-02-02-2014\/\" target=\"_blank\">Lesecaf\u00e9 Wiesbaden<\/a> kam es noch nie dazu, dass die Zuh\u00f6rer, die durch die zwei R\u00e4ume str\u00f6mten tats\u00e4chlich eine Massenverdr\u00e4ngung hervorriefen &#8230; bis zu diesem Samstag. Noch mal mein sorry an Nicky und Ina &#8230; hinter der Theke habe ich eigentlich wenig verloren, aber ich kam aus meiner Position schlicht nicht heraus.<\/p>\n<p>Generell war das Lese-Event einfach nur Genial. Ich kann und will es auch gar nicht so genau beschreiben, weil man das selbst erlebt haben sollte. Am Samstag jedenfalls war mein pers\u00f6nliches Highlight die Lesung der drei letzten Autoren: Jana Walther, Jannis Plastrgias und Martin Skerhut. Unterschiedlicher k\u00f6nnen die drei nicht sein, aber genialer w\u00e4re es auch nicht mehr gegangen, zumindest am Samstag nicht \ud83d\ude09<\/p>\n<p>Hier auch einige Bilder, besonders von Jana, Martin und Jannis \ud83d\ude42<\/p>\n<figure id=\"attachment_438\" aria-describedby=\"caption-attachment-438\" style=\"width: 474px\" class=\"wp-caption aligncenter\"><a href=\"http:\/\/lysander1330.files.wordpress.com\/2014\/02\/homonale13.jpg\"><img loading=\"lazy\" decoding=\"async\" class=\"size-large wp-image-438\" alt=\"1. Lesung mit Sabine Brandl\" src=\"http:\/\/lysander1330.files.wordpress.com\/2014\/02\/homonale13.jpg?w=474\" width=\"474\" height=\"355\" srcset=\"https:\/\/www.schattengrenzen.de\/wp-content\/uploads\/2014\/02\/homonale13.jpg 700w, https:\/\/www.schattengrenzen.de\/wp-content\/uploads\/2014\/02\/homonale13-300x225.jpg 300w\" sizes=\"auto, (max-width: 474px) 100vw, 474px\" \/><\/a><figcaption id=\"caption-attachment-438\" class=\"wp-caption-text\">1. Lesung mit Sabine Brandl<\/figcaption><\/figure>\n<p>Hier sieht man, wie viele Zuh\u00f6rerinnen und Zuh\u00f6rer da waren. Sabine Brandels Lesung war so \u00fcbervoll, dass viele Leute vorn, an der Theke warten mussten. So voll war es wirklich noch nie.<\/p>\n<figure id=\"attachment_439\" aria-describedby=\"caption-attachment-439\" style=\"width: 474px\" class=\"wp-caption aligncenter\"><a href=\"http:\/\/lysander1330.files.wordpress.com\/2014\/02\/homonale18.jpg\"><img loading=\"lazy\" decoding=\"async\" class=\"size-large wp-image-439\" alt=\"3. Lesung\/ Tanja\" src=\"http:\/\/lysander1330.files.wordpress.com\/2014\/02\/homonale18.jpg?w=474\" width=\"474\" height=\"355\" \/><\/a><figcaption id=\"caption-attachment-439\" class=\"wp-caption-text\">3. Lesung\/ Tanja<\/figcaption><\/figure>\n<p>Hier ist es dagegen schon still \ud83d\ude09 Das ist mitten aus meiner Lesung heraus. Jule hatte mich zwischendurch &#8220;kalt&#8221; erwischt und ich bin vollkommen aus der Zeile gerutscht. F\u00fcr &#8220;Olli&#8221; hatte ich das passende Outfit an, aber zu &#8220;Mord ohne Leiche&#8221; passten meine Armee-Klamotten mal wieder gar nicht.<\/p>\n<figure id=\"attachment_440\" aria-describedby=\"caption-attachment-440\" style=\"width: 474px\" class=\"wp-caption aligncenter\"><a href=\"http:\/\/lysander1330.files.wordpress.com\/2014\/02\/homonale19.jpg\"><img loading=\"lazy\" decoding=\"async\" class=\"size-large wp-image-440\" alt=\"Tanja\" src=\"http:\/\/lysander1330.files.wordpress.com\/2014\/02\/homonale19.jpg?w=474\" width=\"474\" height=\"355\" \/><\/a><figcaption id=\"caption-attachment-440\" class=\"wp-caption-text\">Tanja<\/figcaption><\/figure>\n<p><span style=\"line-height:1.5em;\">Hier nun vor allem drei sehr sch\u00f6ne Aufnahmen meiner Samstags-Lieblinge:<\/span><\/p>\n<p><span style=\"line-height:1.5em;\">Jana Walther, deren Romane nicht nur sehr ruhig, sondern auch sehr sensibel geschrieben sind.<\/span><\/p>\n<figure id=\"attachment_441\" aria-describedby=\"caption-attachment-441\" style=\"width: 474px\" class=\"wp-caption aligncenter\"><a href=\"http:\/\/lysander1330.files.wordpress.com\/2014\/02\/homonale21.jpg\"><img loading=\"lazy\" decoding=\"async\" class=\"size-large wp-image-441\" alt=\"Jana Walther\" src=\"http:\/\/lysander1330.files.wordpress.com\/2014\/02\/homonale21.jpg?w=474\" width=\"474\" height=\"355\" \/><\/a><figcaption id=\"caption-attachment-441\" class=\"wp-caption-text\">Jana Walther<\/figcaption><\/figure>\n<p>Jannis, dessen B\u00fccher ich einfach wegen seiner Realit\u00e4tsn\u00e4he und Intensit\u00e4t liebe.<\/p>\n<figure id=\"attachment_442\" aria-describedby=\"caption-attachment-442\" style=\"width: 370px\" class=\"wp-caption aligncenter\"><a href=\"http:\/\/lysander1330.files.wordpress.com\/2014\/02\/homonale23.jpg\"><img loading=\"lazy\" decoding=\"async\" class=\"size-full wp-image-442\" alt=\"Jannis Plastargias\" src=\"http:\/\/lysander1330.files.wordpress.com\/2014\/02\/homonale23.jpg\" width=\"370\" height=\"493\" \/><\/a><figcaption id=\"caption-attachment-442\" class=\"wp-caption-text\">Jannis Plastargias<\/figcaption><\/figure>\n<p>Und nat\u00fcrlich Martin, dessen Zusammenfassung seiner Geschichten allein schon der Renner war: Mensch trifft Wesen &#8211; ficken!<\/p>\n<figure id=\"attachment_443\" aria-describedby=\"caption-attachment-443\" style=\"width: 370px\" class=\"wp-caption aligncenter\"><a href=\"http:\/\/lysander1330.files.wordpress.com\/2014\/02\/homonale25.jpg\"><img loading=\"lazy\" decoding=\"async\" class=\"size-full wp-image-443\" alt=\"Martin Skerhut\" src=\"http:\/\/lysander1330.files.wordpress.com\/2014\/02\/homonale25.jpg\" width=\"370\" height=\"493\" \/><\/a><figcaption id=\"caption-attachment-443\" class=\"wp-caption-text\">Martin Skerhut<\/figcaption><\/figure>\n<p>&nbsp;<\/p>\n<p>Den Sonntag toppte Nino Delia. Ganz ernsthaft &#8230; wer Nino nicht einmal live hat lesen h\u00f6ren, der sollte das schleunigst nachholen. Mit so viel Ironie, Witz und Charm habe ich noch keinen Misanthropen kennen gelernt (wie ihren Hauptcharakter). Sie und Anna Maske waren die Highlights und haben mich felsenfest von sich \u00fcberzeugt.<\/p>\n<p>Hier auch die Aufnahmen von Nino, die von allen fast sofort gen\u00f6tigt wurde ihre Geschichte einzulesen.<\/p>\n<figure id=\"attachment_446\" aria-describedby=\"caption-attachment-446\" style=\"width: 370px\" class=\"wp-caption aligncenter\"><a href=\"http:\/\/lysander1330.files.wordpress.com\/2014\/02\/homonale32.jpg\"><img loading=\"lazy\" decoding=\"async\" class=\"size-full wp-image-446\" alt=\"Nino Delia\" src=\"http:\/\/lysander1330.files.wordpress.com\/2014\/02\/homonale32.jpg\" width=\"370\" height=\"493\" \/><\/a><figcaption id=\"caption-attachment-446\" class=\"wp-caption-text\">Nino Delia<\/figcaption><\/figure>\n<p><span style=\"line-height:1.5em;\">Und nat\u00fcrlich Anna, die zwar das Schlusslicht bildete, aber alle mit ihren beiden Kurzgeschichten und der sensiblen Erz\u00e4hlweise mitnahm.<\/span><\/p>\n<figure id=\"attachment_448\" aria-describedby=\"caption-attachment-448\" style=\"width: 474px\" class=\"wp-caption aligncenter\"><a href=\"http:\/\/lysander1330.files.wordpress.com\/2014\/02\/homonale38.jpg\"><img loading=\"lazy\" decoding=\"async\" class=\"size-large wp-image-448\" alt=\"12. Lesung\/ Anna\" src=\"http:\/\/lysander1330.files.wordpress.com\/2014\/02\/homonale38.jpg?w=474\" width=\"474\" height=\"355\" \/><\/a><figcaption id=\"caption-attachment-448\" class=\"wp-caption-text\">12. Lesung\/ Anna<\/figcaption><\/figure>\n<p>Besonders viele Leser, Fans und Zuh\u00f6rer kamen auch wegen dieser au\u00dfergew\u00f6hnlichen Dame: Chris P. Rolls. Sie schreibt au\u00dfergew\u00f6hnlich direkte und greifbare Geschichten schwuler M\u00e4nner. Davon abgesehen ist sie ein toller Mensch. Jeder, der sie kennen lernt, wird \u00fcberzeugt von ihrer nat\u00fcrlichen und offenen Art.<\/p>\n<figure id=\"attachment_447\" aria-describedby=\"caption-attachment-447\" style=\"width: 474px\" class=\"wp-caption aligncenter\"><a href=\"http:\/\/lysander1330.files.wordpress.com\/2014\/02\/homonale33.jpg\"><img loading=\"lazy\" decoding=\"async\" class=\"size-large wp-image-447\" alt=\"Chris P. Rolls\" src=\"http:\/\/lysander1330.files.wordpress.com\/2014\/02\/homonale33.jpg?w=474\" width=\"474\" height=\"355\" \/><\/a><figcaption id=\"caption-attachment-447\" class=\"wp-caption-text\">Chris P. Rolls<\/figcaption><\/figure>\n<p>Alles in Allem hat sich Juliane Seidel nicht nur mit dem Lesefestival und den Autoren \u00fcbertroffen, es war auch eine der genialsten Veranstaltungen im Lesecaf\u00e9. Vor allem weil die gesamten Autoren nett sind und einige davon so herzlich, dass bei mir nicht nur der K\u00fcmmertick voll und ganz ausschlug, sondern ich sie alle einfach auch fest ins Herz geschlossen habe.<\/p>\n<p>So wie es aussieht, findet im kommenden Jahr auch wieder ein Lesefestival statt, wieder im Rahmen der Homonale und wieder im Caf\u00e9 Anderswo.<\/p>\n<p>Nun fehlt nur noch der letzte Punkt: der Vincent-Preis 2013. Ich bin mit &#8220;<a title=\"Glasseelen\" href=\"http:\/\/www.bookshouse.de\/buecher\/Glasseelen___Schattengrenzen\/\" target=\"_blank\">Glasseelen<\/a>&#8221; und &#8220;<a title=\"Der Rebell\" href=\"http:\/\/www.bookshouse.de\/buecher\/Der_Rebell___Schattengrenzen_2\/\" target=\"_blank\">Der Rebell<\/a>&#8221; vorgeschlagen worden. Wer also mag, kann sich das ganze mal ansehen:\u00a0<a title=\"Vincent Preis - Romane 2013\" href=\"http:\/\/vincent-preis.blogspot.de\/2013\/01\/romane-2013.html\" target=\"_blank\">http:\/\/vincent-preis.blogspot.de\/2013\/01\/romane-2013.html<\/a>\u00a0und abstimmen. Die Abstimmung funktioniert allerdings nur, wenn man in dem Forum angemeldet ist:\u00a0<a title=\"Horror-Forum\" href=\"http:\/\/www.horror-forum.com\/\" target=\"_blank\">http:\/\/www.horror-forum.com\/<\/a>. Ja, leider etwas umst\u00e4ndlich, aber wem die B\u00fccher gefallen haben, der darf sich gern austoben \ud83d\ude42 Hier auch noch mal die Leseproben:<\/p>\n<p>Glasseelen: <a title=\"Leseprobe\" href=\"http:\/\/www.bookshouse.de\/leseproben\/10\/10.pdf\" target=\"_blank\">PDF <\/a>und <a title=\"Leseprobe\" href=\"http:\/\/www.bookshouse.de\/system\/tools\/leseprobe.cfm?061F530940034D1C161C070C534066172B59383A260E041A0B034451E4\" target=\"_blank\">TXT<\/a><\/p>\n<p>Der Rebell: <a title=\"Leseprobe\" href=\"http:\/\/www.bookshouse.de\/leseproben\/51\/51.pdf\" target=\"_blank\">PDF <\/a>und <a title=\"Leseprobe\" href=\"http:\/\/www.bookshouse.de\/system\/tools\/leseprobe.cfm?061F530944024D1C161C070C534066172B59383A260E041A0B03445125\" target=\"_blank\">TXT<\/a><\/p>\n<p>Im \u00dcbrigen hatte Frank Hebenstreit f\u00fcr <a title=\"Rezi\" href=\"http:\/\/www.queer.de\/detail.php?article_id=20646\" target=\"_blank\">Queer.de<\/a> und <a title=\"Rezi\" href=\"http:\/\/www.inqueery.de\/kultur\/keine-abgedroschenen-coming-out-phrasen\" target=\"_blank\">Inqueery.de<\/a> eine grundgeniale Rezi zum Rebellen geschrieben. Da Oliver schwul ist, passte sich der Roman &#8220;Der Rebell&#8221; so perfekt in diese ganzen Plattformen ein. Wow \ud83d\ude00 Ich bin einfach nur begeistert. Es geht im \u00dcbrigen mit der Reihe auch weiter. Der dritte Band ist in Arbeit und soll im Lauf des Jahres erscheinen. Wie die, die das Buch schon gelesen haben wissen, schlie\u00dft das Buch nahtlos an \ud83d\ude42 Ihr k\u00f6nnt gespannt sein, wie Olli aus der Situation kommt und langsam alle fehlenden Puzzleteile zueinander treiben. In jedem Fall geht es unheimlich und spannend weiter \ud83d\ude09<\/p>\n<p>Ansonsten: geht es weiter mit der Arbeit an &#8220;Die blaue Phiole&#8221; f\u00fcr den Incubus-Verlag. Richtet euch schon mal auf Steam-Fantasy mit Kriminalf\u00e4llen ein \ud83d\ude09<\/p>\n","protected":false},"excerpt":{"rendered":"<p>Ja, mich gibt es noch, so richtig sch\u00f6n erk\u00e4ltet, mit Kopfschmerzen, Husten und besonders Schnupfen. \u00a0Bis morgen bin ich ein rotger\u00e4ndertes R\u00fcsseltier. Okay, genug gejammert &#8230; nun zu den ganzen Neuigkeiten (die mal wieder massiv in einem Klotz kommen). Zuerst: Anabelle, Zaida und Jewa, meine drei Steampunk-Damen, haben ein Zuhause gefunden. Toni Kuklik, Chefin und&#8230;<\/p>\n","protected":false},"author":1,"featured_media":0,"comment_status":"open","ping_status":"open","sticky":false,"template":"","format":"standard","meta":{"_jetpack_memberships_contains_paid_content":false,"footnotes":""},"categories":[2,421,24,51,25,26,35,38,40,41,61,13,14,47,18],"tags":[79,172,207,208,217,221,225,232,262,263,274,279,310,331,335,357,358,400,406],"class_list":["post-435","post","type-post","status-publish","format-standard","hentry","category-autor","category-blog","category-bucher","category-bucher-anthologiebeitrage","category-das-gewicht-einer-seele","category-der-rebell-schattengrenzen-ii","category-illustrationen","category-infos","category-lesungen","category-lesungs-reports","category-mord-ohne-leiche","category-projekte","category-schattengrenzen","category-termine-lesungen","category-veroffentlichungen","tag-anabelle-talleyrand","tag-frank-hebenstreit","tag-homonale","tag-homonale-wiesbaden","tag-incubus-verlag","tag-inqueery-de","tag-jana-walther","tag-juliane-seidel","tag-lesecafe-wiesbaden","tag-lesefestival","tag-literatur","tag-madame-zaida","tag-news","tag-queer-de","tag-rezensionen","tag-schwullesbische-community","tag-schwullesbisches-lesefestival-wiesbaden","tag-vincent-preis","tag-weltenschmiede-verlag"],"jetpack_sharing_enabled":true,"jetpack_featured_media_url":"","_links":{"self":[{"href":"https:\/\/www.schattengrenzen.de\/index.php?rest_route=\/wp\/v2\/posts\/435","targetHints":{"allow":["GET"]}}],"collection":[{"href":"https:\/\/www.schattengrenzen.de\/index.php?rest_route=\/wp\/v2\/posts"}],"about":[{"href":"https:\/\/www.schattengrenzen.de\/index.php?rest_route=\/wp\/v2\/types\/post"}],"author":[{"embeddable":true,"href":"https:\/\/www.schattengrenzen.de\/index.php?rest_route=\/wp\/v2\/users\/1"}],"replies":[{"embeddable":true,"href":"https:\/\/www.schattengrenzen.de\/index.php?rest_route=%2Fwp%2Fv2%2Fcomments&post=435"}],"version-history":[{"count":1,"href":"https:\/\/www.schattengrenzen.de\/index.php?rest_route=\/wp\/v2\/posts\/435\/revisions"}],"predecessor-version":[{"id":1275,"href":"https:\/\/www.schattengrenzen.de\/index.php?rest_route=\/wp\/v2\/posts\/435\/revisions\/1275"}],"wp:attachment":[{"href":"https:\/\/www.schattengrenzen.de\/index.php?rest_route=%2Fwp%2Fv2%2Fmedia&parent=435"}],"wp:term":[{"taxonomy":"category","embeddable":true,"href":"https:\/\/www.schattengrenzen.de\/index.php?rest_route=%2Fwp%2Fv2%2Fcategories&post=435"},{"taxonomy":"post_tag","embeddable":true,"href":"https:\/\/www.schattengrenzen.de\/index.php?rest_route=%2Fwp%2Fv2%2Ftags&post=435"}],"curies":[{"name":"wp","href":"https:\/\/api.w.org\/{rel}","templated":true}]}}