{"id":416,"date":"2013-12-20T18:57:46","date_gmt":"2013-12-20T18:57:46","guid":{"rendered":"http:\/\/lysander1330.wordpress.com\/?p=416"},"modified":"2018-04-13T17:39:18","modified_gmt":"2018-04-13T17:39:18","slug":"homonale-wiesbaden-und-das-schwullesbische-lese-festival-in-wiesbaden","status":"publish","type":"post","link":"https:\/\/www.schattengrenzen.de\/?p=416","title":{"rendered":"Homonale Wiesbaden und das schwullesbische Lese-Festival in Wiesbaden"},"content":{"rendered":"<p>Wie schon beim letzten Mal erw\u00e4hnt, findet 2014 die 14. Veranstaltung der Homonale statt. Was ist das? &#8211; die Homonale ist ein schwullesbisches Filmfestival, was seit 14 Jahren immer im Januar von einem Freitag bis zu einem Sonntag im Lichtspielhaus Caligari sattfindet. Dazu sollte erw\u00e4hnt werden, dass das Caligari eines der sch\u00f6nsten Kinos in ganz Wiesbaden ist. Es stammt aus den 20ern und wurde im alten Stil wieder hergerichtet. Prunk in Reinstform. Etwas f\u00fcr Bau- und Historik-Freaks wie mich. Davon abgesehen unterscheidet es sich gravierend von den \u00fcblichen modernen Kinos. Man hat gro\u00dfe, breite Sessel mit rotem Samtbezug, Beinfreiheit und ein kleines Tischchen, auf dem man gefahrlos seinen (durchaus bezahlbaren) Caf\u00e9 zwischenparken kann. Zudem gibt es eine Galerie und eine Marmor-Granit-Vorhalle. Stil, Stil, Stil \ud83d\ude42<\/p>\n<p>Die <strong><a title=\"Homonale - Wiesbaden.de\" href=\"http:\/\/www.wiesbaden.de\/kultur\/film\/filmfeste\/homonale.php\" target=\"_blank\">Homonale <\/a><\/strong>mit ihren ausgesuchten Filmen &#8211; allesamt stilvolles Kino, Problemkino und vor allem internationales Kino, also nicht nur die \u00fcblichen amerikanischen Streifen, sondern franz\u00f6sische, israelische, polnische, &#8230; Filme. Hier hat sich das Homonale-Team unglaublich eingehende und sehr sch\u00f6ne Gedanken gemacht. Die gesammelten Vorschl\u00e4ge wurden gr\u00fcndlich gepr\u00fcft und durchdacht. Anhand von Trailern und Vorpremieren fand die Auslese statt. Ich muss sagen, es kamen sehr sehr interessante Filme dabei heraus. Beispielsweise gehen f\u00fcr das schwule Kino Filme wie &#8220;In the Name of &#8230;&#8221;, &#8220;Der Fremde am See&#8221; und &#8220;Liberace&#8221; an den Satrt und f\u00fcr das lesbische Kino der preisgekr\u00f6nte Film &#8220;La vie d&#8217;Adele&#8221; (Blau ist eine warme Farbe) oder &#8220;Lipstika&#8221;.<\/p>\n<p>In jedem Fall d\u00fcrfte sich f\u00fcr jeden etwas finden.<\/p>\n<p>Hier Termin und Ort der Homonale: 24.01. bis 26.01. und 03.02. (Nachlese) im <strong><a title=\"Caligari-Filmb\u00fchne\" href=\"https:\/\/www.facebook.com\/pages\/Caligari-FilmB%C3%BChne\/126145690773346?ref=stream&amp;viewer_id=1779259902\" target=\"_blank\">Caligari<\/a><\/strong>, Marktplatz 9, 65183 Wiesbaden und der <strong><a title=\"Flyer Homonale 2014\" href=\"http:\/\/www.wiesbaden.de\/medien-zentral\/dok\/kultur\/Homonale_2014_Programm_DRUCK.pdf\" target=\"_blank\">Flyer<\/a><\/strong>.<\/p>\n<p>Ein Wochenende nach der Homonale wagt sich Juliane mit dem <strong><a title=\"Lesecaf\u00e9 Wiesbaden - Blog\" href=\"http:\/\/lesecafe.wordpress.com\/\" target=\"_blank\">Lesecaf\u00e9 Wiesbaden<\/a><\/strong> an die wohl gr\u00f6\u00dfte Aktion, die es im Zuge dessen bisher gegeben hat &#8211; ein zweit\u00e4giges <a title=\"Lesefestival\" href=\"http:\/\/lesecafe.wordpress.com\/homonale\/\" target=\"_blank\">Lesefestival <\/a>mit schwullesbischen Autoren. An zwei Tagen lesen 12 Autoren aus ihren schwule und lesbischen Romanen, Novellen und Kurzgeschichten. Die Themen sind nicht ausschlie\u00dflich das klassische Coming out sondern gehobene Belletristik, Fantasy, Steampunk, Romance, Krimi, Thriller und Mystery\/ Horror. F\u00fcr jeden Geschmack sollte etwas dabei sein. In der Szene bekannte Autoren wie Martin Skerhut, Jannis Plastrgias, Jana Wather und Chris P. Rolls lesen.<\/p>\n<figure id=\"attachment_417\" aria-describedby=\"caption-attachment-417\" style=\"width: 214px\" class=\"wp-caption aligncenter\"><a href=\"http:\/\/lysander1330.files.wordpress.com\/2013\/12\/flyer_front_sm.jpg\"><img loading=\"lazy\" decoding=\"async\" class=\"size-medium wp-image-417\" alt=\"Lesecaf\u00e9 Wiesbaden\" src=\"http:\/\/lysander1330.files.wordpress.com\/2013\/12\/flyer_front_sm.jpg?w=214\" width=\"214\" height=\"300\" \/><\/a><figcaption id=\"caption-attachment-417\" class=\"wp-caption-text\">Lesecaf\u00e9 Wiesbaden, Schwullesbische Lesung<\/figcaption><\/figure>\n<p>Hier auch der exakte Programmablauf und die Autoren. Hoffentlich gelingt es mir, von allen die aktuellen HPs zu verlinken. Wenn nicht bitte ich vielmals um Entschuldigung:<\/p>\n<p><span style=\"text-decoration:underline;\"><strong>Samstag:<\/strong><\/span><\/p>\n<ul>\n<li><a title=\"Sabine Brandl\" href=\"http:\/\/www.sabinebrandl.net\/\" target=\"_blank\">Sabine Brandl<\/a><\/li>\n<li><a title=\"Conny Reinhard\" href=\"http:\/\/www.conny-reinhard.de\/\" target=\"_blank\">Conny Reinhard<\/a><\/li>\n<li><a title=\"Tanja Meurer\" href=\"http:\/\/lysander1330.wordpress.com\/\" target=\"_blank\">Tanja Meurer<\/a><\/li>\n<li><a title=\"Jana Walther\" href=\"http:\/\/www.janas-seiten.de\/\" target=\"_blank\">Jana Walther\u00a0<\/a><\/li>\n<li><a title=\"Jannis Plastargias\" href=\"http:\/\/schmerzwach.blogspot.de\/\" target=\"_blank\">Jannis Plastargias<\/a><\/li>\n<li><a title=\"Martin Skerhut\" href=\"http:\/\/www.martin-skerhut.de\/\" target=\"_blank\">Martin Skerhut<\/a><\/li>\n<\/ul>\n<p><span style=\"text-decoration:underline;\"><strong>Sonntag:<\/strong><\/span><\/p>\n<ul>\n<li><a title=\"Laurent Bach\" href=\"http:\/\/www.brunhilde-witthaut.de\/Laurent-Bach\" target=\"_blank\">Laurent Bach<\/a><\/li>\n<li><a title=\"Andrea Conrad\" href=\"http:\/\/www.lovelybooks.de\/autor\/Andrea-Conrad\/\" target=\"_blank\">Andrea Conrad<\/a><\/li>\n<li>Nino Delia<\/li>\n<li><a title=\"Chris P. Rolls\" href=\"http:\/\/chrisrolls.blogspot.de\/\" target=\"_blank\">Chris P. Rolls<\/a><\/li>\n<li><a title=\"Yuliya Sokalska\" href=\"http:\/\/www.epubli.de\/shop\/autor\/Yuliya-Sokalska\/7523\" target=\"_blank\">Yuliya Sokalska<\/a><\/li>\n<li>Anna Maske<\/li>\n<\/ul>\n<p>Hier der Flyer mit den genauen Terminen.<\/p>\n<figure id=\"attachment_418\" aria-describedby=\"caption-attachment-418\" style=\"width: 214px\" class=\"wp-caption aligncenter\"><a href=\"http:\/\/lysander1330.files.wordpress.com\/2013\/12\/flyer_back.png\"><img loading=\"lazy\" decoding=\"async\" class=\"size-medium wp-image-418\" alt=\"Flyer\" src=\"http:\/\/lysander1330.files.wordpress.com\/2013\/12\/flyer_back.png?w=214\" width=\"214\" height=\"300\" \/><\/a><figcaption id=\"caption-attachment-418\" class=\"wp-caption-text\">Flyer<\/figcaption><\/figure>\n<p><span style=\"line-height:1.5em;\">Wie ihr gesehen habt, lese ich am Samstag um etwa 17:00 h. Da Chris und ich zweigleisig fahren, soll hei\u00dfen wir lesen schwul und lesbisch, kann ich hier schon mal angeben, dass einmal &#8220;Der Rebell&#8221; (Schattengrenzen II) f\u00fcr die Jungs an den Start geht, soll hei\u00dfen Mystery-Thriller mit Horror-Elementen. Diese beiden Jungs sind die Protagonisten:<\/span><\/p>\n<figure id=\"attachment_302\" aria-describedby=\"caption-attachment-302\" style=\"width: 212px\" class=\"wp-caption aligncenter\"><a href=\"http:\/\/lysander1330.files.wordpress.com\/2013\/06\/olli_daniel.jpg\"><img loading=\"lazy\" decoding=\"async\" class=\"size-medium wp-image-302\" alt=\"Copyright by Nathie (Creationwarrior.net)\" src=\"http:\/\/lysander1330.files.wordpress.com\/2013\/06\/olli_daniel.jpg?w=212\" width=\"212\" height=\"300\" srcset=\"https:\/\/www.schattengrenzen.de\/wp-content\/uploads\/2013\/06\/olli_daniel.jpg 800w, https:\/\/www.schattengrenzen.de\/wp-content\/uploads\/2013\/06\/olli_daniel-212x300.jpg 212w, https:\/\/www.schattengrenzen.de\/wp-content\/uploads\/2013\/06\/olli_daniel-768x1086.jpg 768w, https:\/\/www.schattengrenzen.de\/wp-content\/uploads\/2013\/06\/olli_daniel-724x1024.jpg 724w\" sizes=\"auto, (max-width: 212px) 100vw, 212px\" \/><\/a><figcaption id=\"caption-attachment-302\" class=\"wp-caption-text\">Copyright by Nathie (Creationwarrior.net)<\/figcaption><\/figure>\n<p>Und f\u00fcr die Ladies gehen meine beiden Damen aus den Stemapunk-Msyterys an den Start, Madame Zaida und Anabelle Talleyrand (dieses Mal mit dem neuen Buch &#8220;Mord ohne Leiche&#8221;).<\/p>\n<figure id=\"attachment_84\" aria-describedby=\"caption-attachment-84\" style=\"width: 300px\" class=\"wp-caption aligncenter\"><a href=\"http:\/\/lysander1330.files.wordpress.com\/2013\/03\/die-nacht-der-schwc3a4ne_kl.jpg\"><img loading=\"lazy\" decoding=\"async\" class=\"size-medium wp-image-84\" alt=\"Die Nacht der Schw\u00e4ne\" src=\"http:\/\/lysander1330.files.wordpress.com\/2013\/03\/die-nacht-der-schwc3a4ne_kl.jpg?w=300\" width=\"300\" height=\"210\" srcset=\"https:\/\/www.schattengrenzen.de\/wp-content\/uploads\/2013\/03\/die-nacht-der-schwc3a4ne_kl.jpg 1024w, https:\/\/www.schattengrenzen.de\/wp-content\/uploads\/2013\/03\/die-nacht-der-schwc3a4ne_kl-300x210.jpg 300w, https:\/\/www.schattengrenzen.de\/wp-content\/uploads\/2013\/03\/die-nacht-der-schwc3a4ne_kl-768x538.jpg 768w\" sizes=\"auto, (max-width: 300px) 100vw, 300px\" \/><\/a><figcaption id=\"caption-attachment-84\" class=\"wp-caption-text\">Anabelle und Zaida<\/figcaption><\/figure>\n<p>Momentan interessieren sich zwei Verlage f\u00fcr die Geschichten. Vielleicht wird es ja was \ud83d\ude09\u00a0Hier auch die R\u00fcckklappentexte zu den B\u00fcchern.<\/p>\n<p><span style=\"text-decoration:underline;\"><strong>Der Rebell:<\/strong><\/span><\/p>\n<p>Der 16-j\u00e4hrige Oliver und seine j\u00fcngeren Br\u00fcder Christian und Michael \u00fcberleben die schlimmste Nacht ihres Lebens. Ihr Vater ermordet Mutter und weitere Geschwister. Das Motiv scheint auf der Hand zu liegen: Untreue.<br \/>\nDoch Oliver und seine Br\u00fcder wollen nicht daran glauben, insbesondere als auf Christian ein Anschlag ver\u00fcbt wird.<br \/>\nFassungslos \u00fcber die Tat und die Inaktivit\u00e4t der Polizei, suchen sie auf eigene Faust nach der Wahrheit und sto\u00dfen auf einen unheimlichen Gegner. Lediglich der unerfahrene Kommissar Daniel Kuhn steht ihnen bei.<br \/>\nZur selben Zeit werden mehrere Tote im Haus des einzigen noch lebenden Verwandten entdeckt. Die Leichen liegen bereits seit 70 Jahre dort. Die F\u00e4lle scheinen nichts miteinander zu tun zu haben, aber Olivers Neugier ist unstillbar. Er glaubt nicht an Zuf\u00e4lle und findet die Gemeinsamkeiten in beiden F\u00e4llen.<br \/>\nDoch ihre Gegner scheinen nicht unter den Lebenden zu weilen.<\/p>\n<p><span style=\"text-decoration:underline;\"><strong>Mord ohne Leiche:<\/strong><\/span><\/p>\n<p>London 1876 &#8211; der Mord an einer Frau wird beobachtet, die Metropolitan Police informiert. Anabelle Talleyrand, die franz\u00f6sische Wissenschaftlerin, unterst\u00fctzt Inspektor Hailey in diesem Fall. An sich nichts Ungew\u00f6hnliches f\u00fcr die mechanisches Frau, doch dieses Mal ist ihre Gef\u00e4hrtin Madame Zaida nicht an ihrer Seite, um sich der Begleiterscheinung \u00fcbernat\u00fcrlicher Ereignisse anzunehmen. Anabelle und Hailey k\u00f6nnen sich nur auf ihre eigenen F\u00e4higkeiten und ihren klaren Verstand verlassen, denn in diesem Mordfall gibt es keine Leiche.<\/p>\n<p>Schaut vorbei, h\u00f6rt euch die Sachen an, denn es lohnt sich wirklich.<\/p>\n","protected":false},"excerpt":{"rendered":"<p>Wie schon beim letzten Mal erw\u00e4hnt, findet 2014 die 14. Veranstaltung der Homonale statt. Was ist das? &#8211; die Homonale ist ein schwullesbisches Filmfestival, was seit 14 Jahren immer im Januar von einem Freitag bis zu einem Sonntag im Lichtspielhaus Caligari sattfindet. Dazu sollte erw\u00e4hnt werden, dass das Caligari eines der sch\u00f6nsten Kinos in ganz&#8230;<\/p>\n","protected":false},"author":1,"featured_media":0,"comment_status":"open","ping_status":"open","sticky":false,"template":"","format":"standard","meta":{"_jetpack_memberships_contains_paid_content":false,"footnotes":""},"categories":[2,421,24,51,25,26,7,9,40,61,13,14,16,18],"tags":[119,159,169,208,243,260,268,274,356,357,407],"class_list":["post-416","post","type-post","status-publish","format-standard","hentry","category-autor","category-blog","category-bucher","category-bucher-anthologiebeitrage","category-das-gewicht-einer-seele","category-der-rebell-schattengrenzen-ii","category-homepages","category-juliane-seidel","category-lesungen","category-mord-ohne-leiche","category-projekte","category-schattengrenzen","category-termine","category-veroffentlichungen","tag-caligari","tag-event","tag-filmfestival","tag-homonale-wiesbaden","tag-kino","tag-lesbisch","tag-lesung","tag-literatur","tag-schwul","tag-schwullesbische-community","tag-wiesbaden"],"jetpack_sharing_enabled":true,"jetpack_featured_media_url":"","_links":{"self":[{"href":"https:\/\/www.schattengrenzen.de\/index.php?rest_route=\/wp\/v2\/posts\/416","targetHints":{"allow":["GET"]}}],"collection":[{"href":"https:\/\/www.schattengrenzen.de\/index.php?rest_route=\/wp\/v2\/posts"}],"about":[{"href":"https:\/\/www.schattengrenzen.de\/index.php?rest_route=\/wp\/v2\/types\/post"}],"author":[{"embeddable":true,"href":"https:\/\/www.schattengrenzen.de\/index.php?rest_route=\/wp\/v2\/users\/1"}],"replies":[{"embeddable":true,"href":"https:\/\/www.schattengrenzen.de\/index.php?rest_route=%2Fwp%2Fv2%2Fcomments&post=416"}],"version-history":[{"count":1,"href":"https:\/\/www.schattengrenzen.de\/index.php?rest_route=\/wp\/v2\/posts\/416\/revisions"}],"predecessor-version":[{"id":1277,"href":"https:\/\/www.schattengrenzen.de\/index.php?rest_route=\/wp\/v2\/posts\/416\/revisions\/1277"}],"wp:attachment":[{"href":"https:\/\/www.schattengrenzen.de\/index.php?rest_route=%2Fwp%2Fv2%2Fmedia&parent=416"}],"wp:term":[{"taxonomy":"category","embeddable":true,"href":"https:\/\/www.schattengrenzen.de\/index.php?rest_route=%2Fwp%2Fv2%2Fcategories&post=416"},{"taxonomy":"post_tag","embeddable":true,"href":"https:\/\/www.schattengrenzen.de\/index.php?rest_route=%2Fwp%2Fv2%2Ftags&post=416"}],"curies":[{"name":"wp","href":"https:\/\/api.w.org\/{rel}","templated":true}]}}