{"id":413,"date":"2013-12-16T17:51:30","date_gmt":"2013-12-16T17:51:30","guid":{"rendered":"http:\/\/lysander1330.wordpress.com\/?p=413"},"modified":"2018-04-13T17:39:25","modified_gmt":"2018-04-13T17:39:25","slug":"queer-de-ankundigungen-und-die-homonale-in-wiesbaden","status":"publish","type":"post","link":"https:\/\/www.schattengrenzen.de\/?p=413","title":{"rendered":"Queer.de, Ank\u00fcndigungen und die Homonale in Wiesbaden"},"content":{"rendered":"<p>Am 15.12. ging die lang ersehnte und gef\u00fcrchtete Rezension zu &#8220;Der Rebell&#8221; bei Queer.de online. Ersehnt, weil Frank, der Rezensent, auch schon &#8220;Glasseelen&#8221; hatte und sehr gut bewertete. Diese Rezension findet ihr bei dem Onlinemagazin Corona in der Ausgabe 292 unter dem Punkt 6 mit dem Titel <a title=\"Buchkritik: &quot;Glasseelen&quot; von Tanja Meurer\" href=\"http:\/\/www.corona-magazine.de\/neueausgabe.html\" target=\"_blank\">Buchkritik: &#8220;Glasseelen&#8221; von Tanja Meurer<\/a>. \u00a0Deswegen war ich mir gar nicht so sicher, dass Frank den zweiten Band genauso gut bewertet. Einen schwulen Mann als lesbische Frau mit zwei schwulen Hauptcharakteren zu \u00fcberzeugen ist ganz und gar nicht einfach. Aber offenbar habe ich es geschafft \ud83d\ude42 \u00a0Die Rezi von ihm auf Queer.de ist Wahnsinn geworden. Hier k\u00f6nnt ihr sie lesen:\u00a0<a title=\"Mord, Geister und unz\u00fcchtige Gedanken\" href=\"http:\/\/www.queer.de\/detail.php?article_id=20646\" target=\"_blank\">Mord, Geister und unz\u00fcchtige Gedanken<\/a>.<\/p>\n<p>Insofern muss ich mich f\u00fcr den Tipp, mich bei Queer.de zu melden, bei <a title=\"Juliane\" href=\"http:\/\/www.juliane-seidel.de\/\" target=\"_blank\">Jule<\/a> und der Verlegerin des Incubus Verlages bedanken. Kira sagte mir, dass sie alle B\u00fccher ihres Verlages dort rezensieren l\u00e4sst. Was ist auch genialer als das positive Urteil eines schwulen Mannes \u00fcber mein Buch? Allein deswegen bin ich schon ziemlich auf Wolke sieben \ud83d\ude42 Oliver kommt allerdings bei allen Rezis gut weg. Er ist offensichtlich ein glaubhafter Mensch. Das ist generell immer das allersch\u00f6nste Kompliment von allen. Hoffentlich werden damit auch die ganzen anderen B\u00fccher mit all den unterschiedlichen Personen, Genres und Zeitebenen genauso real.<\/p>\n<p>\u00dcbrigens am 01.02.2014 und am 02.02.2014 findet in Wiesbaden begleitend zur Homonale, dem traditionell seit 14 Jahren stattfindenden schwullesbischen Filmfestival im Lesecaf\u00e9 Wiesbaden eine schwullesbische Lesung \u00fcber zwei Tage statt. Autoren wie Sabine Brandl (lesbisch), Conny Reinhardt\u00a0(lesbisch), Martin Skerhut (schwul), Jannis Plastrgias (schwul), Jana Walther (schwul), Brunhilde Witthaut (schwul), Andrea Conrad\u00a0(schwul), Yuliya Sokalska (lesbisch), Anna Maske (lesbisch),\u00a0Chris P. Rolls \u00a0und ich werden ihre Romane und Kurzgeschichten vorstellen. Allerdings lesen Chris und ich je aus einem schwulen und einem lesbischen Roman, wobei von meiner Seite erw\u00e4hnt werden sollte, dass ich aus &#8220;Der Rebell&#8221; einen Ausschnitt w\u00e4hle und aus &#8220;Mord ohne Leiche&#8221; (einer der unheimlichen Kriminal-Steampunk-Novellen um Anabelle, Madame Zaida und Jewa). Die Steampunkb\u00fccher scheinen nun auch ein Heim zu finden. Bei der Lesung kann ich vielleicht ein paar entsprechende Ank\u00fcndigungen dazu machen.<\/p>\n","protected":false},"excerpt":{"rendered":"<p>Am 15.12. ging die lang ersehnte und gef\u00fcrchtete Rezension zu &#8220;Der Rebell&#8221; bei Queer.de online. Ersehnt, weil Frank, der Rezensent, auch schon &#8220;Glasseelen&#8221; hatte und sehr gut bewertete. Diese Rezension findet ihr bei dem Onlinemagazin Corona in der Ausgabe 292 unter dem Punkt 6 mit dem Titel Buchkritik: &#8220;Glasseelen&#8221; von Tanja Meurer. \u00a0Deswegen war ich&#8230;<\/p>\n","protected":false},"author":1,"featured_media":0,"comment_status":"open","ping_status":"open","sticky":false,"template":"","format":"standard","meta":{"_jetpack_memberships_contains_paid_content":false,"footnotes":""},"categories":[2,421,24,51,25,26,32,40,13,14,16,47,18],"tags":[70,124,139,169,176,178,185,202,208,225,226,232,260,262,268,284,331,335,356,357,407],"class_list":["post-413","post","type-post","status-publish","format-standard","hentry","category-autor","category-blog","category-bucher","category-bucher-anthologiebeitrage","category-das-gewicht-einer-seele","category-der-rebell-schattengrenzen-ii","category-glasseelen-schattengrenzen-i","category-lesungen","category-projekte","category-schattengrenzen","category-termine","category-termine-lesungen","category-veroffentlichungen","tag-70","tag-chris-p-rolls","tag-der-rebell","tag-filmfestival","tag-gay","tag-gay-lesbian-and-bisexual","tag-germany","tag-history","tag-homonale-wiesbaden","tag-jana-walther","tag-jannis-plastargias","tag-juliane-seidel","tag-lesbisch","tag-lesecafe-wiesbaden","tag-lesung","tag-martin-skerhut","tag-queer-de","tag-rezensionen","tag-schwul","tag-schwullesbische-community","tag-wiesbaden"],"jetpack_sharing_enabled":true,"jetpack_featured_media_url":"","_links":{"self":[{"href":"https:\/\/www.schattengrenzen.de\/index.php?rest_route=\/wp\/v2\/posts\/413","targetHints":{"allow":["GET"]}}],"collection":[{"href":"https:\/\/www.schattengrenzen.de\/index.php?rest_route=\/wp\/v2\/posts"}],"about":[{"href":"https:\/\/www.schattengrenzen.de\/index.php?rest_route=\/wp\/v2\/types\/post"}],"author":[{"embeddable":true,"href":"https:\/\/www.schattengrenzen.de\/index.php?rest_route=\/wp\/v2\/users\/1"}],"replies":[{"embeddable":true,"href":"https:\/\/www.schattengrenzen.de\/index.php?rest_route=%2Fwp%2Fv2%2Fcomments&post=413"}],"version-history":[{"count":1,"href":"https:\/\/www.schattengrenzen.de\/index.php?rest_route=\/wp\/v2\/posts\/413\/revisions"}],"predecessor-version":[{"id":1278,"href":"https:\/\/www.schattengrenzen.de\/index.php?rest_route=\/wp\/v2\/posts\/413\/revisions\/1278"}],"wp:attachment":[{"href":"https:\/\/www.schattengrenzen.de\/index.php?rest_route=%2Fwp%2Fv2%2Fmedia&parent=413"}],"wp:term":[{"taxonomy":"category","embeddable":true,"href":"https:\/\/www.schattengrenzen.de\/index.php?rest_route=%2Fwp%2Fv2%2Fcategories&post=413"},{"taxonomy":"post_tag","embeddable":true,"href":"https:\/\/www.schattengrenzen.de\/index.php?rest_route=%2Fwp%2Fv2%2Ftags&post=413"}],"curies":[{"name":"wp","href":"https:\/\/api.w.org\/{rel}","templated":true}]}}