{"id":411,"date":"2013-11-20T17:48:25","date_gmt":"2013-11-20T17:48:25","guid":{"rendered":"http:\/\/lysander1330.wordpress.com\/?p=411"},"modified":"2018-04-13T17:39:34","modified_gmt":"2018-04-13T17:39:34","slug":"buchtrailer-zu-der-rebell-dies-und-das","status":"publish","type":"post","link":"https:\/\/www.schattengrenzen.de\/?p=411","title":{"rendered":"Buchtrailer zu &#8220;Der Rebell&#8221;, dies und das &#8230;"},"content":{"rendered":"<p>Hallo zusammen,<\/p>\n<p>in der letzten Zeit habe ich eher Funkstille gehalten, was nicht zuletzt an meinem Urlaub und der Arbeit lag, unter anderem vieler Zeichenarbeiten (mit denen ich noch immer im R\u00fcckstand bin). \u00a0Leider hat auch die XTME-Aktion nur wenig gebracht und ich habe eine Weile in den sprichw\u00f6rtlichen Seilen gehangen. Daf\u00fcr hat mich die eigentlich sehr erfolgreiche und sehr geniale Lesung auf der <a title=\"YaYuCo\" href=\"http:\/\/www.yayuco.de\/\" target=\"_blank\">YaYuCo<\/a> in Dachau wieder aufgebaut. Am Samstag den 09.11. durfte ich auf der Con lesen, direkt nach Martin Skerhut, einem wirklich genialen Gay-Autor. Ihr solltet euch mal seine <a title=\"Homepage Martin Skerhut\" href=\"http:\/\/www.martin-skerhut.de\/\" target=\"_blank\">Homepage <\/a>ansehen und &#8211; wenn ihr k\u00f6nnt &#8211; eine seiner Lesungen besuchen. Genial \ud83d\ude42<\/p>\n<p>Weniger sch\u00f6n waren die Arbeiten in der Wohnung meiner verstorbenen Tante. Es ist kein sch\u00f6nes Gef\u00fchl, andererseits reist man in die Vergangenheit.<\/p>\n<p>Weswegen ich eigentlich das alles tippsele, Bookshouse hat nun den Trailer zu &#8220;Der Rebell&#8221; ver\u00f6ffentlicht. Ihr wisst sicher noch, um was es geht &#8230;?<\/p>\n<p>Der 16-j\u00e4hrige Oliver und seine j\u00fcngeren Br\u00fcder Christian und Michael \u00fcberleben die schlimmste Nacht ihres Lebens. Ihr Vater ermordet Mutter und weitere Geschwister. Das Motiv scheint auf der Hand zu liegen: Untreue.<br \/>\nDoch Oliver und seine Br\u00fcder wollen nicht daran glauben, insbesondere als auf Christian ein Anschlag ver\u00fcbt wird.<br \/>\nFassungslos \u00fcber die Tat und die Inaktivit\u00e4t der Polizei, suchen sie auf eigene Faust nach der Wahrheit und sto\u00dfen auf einen unheimlichen Gegner. Lediglich der unerfahrene Kommissar Daniel Kuhn steht ihnen bei.<\/p>\n<p>Zur selben Zeit werden mehrere Tote im Haus des einzigen noch lebenden Verwandten entdeckt. Die Leichen liegen bereits seit 70 Jahre dort. Die F\u00e4lle scheinen nichts miteinander zu tun zu haben, aber Olivers Neugier ist unstillbar. Er glaubt nicht an Zuf\u00e4lle und findet die Gemeinsamkeiten in beiden F\u00e4llen.<br \/>\nDoch ihre Gegner scheinen nicht unter den Lebenden zu weilen.<\/p>\n<p><a href=\"http:\/\/www.youtube.com\/watch?v=jhYhxT8jiIw\">http:\/\/www.youtube.com\/watch?v=jhYhxT8jiIw<\/a><\/p>\n<p>Sagt mir, was ihr davon haltet. Gef\u00e4llt er euch? Macht er euch neugierig?<\/p>\n<p>Btw, ich habe zu diesem Buch auch ein paar wirklich sch\u00f6ne Rezis bekommen. Ein besonders tolles <a title=\"Review Sabine zu Der Rebell\" href=\"http:\/\/daisyandbooks.wordpress.com\/2013\/11\/08\/buchtipp-der-rebell-von-tanja-meurer-schattengrenzen-2\/\" target=\"_blank\">Review<\/a> stammt von Sabine Creutz\/ <a title=\"http:\/\/daisyandbooks.wordpress.com\/\" href=\"http:\/\/daisyandbooks.wordpress.com\/\" target=\"_blank\">Daisyandbooks<\/a>. Ein weiteres sehr sch\u00f6nes stammt aus <a title=\"http:\/\/ideen-sammelsurium.blogspot.de\/\" href=\"http:\/\/ideen-sammelsurium.blogspot.de\/\" target=\"_blank\">Sandras<\/a> Feder &#8211; <a title=\"Sandras Review zu Der Rebell\" href=\"http:\/\/ideen-sammelsurium.blogspot.de\/2013\/11\/der-rebell-von-tanja-meurer.html\" target=\"_blank\">Hier<\/a>. Kathrin hat auch eine sehr sch\u00f6ne <a title=\"http:\/\/www.lovelybooks.de\/autor\/Tanja-Meurer\/Der-Rebell-Schattengrenzen-2-1061086504-w\/rezension\/1064064226\/\" href=\"http:\/\/www.lovelybooks.de\/autor\/Tanja-Meurer\/Der-Rebell-Schattengrenzen-2-1061086504-w\/rezension\/1064064226\/\" target=\"_blank\">Rezi<\/a> geschrieben. Genauso toll war <a title=\"http:\/\/kitty411buecherblog.wordpress.com\/\" href=\"http:\/\/kitty411buecherblog.wordpress.com\/\" target=\"_blank\">Kittys<\/a>\u00a0&#8211; <a title=\"Katharinas Rezi zu Der Rebell\" href=\"http:\/\/kitty411buecherblog.wordpress.com\/2013\/10\/24\/rezension-zu-der-rebell-schattengrenzen-2-von-tanja-meurer\/\" target=\"_blank\">Hier<\/a>.<\/p>\n<p>Okay, seeeeeehr viele Infos \ud83d\ude42 Dann viel Spa\u00df (auch beim St\u00f6bern auf den Blogs von Kitty, Sabine und Sandra).<\/p>\n<p>Im \u00dcbrigen findet diesen Samstag auf der <a title=\"http:\/\/www.dreieichcon.de\/\" href=\"http:\/\/www.dreieichcon.de\/\" target=\"_blank\">DreieichCon<\/a> (einer der ber\u00fchmtesten und ber\u00fcchtigtsten Rollenspiel Cons nah Offenbach\/ Hessen) eine Reihe von Lesungen statt. Tom Daut, Torsten Low, Juliane Seidel Laura Jane Arnold, Andr\u00e9 Wiesler, Tom Finn, Bernhard Hennen, Karl-Heinz Witzko, Monika Thamm, Wolfgang Hohlbein und ich sind dabei, alle am Samstag. Hier das <a title=\"http:\/\/www.dreieichcon.de\/lesungen_und_vortraege.htm\" href=\"http:\/\/www.dreieichcon.de\/lesungen_und_vortraege.htm\" target=\"_blank\">Programm<\/a>.<\/p>\n<p>Meine Lesung beginnt &#8211; passend zum Horrorthema &#8211; erst um 22:00 h und geht bis 23:00 h. Ich lese im Raum C2. Mehr dazu findet ihr <a title=\"http:\/\/www.dreieichcon.de\/lesungen_tanja-meurer_glasseelen_der-rebell.htm\" href=\"http:\/\/www.dreieichcon.de\/lesungen_tanja-meurer_glasseelen_der-rebell.htm\" target=\"_blank\">hier<\/a>. Jule und ich sind aber beide Tage auch als Illustratoren da. Wer uns also treffen will &#8230; hier ist eure Chance \ud83d\ude42<\/p>\n<p>Ganz liebe Gr\u00fc\u00dfe<\/p>\n<p>Tanja<\/p>\n","protected":false},"excerpt":{"rendered":"<p>Hallo zusammen, in der letzten Zeit habe ich eher Funkstille gehalten, was nicht zuletzt an meinem Urlaub und der Arbeit lag, unter anderem vieler Zeichenarbeiten (mit denen ich noch immer im R\u00fcckstand bin). \u00a0Leider hat auch die XTME-Aktion nur wenig gebracht und ich habe eine Weile in den sprichw\u00f6rtlichen Seilen gehangen. Daf\u00fcr hat mich die&#8230;<\/p>\n","protected":false},"author":1,"featured_media":0,"comment_status":"open","ping_status":"open","sticky":false,"template":"","format":"standard","meta":{"_jetpack_memberships_contains_paid_content":false,"footnotes":""},"categories":[2,421,24,26,40,13,14,3,18],"tags":[97,99,109,115,131,148,176,199,212,232,234,274,284,319,320,323,338,378,380,395,410,415],"class_list":["post-411","post","type-post","status-publish","format-standard","hentry","category-autor","category-blog","category-bucher","category-der-rebell-schattengrenzen-ii","category-lesungen","category-projekte","category-schattengrenzen","category-uber-mich-personliches","category-veroffentlichungen","tag-berlin","tag-bernhard-hennen","tag-bookshouse","tag-buchtrailer","tag-dachau","tag-dreieich-con","tag-gay","tag-heike-und-wolfgang-holbein","tag-horror-thriller","tag-juliane-seidel","tag-karl-heinz-witzko","tag-literatur","tag-martin-skerhut","tag-penpaper-rollenspiel","tag-personliches","tag-polizei","tag-rollenspiel-convention","tag-thomas-finn","tag-tom-finn","tag-vater","tag-wolfgang-hohlbein","tag-yayuco-2013"],"jetpack_sharing_enabled":true,"jetpack_featured_media_url":"","_links":{"self":[{"href":"https:\/\/www.schattengrenzen.de\/index.php?rest_route=\/wp\/v2\/posts\/411","targetHints":{"allow":["GET"]}}],"collection":[{"href":"https:\/\/www.schattengrenzen.de\/index.php?rest_route=\/wp\/v2\/posts"}],"about":[{"href":"https:\/\/www.schattengrenzen.de\/index.php?rest_route=\/wp\/v2\/types\/post"}],"author":[{"embeddable":true,"href":"https:\/\/www.schattengrenzen.de\/index.php?rest_route=\/wp\/v2\/users\/1"}],"replies":[{"embeddable":true,"href":"https:\/\/www.schattengrenzen.de\/index.php?rest_route=%2Fwp%2Fv2%2Fcomments&post=411"}],"version-history":[{"count":1,"href":"https:\/\/www.schattengrenzen.de\/index.php?rest_route=\/wp\/v2\/posts\/411\/revisions"}],"predecessor-version":[{"id":1279,"href":"https:\/\/www.schattengrenzen.de\/index.php?rest_route=\/wp\/v2\/posts\/411\/revisions\/1279"}],"wp:attachment":[{"href":"https:\/\/www.schattengrenzen.de\/index.php?rest_route=%2Fwp%2Fv2%2Fmedia&parent=411"}],"wp:term":[{"taxonomy":"category","embeddable":true,"href":"https:\/\/www.schattengrenzen.de\/index.php?rest_route=%2Fwp%2Fv2%2Fcategories&post=411"},{"taxonomy":"post_tag","embeddable":true,"href":"https:\/\/www.schattengrenzen.de\/index.php?rest_route=%2Fwp%2Fv2%2Ftags&post=411"}],"curies":[{"name":"wp","href":"https:\/\/api.w.org\/{rel}","templated":true}]}}