{"id":400,"date":"2013-10-08T16:23:50","date_gmt":"2013-10-08T16:23:50","guid":{"rendered":"http:\/\/lysander1330.wordpress.com\/?p=400"},"modified":"2018-04-13T17:43:03","modified_gmt":"2018-04-13T17:43:03","slug":"infos-zum-rebellen","status":"publish","type":"post","link":"https:\/\/www.schattengrenzen.de\/?p=400","title":{"rendered":"Infos zum Rebellen"},"content":{"rendered":"<p>Aus dem Klappentext erf\u00e4hrt man immer nur bedingt viele Infos. Was kann man sich schon unter dem Klappentext und dem Innenklappentext vorstellen?<\/p>\n<p>Der 16-j\u00e4hrige Oliver und seine j\u00fcngeren Br\u00fcder Christian und Michael \u00fcberleben die schlimmste Nacht ihres Lebens. Ihr Vater ermordet Mutter und weitere Geschwister. Das Motiv scheint auf der Hand zu liegen: Untreue.<br \/>\nDoch Oliver und seine Br\u00fcder wollen nicht daran glauben, insbesondere als auf Christian ein Anschlag ver\u00fcbt wird. Fassungslos \u00fcber die Tat und die Inaktivit\u00e4t der Polizei, suchen sie auf eigene Faust nach der Wahrheit und sto\u00dfen auf einen unheimlichen Gegner. Lediglich der unerfahrene Kommissar Daniel Kuhn steht ihnen bei.<\/p>\n<p>Zur selben Zeit werden mehrere Tote im Haus des einzigen noch lebenden Verwandten entdeckt. Die Leichen liegen bereits seit 70 Jahre dort. Die F\u00e4lle scheinen nichts miteinander zu tun zu haben, aber Olivers Neugier ist unstillbar. Er glaubt nicht an Zuf\u00e4lle und findet die Gemeinsamkeiten in beiden F\u00e4llen.<br \/>\nDoch ihre Gegner scheinen nicht unter den Lebenden zu weilen.<\/p>\n<p>*** und ***<\/p>\n<p>Olivers Welt bricht zusammen, als sein Vater wie von Sinnen \u00fcber seine Mutter und seine Geschwister herf\u00e4llt. Nur Christian und Michael \u00fcberleben die Mordnacht unbeschadet. Oliver muss nach seinen schweren Verletzungen reanimiert werden.\u00a0Danach \u00e4ndert sich seine Realit\u00e4t. Er hat einen Blick hinter den &#8220;Spiegel&#8221; geworfen. Obwohl er diese Welt gern ausschlie\u00dfen will, begleitet sie ihn.<\/p>\n<p>Als auf Christian ein Anschlag ver\u00fcbt wird und Michael ihm beteuert, der Angreifer habe sich vor seinen Augen in Luft aufgel\u00f6st, und zeitgleich weitere Tote gefunden werden, will Oliver nicht mehr unt\u00e4tig abwarten. Zusammen mit seinem Freund, der jungen Kriminalkommissar Daniel Kuhn, taucht er in die Ermittlungen ein. Gemeinsam setzen sie die einzelnen Fragmente einer Vergangenheit zusammen, deren Auswirkungen die Katastrophen in der Gegenwart begr\u00fcnden.<\/p>\n<p>Okay, hier ein\u00a0paar Grund-Infos zu &#8220;Der Rebell&#8221;:<\/p>\n<p>1. Es spielt in Wiesbaden<br \/>\n2. Der Protagonist ist Oliver, ein 16-j\u00e4hriger Junge (den Begriff hasst er), der weitaus erwachsener reagiert<br \/>\n3. Camilla ist dabei, aber erst am Ende des ersten Drittels (und sie ist viel entspannter als in &#8220;Glasseelen&#8221;, schlie\u00dflich betrifft es sie nur noch indirekt)<br \/>\n4. Matthias Habicht (Glasseelen) \u00fcbernimmt eine sehr gro\u00dfe Rolle<br \/>\n5. Bernd Wei\u00dfhaupt (Glasseelen) ist auch wieder mit von der Partie (und er entwickelt eine Phobie gegen \u00fcbernat\u00fcrliche Ereignisse)<br \/>\n6. Das Buch ist etwas brutaler als der erste Band und damit auch generell heftiger.<br \/>\n7. Es ist eine Geisterhaus-Geschichte, die zugleich in zwei Kriminalf\u00e4lle ausl\u00e4uft<br \/>\n8. Es ist unheimlich (nicht durchg\u00e4nig, aber an vielen Stellen)<br \/>\n9. Olli hat kein h\u00fcbsches M\u00e4del an seiner Seite &#8211; er ist schwul (und er wei\u00df es)<br \/>\n10. Es gibt da noch den lieben Daniel &#8230; einen unkonventionellen Beamten, der auch etwas &#8230; anders ist \ud83d\ude09<br \/>\n11. Es gibt keine Unterwelten (aber einen Keller, der Oliver fast zu Verh\u00e4ngnis wird)<br \/>\n12. Literarisch gibt es nur eine schwache Vorlage, die wird aber nur am Rand erw\u00e4hnt.<br \/>\n13. Die Geschichte ist geradliniger als &#8220;Glasseelen&#8221;.<\/p>\n<p>Die Fragerunde zu dem Buch startet heute, um 19:30 h auf LovelyBooks. Alle weiteren Details erfahrt ihr bei Interesse sp\u00e4ter \ud83d\ude09<\/p>\n<p><a href=\"http:\/\/www.lovelybooks.de\/autor\/Tanja-Meurer\/Der-Rebell-Schattengrenzen-2-1053057547-t\/leserunde\/1058994968\/\">http:\/\/www.lovelybooks.de\/autor\/Tanja-Meurer\/Der-Rebell-Schattengrenzen-2-1053057547-t\/leserunde\/1058994968\/<\/a><\/p>\n<p>Heute werden auch die ersten B\u00fccher zu &#8220;Der Rebell&#8221;\u00a0\u00fcber LovelyBooks verlost und zu den B\u00fcchern Illustrationen. Hier k\u00f6nnt ihr euch schon mal einen kleinen Eindruck davon verschaffen:<\/p>\n<figure id=\"attachment_107\" aria-describedby=\"caption-attachment-107\" style=\"width: 212px\" class=\"wp-caption aligncenter\"><a href=\"http:\/\/lysander1330.files.wordpress.com\/2013\/03\/dem-licht-so-fern_kl.jpg\"><img loading=\"lazy\" decoding=\"async\" class=\"size-medium wp-image-107\" alt=\"Dem Licht so fern\" src=\"http:\/\/lysander1330.files.wordpress.com\/2013\/03\/dem-licht-so-fern_kl.jpg?w=212\" width=\"212\" height=\"300\" srcset=\"https:\/\/www.schattengrenzen.de\/wp-content\/uploads\/2013\/03\/dem-licht-so-fern_kl.jpg 318w, https:\/\/www.schattengrenzen.de\/wp-content\/uploads\/2013\/03\/dem-licht-so-fern_kl-213x300.jpg 213w\" sizes=\"auto, (max-width: 212px) 100vw, 212px\" \/><\/a><figcaption id=\"caption-attachment-107\" class=\"wp-caption-text\">Dem Licht so fern &#8211; Tusche, A3<\/figcaption><\/figure>\n<p>Das Bild ist schon ein bisschen \u00e4lter, aber Jule liebt es \ud83d\ude09 Oliver und Jamal.<\/p>\n<figure id=\"attachment_402\" aria-describedby=\"caption-attachment-402\" style=\"width: 212px\" class=\"wp-caption aligncenter\"><a href=\"http:\/\/lysander1330.files.wordpress.com\/2013\/10\/wahre-liebe.jpg\"><img loading=\"lazy\" decoding=\"async\" class=\"size-medium wp-image-402\" alt=\"Wahre Liebe\" src=\"http:\/\/lysander1330.files.wordpress.com\/2013\/10\/wahre-liebe.jpg?w=212\" width=\"212\" height=\"300\" \/><\/a><figcaption id=\"caption-attachment-402\" class=\"wp-caption-text\">Wahre Liebe, Tusche, A3<\/figcaption><\/figure>\n<p>Das ist Oliver mit seinem (zu diesem Zeitpunkt) nicht mehr ganz so kleinen Bruder Michael. Der Titel bezieht sich auf die dicke H\u00e4sin Opa.<\/p>\n<figure id=\"attachment_113\" aria-describedby=\"caption-attachment-113\" style=\"width: 212px\" class=\"wp-caption aligncenter\"><a href=\"http:\/\/lysander1330.files.wordpress.com\/2013\/03\/lass-mich-deine-stc3a4rke-sein_kl.jpg\"><img loading=\"lazy\" decoding=\"async\" class=\"size-medium wp-image-113\" alt=\"Lass mich Deine St\u00e4rke sein\" src=\"http:\/\/lysander1330.files.wordpress.com\/2013\/03\/lass-mich-deine-stc3a4rke-sein_kl.jpg?w=212\" width=\"212\" height=\"300\" srcset=\"https:\/\/www.schattengrenzen.de\/wp-content\/uploads\/2013\/03\/lass-mich-deine-stc3a4rke-sein_kl.jpg 725w, https:\/\/www.schattengrenzen.de\/wp-content\/uploads\/2013\/03\/lass-mich-deine-stc3a4rke-sein_kl-212x300.jpg 212w\" sizes=\"auto, (max-width: 212px) 100vw, 212px\" \/><\/a><figcaption id=\"caption-attachment-113\" class=\"wp-caption-text\">Lass mich Deine St\u00e4rke sein, Tusche A3<\/figcaption><\/figure>\n<p>Ein weiteres Bild mit dem inzwischen erwachsenen Jamal &#8211; ein paar Jahre nach &#8220;Der Rebell&#8221;.<\/p>\n<figure id=\"attachment_108\" aria-describedby=\"caption-attachment-108\" style=\"width: 211px\" class=\"wp-caption aligncenter\"><a href=\"http:\/\/lysander1330.files.wordpress.com\/2013\/03\/die-nacht-in-mir_illu.jpg\"><img loading=\"lazy\" decoding=\"async\" class=\"size-medium wp-image-108\" alt=\"Die Nacht in mir\" src=\"http:\/\/lysander1330.files.wordpress.com\/2013\/03\/die-nacht-in-mir_illu.jpg?w=211\" width=\"211\" height=\"300\" srcset=\"https:\/\/www.schattengrenzen.de\/wp-content\/uploads\/2013\/03\/die-nacht-in-mir_illu.jpg 537w, https:\/\/www.schattengrenzen.de\/wp-content\/uploads\/2013\/03\/die-nacht-in-mir_illu-211x300.jpg 211w\" sizes=\"auto, (max-width: 211px) 100vw, 211px\" \/><\/a><figcaption id=\"caption-attachment-108\" class=\"wp-caption-text\">Die Nacht in mir &#8211; Bleistift, A3<\/figcaption><\/figure>\n<p>Ein einzelnes Portrait von Oliver, zu dem eine entsprechende Kurzgeschichte geh\u00f6rt.<\/p>\n<p>Wenn ihr heute mitmacht, k\u00f6nnt ihr eines der B\u00fccher und eines der Bilder gewinnen \ud83d\ude42 Eure Losfee ist Katja. Viel Gl\u00fcck also und fragt mich einfach alles, was ihr wollt.<\/p>\n<p>Liebe Gr\u00fc\u00dfe<\/p>\n<p>Tanja<\/p>\n<figure id=\"attachment_301\" aria-describedby=\"caption-attachment-301\" style=\"width: 300px\" class=\"wp-caption aligncenter\"><a href=\"http:\/\/lysander1330.files.wordpress.com\/2013\/06\/51_cover.jpg\"><img loading=\"lazy\" decoding=\"async\" class=\"size-medium wp-image-301\" alt=\"Der Rebell - Cover\" src=\"http:\/\/lysander1330.files.wordpress.com\/2013\/06\/51_cover.jpg?w=300\" width=\"300\" height=\"206\" srcset=\"https:\/\/www.schattengrenzen.de\/wp-content\/uploads\/2013\/06\/51_cover.jpg 1019w, https:\/\/www.schattengrenzen.de\/wp-content\/uploads\/2013\/06\/51_cover-300x206.jpg 300w, https:\/\/www.schattengrenzen.de\/wp-content\/uploads\/2013\/06\/51_cover-768x528.jpg 768w\" sizes=\"auto, (max-width: 300px) 100vw, 300px\" \/><\/a><figcaption id=\"caption-attachment-301\" class=\"wp-caption-text\">Der Rebell &#8211; Cover<\/figcaption><\/figure>\n","protected":false},"excerpt":{"rendered":"<p>Aus dem Klappentext erf\u00e4hrt man immer nur bedingt viele Infos. Was kann man sich schon unter dem Klappentext und dem Innenklappentext vorstellen? Der 16-j\u00e4hrige Oliver und seine j\u00fcngeren Br\u00fcder Christian und Michael \u00fcberleben die schlimmste Nacht ihres Lebens. Ihr Vater ermordet Mutter und weitere Geschwister. Das Motiv scheint auf der Hand zu liegen: Untreue. Doch&#8230;<\/p>\n","protected":false},"author":1,"featured_media":0,"comment_status":"open","ping_status":"open","sticky":false,"template":"","format":"standard","meta":{"_jetpack_memberships_contains_paid_content":false,"footnotes":""},"categories":[2,421,24,26,31,36,38,14,18],"tags":[85,92,102,171,189,212,233,266,277,300,323,356,395,407],"class_list":["post-400","post","type-post","status-publish","format-standard","hentry","category-autor","category-blog","category-bucher","category-der-rebell-schattengrenzen-ii","category-gewinnspiele","category-illustrationen-skizzen","category-infos","category-schattengrenzen","category-veroffentlichungen","tag-augen","tag-beamten","tag-bild","tag-fragerunde","tag-gewinnspiel","tag-horror-thriller","tag-junge","tag-leserunde","tag-lovelybooks","tag-mystery-thriller","tag-polizei","tag-schwul","tag-vater","tag-wiesbaden"],"jetpack_sharing_enabled":true,"jetpack_featured_media_url":"","_links":{"self":[{"href":"https:\/\/www.schattengrenzen.de\/index.php?rest_route=\/wp\/v2\/posts\/400","targetHints":{"allow":["GET"]}}],"collection":[{"href":"https:\/\/www.schattengrenzen.de\/index.php?rest_route=\/wp\/v2\/posts"}],"about":[{"href":"https:\/\/www.schattengrenzen.de\/index.php?rest_route=\/wp\/v2\/types\/post"}],"author":[{"embeddable":true,"href":"https:\/\/www.schattengrenzen.de\/index.php?rest_route=\/wp\/v2\/users\/1"}],"replies":[{"embeddable":true,"href":"https:\/\/www.schattengrenzen.de\/index.php?rest_route=%2Fwp%2Fv2%2Fcomments&post=400"}],"version-history":[{"count":1,"href":"https:\/\/www.schattengrenzen.de\/index.php?rest_route=\/wp\/v2\/posts\/400\/revisions"}],"predecessor-version":[{"id":1282,"href":"https:\/\/www.schattengrenzen.de\/index.php?rest_route=\/wp\/v2\/posts\/400\/revisions\/1282"}],"wp:attachment":[{"href":"https:\/\/www.schattengrenzen.de\/index.php?rest_route=%2Fwp%2Fv2%2Fmedia&parent=400"}],"wp:term":[{"taxonomy":"category","embeddable":true,"href":"https:\/\/www.schattengrenzen.de\/index.php?rest_route=%2Fwp%2Fv2%2Fcategories&post=400"},{"taxonomy":"post_tag","embeddable":true,"href":"https:\/\/www.schattengrenzen.de\/index.php?rest_route=%2Fwp%2Fv2%2Ftags&post=400"}],"curies":[{"name":"wp","href":"https:\/\/api.w.org\/{rel}","templated":true}]}}