{"id":40,"date":"2013-03-12T18:41:38","date_gmt":"2013-03-12T18:41:38","guid":{"rendered":"http:\/\/lysander1330.wordpress.com\/?p=40"},"modified":"2018-04-13T17:52:37","modified_gmt":"2018-04-13T17:52:37","slug":"terminterror","status":"publish","type":"post","link":"https:\/\/www.schattengrenzen.de\/?p=40","title":{"rendered":"Terminterror"},"content":{"rendered":"<p>Hier werde ich einfach immer wieder aktualisieren \ud83d\ude09<\/p>\n<h2>Termine<\/h2>\n<p><strong>Lesungen:<\/strong><\/p>\n<p>13.04.2013, 17:00 Uhr,<strong>\u00a0<\/strong>Lesung &#8220;Glasseelen&#8221; &#8211; Buchhandlung R\u00fchs, Bad Nauheim<\/p>\n<p>30.04.2013, 18:30 Uhr, Lesung &#8220;Glasseelen&#8221;, Sinceritas Buchhandlung, Neckasteinach<\/p>\n<p>05.05.2013, Lesung aus &#8220;Mord ohne Leiche&#8221;,\u00a0<a href=\"http:\/\/aethercircus.blogspot.de\/\" target=\"_blank\">Steampunkfestival Aethercircus<\/a>, Stade<\/p>\n<p>20.07.2013, 18:00 Uhr, Lesung aus &#8220;Glasseelen&#8221; und &#8220;Der Rebell&#8221;,<a href=\"http:\/\/www.lesecafe-wiesbaden.de.vu\/\" target=\"_blank\">\u00a0Caf\u00e9 Anderswo<\/a>, Wiesbaden<\/p>\n<p>03.10.2013, Lesung aus &#8220;Glasseelen&#8221; und &#8220;Der Rebell&#8221;, Denkmal Kunst &#8211; Kunst Denkmal, Hann. M\u00fcnden<\/p>\n<p><strong>vergangene Lesungen:<br \/>\n<\/strong><\/p>\n<p>08.03.2013, 21:00 Uhr, Lesung aus &#8220;Die K\u00f6che II &#8211; Die Speisekammer des Schlemmens&#8221;, Kurzgeschichte &#8220;Zucchinischlacht&#8221;, Leseb\u00fchne des Gl\u00fccks, Frankfurt Bornheim<\/p>\n<p>24.02.2013, 15:30 Uhr, Lesung aus &#8220;Glasseelen&#8221;,\u00a0<a href=\"http:\/\/die-hombuch.de\/\" target=\"_blank\">Hombuch<\/a>, Homburg (Saar)<\/p>\n<p>09.02.2013, 19:30 Uhr, Lesung aus &#8220;Glasseelen&#8221;, Cafe-Lounge Jasmin, Frankfurt Fechenheim<strong>\u00a0<\/strong><\/p>\n<p>02.11.2012, 19:30 Uhr Lesung &#8220;Der Misanthrop&#8221;, Haloween Lesung,\u00a0<a href=\"http:\/\/www.cafe-lounge-jasmin.de\/\" target=\"_blank\">Cafe-Lounge Jasmin<\/a>, Frankfurt Fechenheim<\/p>\n<p>28.07.2012, 17:00 Uhr Lesung &#8220;Hilflos&#8221;, Fechenheimer Literaturfestival, Frankfurt<\/p>\n<p>28.07.2012, 21:30 Uhr Lesung &#8220;Glasseelen&#8221;, Fechenheimer Literaturfestival, Frankfurt<\/p>\n<p>18.02.2012\u00a0Lesung,\u00a0<a href=\"http:\/\/www.imanderswo.de\/\">Caf\u00e9 Anderswo<\/a>, Wiesbaden<\/p>\n<p>30.07.2011\u00a0Lesung &#8220;Fantasylesung Darmstadt&#8221;, Uni Darmstadt<\/p>\n<p>21.05.2011 Steampunk- Lesung &#8220;Lesecaf\u00e9 Wiesbaden&#8221;,\u00a0<a href=\"http:\/\/www.imanderswo.de\/\">Caf\u00e9 Anderswo<\/a>, Wiesbaden<\/p>\n<p>17.09.2010\u00a0Lesung &#8220;Parallelwelten II&#8221;,\u00a0<a href=\"http:\/\/www.imanderswo.de\/\">Caf\u00e9 Anderswo<\/a>, Wiesbaden<\/p>\n<p>19.02.2010 Lesung &#8220;Parallelwelten&#8221;,\u00a0<a href=\"http:\/\/www.imanderswo.de\/\">Caf\u00e9 Anderswo<\/a>, Wiesbaden<\/p>\n","protected":false},"excerpt":{"rendered":"<p>Hier werde ich einfach immer wieder aktualisieren \ud83d\ude09 Termine Lesungen: 13.04.2013, 17:00 Uhr,\u00a0Lesung &#8220;Glasseelen&#8221; &#8211; Buchhandlung R\u00fchs, Bad Nauheim 30.04.2013, 18:30 Uhr, Lesung &#8220;Glasseelen&#8221;, Sinceritas Buchhandlung, Neckasteinach 05.05.2013, Lesung aus &#8220;Mord ohne Leiche&#8221;,\u00a0Steampunkfestival Aethercircus, Stade 20.07.2013, 18:00 Uhr, Lesung aus &#8220;Glasseelen&#8221; und &#8220;Der Rebell&#8221;,\u00a0Caf\u00e9 Anderswo, Wiesbaden 03.10.2013, Lesung aus &#8220;Glasseelen&#8221; und &#8220;Der Rebell&#8221;, Denkmal Kunst&#8230;<\/p>\n","protected":false},"author":1,"featured_media":0,"comment_status":"open","ping_status":"open","sticky":false,"template":"","format":"standard","meta":{"_jetpack_memberships_contains_paid_content":false,"footnotes":""},"categories":[22,2,421,25,26,32,61,64,14,16,49],"tags":[],"class_list":["post-40","post","type-post","status-publish","format-standard","hentry","category-antologiebeitrage","category-autor","category-blog","category-das-gewicht-einer-seele","category-der-rebell-schattengrenzen-ii","category-glasseelen-schattengrenzen-i","category-mord-ohne-leiche","category-ruf-der-sterne","category-schattengrenzen","category-termine","category-zucchinischlacht-antologiebeitrage"],"jetpack_sharing_enabled":true,"jetpack_featured_media_url":"","_links":{"self":[{"href":"https:\/\/www.schattengrenzen.de\/index.php?rest_route=\/wp\/v2\/posts\/40","targetHints":{"allow":["GET"]}}],"collection":[{"href":"https:\/\/www.schattengrenzen.de\/index.php?rest_route=\/wp\/v2\/posts"}],"about":[{"href":"https:\/\/www.schattengrenzen.de\/index.php?rest_route=\/wp\/v2\/types\/post"}],"author":[{"embeddable":true,"href":"https:\/\/www.schattengrenzen.de\/index.php?rest_route=\/wp\/v2\/users\/1"}],"replies":[{"embeddable":true,"href":"https:\/\/www.schattengrenzen.de\/index.php?rest_route=%2Fwp%2Fv2%2Fcomments&post=40"}],"version-history":[{"count":1,"href":"https:\/\/www.schattengrenzen.de\/index.php?rest_route=\/wp\/v2\/posts\/40\/revisions"}],"predecessor-version":[{"id":1337,"href":"https:\/\/www.schattengrenzen.de\/index.php?rest_route=\/wp\/v2\/posts\/40\/revisions\/1337"}],"wp:attachment":[{"href":"https:\/\/www.schattengrenzen.de\/index.php?rest_route=%2Fwp%2Fv2%2Fmedia&parent=40"}],"wp:term":[{"taxonomy":"category","embeddable":true,"href":"https:\/\/www.schattengrenzen.de\/index.php?rest_route=%2Fwp%2Fv2%2Fcategories&post=40"},{"taxonomy":"post_tag","embeddable":true,"href":"https:\/\/www.schattengrenzen.de\/index.php?rest_route=%2Fwp%2Fv2%2Ftags&post=40"}],"curies":[{"name":"wp","href":"https:\/\/api.w.org\/{rel}","templated":true}]}}