{"id":390,"date":"2013-10-05T14:22:23","date_gmt":"2013-10-05T14:22:23","guid":{"rendered":"http:\/\/lysander1330.wordpress.com\/?p=390"},"modified":"2018-04-13T17:43:33","modified_gmt":"2018-04-13T17:43:33","slug":"bewerbungsrunde-zu-leserunde-der-rebell-schattengrenzen-ii","status":"publish","type":"post","link":"https:\/\/www.schattengrenzen.de\/?p=390","title":{"rendered":"Bewerbungsrunde zu Leserunde &#8220;Der Rebell &#8211; Schattengrenzen II&#8221;"},"content":{"rendered":"<p>&nbsp;<\/p>\n<p>Hallo ihr Lieben,<\/p>\n<p>Bookshouse hat gestern, am 04.10., die Bewerbungsrunde zu der Leserunde &#8220;Der Rebell&#8221; gestartet. Diese Bewerbungsphase geht bis zum 13.10.<\/p>\n<p>F\u00fcr all die, die noch nie an einer Leserunde teilgenommen haben und nicht wissen, was das ist und worauf sie sich einlassen, hier eine kurze Ekl\u00e4rung:<\/p>\n<p>In einer Leserunde bewerbt ihr euch bei dem angegebenenen Link (<a title=\"http:\/\/www.lovelybooks.de\/autor\/Tanja-Meurer\/Der-Rebell-Schattengrenzen-2-1053057547-t\/leserunde\/1058994968\/\" href=\"http:\/\/www.lovelybooks.de\/autor\/Tanja-Meurer\/Der-Rebell-Schattengrenzen-2-1053057547-t\/leserunde\/1058994968\/\" target=\"_blank\">http:\/\/www.lovelybooks.de\/autor\/Tanja-Meurer\/Der-Rebell-Schattengrenzen-2-1053057547-t\/leserunde\/1058994968\/<\/a>).<br \/>\nWenn ihr daf\u00fcr ausgew\u00e4hlt werdet, m\u00fcsst ihr angeben, in welchem Format ihr das Buch haben wollt (f\u00fcr den eBook-Reader als PDF, ePub oder Mobi) und als Buch. Das wird euch kostenlos zur Verf\u00fcgung gestellt.<br \/>\nEine Leserunde teilt sich immer in Kapitel auf, soll hei\u00dfen in einzelne Abschnitte, die bewertet werden m\u00fcssen (wie viele Abschnitte es werden, wei\u00df ich nicht).<br \/>\nDarin k\u00f6nnt ihr schreiben, was euch an den Kapiteln aufgefallen ist &#8211; was gut und was schlecht ist. Zu Ende schreibt ihr zu dem Buch eine Rezension und ladet sie auf LB hoch.<\/p>\n<p>Wer weitere Fragen hat, kann Sie mir gern jederzeit stellen.<br \/>\nBtw, am Dienstag den 08.10. findet \u00fcber LB eine Fragerunde statt. Ihr k\u00f6nnt mir also gern nach allen Regeln der Kunst ein Loch in den Bauch fragen.<br \/>\n<a title=\"Anmeldung Leserunde LovelyBooks\" href=\"http:\/\/www.lovelybooks.de\/autor\/Tanja-Meurer\/Der-Rebell-Schattengrenzen-2-1053057547-t\/leserunde\/1058994968\/\" target=\"_blank\">http:\/\/www.lovelybooks.de\/autor\/Tanja-Meurer\/Der-Rebell-Schattengrenzen-2-1053057547-t\/leserunde\/1058994968\/<\/a><br \/>\nDanach findet auch direkt die Verlosung statt. Btw, Katja ist eure Gl\u00fccksfee und Begleiterin, Moderatorin und Schulter zum Ausweinen f\u00fcr diese Leserunde \ud83d\ude42<\/p>\n<p>&#8220;Der Rebell&#8221; ist im \u00dcbrigen ein unheimlicherer Band. Man muss nicht zwingend &#8220;Glasseelen&#8221; gelesen haben, aber es w\u00e4re nicht schlecht, weil drei Charaktere aus Buch eins auch in Buch zwei auftauchen und einer eine Schl\u00fcsselrolle hat.<br \/>\nEs geht auch wieder um einen Kriminalfall (eigentlich um zwei), es spielt in Wiesbaden und wer Geisterhaus-Filme und B\u00fccher mag, k\u00f6nnte das Buch m\u00f6gen.<\/p>\n<p>Viel Spa\u00df also damit \ud83d\ude00<\/p>\n<p>Liebe Gr\u00fc\u00dfe<\/p>\n<p>Tanja<\/p>\n","protected":false},"excerpt":{"rendered":"<p>&nbsp; Hallo ihr Lieben, Bookshouse hat gestern, am 04.10., die Bewerbungsrunde zu der Leserunde &#8220;Der Rebell&#8221; gestartet. Diese Bewerbungsphase geht bis zum 13.10. F\u00fcr all die, die noch nie an einer Leserunde teilgenommen haben und nicht wissen, was das ist und worauf sie sich einlassen, hier eine kurze Ekl\u00e4rung: In einer Leserunde bewerbt ihr euch&#8230;<\/p>\n","protected":false},"author":1,"featured_media":0,"comment_status":"open","ping_status":"open","sticky":false,"template":"","format":"standard","meta":{"_jetpack_memberships_contains_paid_content":false,"footnotes":""},"categories":[2,421,24,26,31,36,38,13,14,18],"tags":[100,153,176,193,212,266,277,300,376,407],"class_list":["post-390","post","type-post","status-publish","format-standard","hentry","category-autor","category-blog","category-bucher","category-der-rebell-schattengrenzen-ii","category-gewinnspiele","category-illustrationen-skizzen","category-infos","category-projekte","category-schattengrenzen","category-veroffentlichungen","tag-bewerbung","tag-ebooks","tag-gay","tag-gratis","tag-horror-thriller","tag-leserunde","tag-lovelybooks","tag-mystery-thriller","tag-tanja-meurer","tag-wiesbaden"],"jetpack_sharing_enabled":true,"jetpack_featured_media_url":"","_links":{"self":[{"href":"https:\/\/www.schattengrenzen.de\/index.php?rest_route=\/wp\/v2\/posts\/390","targetHints":{"allow":["GET"]}}],"collection":[{"href":"https:\/\/www.schattengrenzen.de\/index.php?rest_route=\/wp\/v2\/posts"}],"about":[{"href":"https:\/\/www.schattengrenzen.de\/index.php?rest_route=\/wp\/v2\/types\/post"}],"author":[{"embeddable":true,"href":"https:\/\/www.schattengrenzen.de\/index.php?rest_route=\/wp\/v2\/users\/1"}],"replies":[{"embeddable":true,"href":"https:\/\/www.schattengrenzen.de\/index.php?rest_route=%2Fwp%2Fv2%2Fcomments&post=390"}],"version-history":[{"count":1,"href":"https:\/\/www.schattengrenzen.de\/index.php?rest_route=\/wp\/v2\/posts\/390\/revisions"}],"predecessor-version":[{"id":1284,"href":"https:\/\/www.schattengrenzen.de\/index.php?rest_route=\/wp\/v2\/posts\/390\/revisions\/1284"}],"wp:attachment":[{"href":"https:\/\/www.schattengrenzen.de\/index.php?rest_route=%2Fwp%2Fv2%2Fmedia&parent=390"}],"wp:term":[{"taxonomy":"category","embeddable":true,"href":"https:\/\/www.schattengrenzen.de\/index.php?rest_route=%2Fwp%2Fv2%2Fcategories&post=390"},{"taxonomy":"post_tag","embeddable":true,"href":"https:\/\/www.schattengrenzen.de\/index.php?rest_route=%2Fwp%2Fv2%2Ftags&post=390"}],"curies":[{"name":"wp","href":"https:\/\/api.w.org\/{rel}","templated":true}]}}