{"id":376,"date":"2013-10-02T05:13:12","date_gmt":"2013-10-02T05:13:12","guid":{"rendered":"http:\/\/lysander1330.wordpress.com\/?p=376"},"modified":"2018-04-13T17:43:58","modified_gmt":"2018-04-13T17:43:58","slug":"nu-aber-jetzt-sind-sie-komplett-alle-5-lesezeichen-zu-der-rebell","status":"publish","type":"post","link":"https:\/\/www.schattengrenzen.de\/?p=376","title":{"rendered":"Nu&#8217; aber &#8230;. Jetzt sind sie komplett, alle 5 Lesezeichen zu &#8220;Der Rebell&#8221;"},"content":{"rendered":"<p>Gestern habe ich es wirklich in Rekordzeit geschafft Camilla Farbe zu verpassen. Der Bl\u00e4ssling mit den roten Haaren (oder wie Oliver sagen w\u00fcrde: das B\u00fcgelbrett) ist nun auch fertig. Ihr k\u00f6nnt euch nun das Lesezeichen, was euch am meisten gef\u00e4llt, direkt hier aussuchen &#8211; nat\u00fcrlich in Verbindung mit derm Roman und in Hinsicht auf das Gewinnspiel. Hier also noch mal die ganze Parade der Lesezeichen \ud83d\ude42<\/p>\n<figure id=\"attachment_347\" aria-describedby=\"caption-attachment-347\" style=\"width: 96px\" class=\"wp-caption aligncenter\"><a href=\"http:\/\/lysander1330.files.wordpress.com\/2013\/09\/olli.jpeg\"><img loading=\"lazy\" decoding=\"async\" class=\"size-medium wp-image-347\" alt=\"Oliver Hoffmann\" src=\"http:\/\/lysander1330.files.wordpress.com\/2013\/09\/olli.jpeg?w=96\" width=\"96\" height=\"300\" \/><\/a><figcaption id=\"caption-attachment-347\" class=\"wp-caption-text\">Oliver Hoffmann<\/figcaption><\/figure>\n<p>Olli &#8211; in &#8220;Der Rebell&#8221; der Hauptcharakter, ein junger Mann, der ziemlich k\u00e4mpfen muss, um seinen Halt nicht zu verlieren. Er hat zu seinen Br\u00fcdern eine sehr enge Beziehung, doch die folgenden vier Menschen werden sehr wichtig f\u00fcr ihn.<\/p>\n<figure id=\"attachment_379\" aria-describedby=\"caption-attachment-379\" style=\"width: 99px\" class=\"wp-caption aligncenter\"><a href=\"http:\/\/lysander1330.files.wordpress.com\/2013\/10\/daniel.jpeg\"><img loading=\"lazy\" decoding=\"async\" class=\"size-medium wp-image-379\" alt=\"Daniel Kuhn\" src=\"http:\/\/lysander1330.files.wordpress.com\/2013\/10\/daniel.jpeg?w=99\" width=\"99\" height=\"300\" \/><\/a><figcaption id=\"caption-attachment-379\" class=\"wp-caption-text\">Daniel Kuhn<\/figcaption><\/figure>\n<p>Daniel &#8211; Danni, wie Camilla ihn nennt, wenn sie \u00fcber ihn l\u00e4stert &#8211; ist ein sehr unkonventioneller Polizist und wird f\u00fcr Oliver zum Halt und einem festen Fokus. Er kennt Camilla, die Jahre j\u00fcnger ist, seit ihrer Kindheit und ist eng mit ihr befreundet.<\/p>\n<figure id=\"attachment_377\" aria-describedby=\"caption-attachment-377\" style=\"width: 101px\" class=\"wp-caption aligncenter\"><a href=\"http:\/\/lysander1330.files.wordpress.com\/2013\/10\/matthias.jpg\"><img loading=\"lazy\" decoding=\"async\" class=\"size-medium wp-image-377\" alt=\"Matthias Habicht\" src=\"http:\/\/lysander1330.files.wordpress.com\/2013\/10\/matthias.jpg?w=101\" width=\"101\" height=\"300\" \/><\/a><figcaption id=\"caption-attachment-377\" class=\"wp-caption-text\">Matthias Habicht<\/figcaption><\/figure>\n<p>Matthias ist Daniels Kollege, \u00e4lter, erfahrener und reizbarer. Auf Olivers und Daniels unkonventionelle\u00a0Art reagiert er br\u00fcsk und abweisend, unterst\u00fctzt aber, wenn er seinen Job in Gefahr sieht.<\/p>\n<figure id=\"attachment_373\" aria-describedby=\"caption-attachment-373\" style=\"width: 97px\" class=\"wp-caption aligncenter\"><a href=\"http:\/\/lysander1330.files.wordpress.com\/2013\/10\/christoph.jpg\"><img loading=\"lazy\" decoding=\"async\" class=\"size-medium wp-image-373\" alt=\"Christoph Kowalski\" src=\"http:\/\/lysander1330.files.wordpress.com\/2013\/10\/christoph.jpg?w=97\" width=\"97\" height=\"300\" srcset=\"https:\/\/www.schattengrenzen.de\/wp-content\/uploads\/2013\/10\/christoph.jpg 1055w, https:\/\/www.schattengrenzen.de\/wp-content\/uploads\/2013\/10\/christoph-97x300.jpg 97w, https:\/\/www.schattengrenzen.de\/wp-content\/uploads\/2013\/10\/christoph-768x2372.jpg 768w, https:\/\/www.schattengrenzen.de\/wp-content\/uploads\/2013\/10\/christoph-331x1024.jpg 331w\" sizes=\"auto, (max-width: 97px) 100vw, 97px\" \/><\/a><figcaption id=\"caption-attachment-373\" class=\"wp-caption-text\">Christoph Kowalski<\/figcaption><\/figure>\n<p>Wenn es einen ausgeglichenen Typ gibt, dann Christoph. Schon aus &#8220;Glasseelen&#8221; wohl bekannt, besitzt er gute Nehmerf\u00e4higkeiten. Er ist Camillas Partner und ein guter Freund Daniels.<\/p>\n<figure id=\"attachment_378\" aria-describedby=\"caption-attachment-378\" style=\"width: 98px\" class=\"wp-caption aligncenter\"><a href=\"http:\/\/lysander1330.files.wordpress.com\/2013\/10\/camilla.jpg\"><img loading=\"lazy\" decoding=\"async\" class=\"size-medium wp-image-378\" alt=\"Camilla Hofmann\" src=\"http:\/\/lysander1330.files.wordpress.com\/2013\/10\/camilla.jpg?w=98\" width=\"98\" height=\"300\" \/><\/a><figcaption id=\"caption-attachment-378\" class=\"wp-caption-text\">Camilla Hofmann<\/figcaption><\/figure>\n<p>Camilla ist der Hauptcharakter aus &#8220;Glasseelen&#8221;. Sie nimmt sich hier zur\u00fcck. In Olivers Fall kann sie gelassener an alle Probleme heran gehen, schon weil sie nicht die Hauptbetroffene ist. Sie unterst\u00fctzt wo sie kann und wird zur zuverl\u00e4ssigen Freundin.<\/p>\n<p>So, nun sind alle f\u00fcnf zusammen und ich bin ganz froh, dass die Lesezeichen fertig sind. Gestern war ich mir nicht ganz sicher, Camilla noch hinzubekommen, schon weil ich die meiste Zeit mit ihrem Lockenkopf zugebracht habe. Aber danach ging es eigentlich. H\u00e4tten Pebbles und Chuck, unsere Katzen, nicht alle paar minuten geschaut, was ich gemacht habe, w\u00e4re ich vielleicht sogar schneller voran gekommen.<\/p>\n","protected":false},"excerpt":{"rendered":"<p>Gestern habe ich es wirklich in Rekordzeit geschafft Camilla Farbe zu verpassen. Der Bl\u00e4ssling mit den roten Haaren (oder wie Oliver sagen w\u00fcrde: das B\u00fcgelbrett) ist nun auch fertig. Ihr k\u00f6nnt euch nun das Lesezeichen, was euch am meisten gef\u00e4llt, direkt hier aussuchen &#8211; nat\u00fcrlich in Verbindung mit derm Roman und in Hinsicht auf das&#8230;<\/p>\n","protected":false},"author":1,"featured_media":0,"comment_status":"open","ping_status":"open","sticky":false,"template":"","format":"standard","meta":{"_jetpack_memberships_contains_paid_content":false,"footnotes":""},"categories":[2,421,24,26,36,13,14,18],"tags":[97,122,139,190,191,212,215,267,300,407,412],"class_list":["post-376","post","type-post","status-publish","format-standard","hentry","category-autor","category-blog","category-bucher","category-der-rebell-schattengrenzen-ii","category-illustrationen-skizzen","category-projekte","category-schattengrenzen","category-veroffentlichungen","tag-berlin","tag-charakterbeschreibung","tag-der-rebell","tag-gewinnspiele","tag-glasseelen","tag-horror-thriller","tag-illustrationen","tag-lesezeichen","tag-mystery-thriller","tag-wiesbaden","tag-xtme"],"jetpack_sharing_enabled":true,"jetpack_featured_media_url":"","_links":{"self":[{"href":"https:\/\/www.schattengrenzen.de\/index.php?rest_route=\/wp\/v2\/posts\/376","targetHints":{"allow":["GET"]}}],"collection":[{"href":"https:\/\/www.schattengrenzen.de\/index.php?rest_route=\/wp\/v2\/posts"}],"about":[{"href":"https:\/\/www.schattengrenzen.de\/index.php?rest_route=\/wp\/v2\/types\/post"}],"author":[{"embeddable":true,"href":"https:\/\/www.schattengrenzen.de\/index.php?rest_route=\/wp\/v2\/users\/1"}],"replies":[{"embeddable":true,"href":"https:\/\/www.schattengrenzen.de\/index.php?rest_route=%2Fwp%2Fv2%2Fcomments&post=376"}],"version-history":[{"count":1,"href":"https:\/\/www.schattengrenzen.de\/index.php?rest_route=\/wp\/v2\/posts\/376\/revisions"}],"predecessor-version":[{"id":1286,"href":"https:\/\/www.schattengrenzen.de\/index.php?rest_route=\/wp\/v2\/posts\/376\/revisions\/1286"}],"wp:attachment":[{"href":"https:\/\/www.schattengrenzen.de\/index.php?rest_route=%2Fwp%2Fv2%2Fmedia&parent=376"}],"wp:term":[{"taxonomy":"category","embeddable":true,"href":"https:\/\/www.schattengrenzen.de\/index.php?rest_route=%2Fwp%2Fv2%2Fcategories&post=376"},{"taxonomy":"post_tag","embeddable":true,"href":"https:\/\/www.schattengrenzen.de\/index.php?rest_route=%2Fwp%2Fv2%2Ftags&post=376"}],"curies":[{"name":"wp","href":"https:\/\/api.w.org\/{rel}","templated":true}]}}