{"id":372,"date":"2013-10-01T04:59:56","date_gmt":"2013-10-01T04:59:56","guid":{"rendered":"http:\/\/lysander1330.wordpress.com\/?p=372"},"modified":"2018-04-13T17:44:10","modified_gmt":"2018-04-13T17:44:10","slug":"ein-weiteres-fertiges-lesezeichen-und-mehr-infos","status":"publish","type":"post","link":"https:\/\/www.schattengrenzen.de\/?p=372","title":{"rendered":"Ein weiteres &#8211; fertiges &#8211; Lesezeichen und mehr Infos :)"},"content":{"rendered":"<p>Wie schon angek\u00fcndigt, bin ich noch mit den Lesezeichen besch\u00e4ftigt. Gestern wurde Christoph fertig. Der Gute sieht nicht mehr ganz so fertig aus wie noch in Band I. Das macht sicher das gute Leben mit Camilla \ud83d\ude09<\/p>\n<p>Scherz beiseite, hier kommt Christoph:<\/p>\n<figure id=\"attachment_373\" aria-describedby=\"caption-attachment-373\" style=\"width: 97px\" class=\"wp-caption aligncenter\"><a href=\"http:\/\/lysander1330.files.wordpress.com\/2013\/10\/christoph.jpg\"><img loading=\"lazy\" decoding=\"async\" class=\"size-medium wp-image-373\" alt=\"Christoph - Farbe\" src=\"http:\/\/lysander1330.files.wordpress.com\/2013\/10\/christoph.jpg?w=97\" width=\"97\" height=\"300\" srcset=\"https:\/\/www.schattengrenzen.de\/wp-content\/uploads\/2013\/10\/christoph.jpg 1055w, https:\/\/www.schattengrenzen.de\/wp-content\/uploads\/2013\/10\/christoph-97x300.jpg 97w, https:\/\/www.schattengrenzen.de\/wp-content\/uploads\/2013\/10\/christoph-768x2372.jpg 768w, https:\/\/www.schattengrenzen.de\/wp-content\/uploads\/2013\/10\/christoph-331x1024.jpg 331w\" sizes=\"auto, (max-width: 97px) 100vw, 97px\" \/><\/a><figcaption id=\"caption-attachment-373\" class=\"wp-caption-text\">Christoph Kowalski<\/figcaption><\/figure>\n<p>Morgen d\u00fcrfte dann auch Camilla fertig sein. Ab morgen (02.10.)\u00a0l\u00e4uft auch das Gewinnspiel auf XTME &#8211; <a href=\"http:\/\/www.xtme.de\/\">http:\/\/www.xtme.de\/<\/a>. Ihr k\u00f6nnt eines von f\u00fcnf B\u00fcchern &#8220;Der Rebell &#8211; Schattengrenzen II&#8221;\u00a0gewinnen und ich verlose ein Originallesezeichen. Als kleiner Bonus: wer m\u00f6chte, kann ein Lesezeichen nach Wahl auch als schmales Poster (A4)\u00a0gedruckt haben.<\/p>\n<p>Hierzu auch noch mal die Leseprobe:<\/p>\n<p><a href=\"http:\/\/www.amazon.de\/Der-Rebell-Schattengrenzen-Leseprobe-ebook\/dp\/B00EQ8F7S2\/ref=pd_sim_sbs_kinc_1\">http:\/\/www.amazon.de\/Der-Rebell-Schattengrenzen-Leseprobe-ebook\/dp\/B00EQ8F7S2\/ref=pd_sim_sbs_kinc_1<\/a><\/p>\n<p><a href=\"http:\/\/www.bookshouse.de\/buecher\/Der_Rebell___Schattengrenzen_2\/\"><span style=\"color:#0000ff;\">http:\/\/www.bookshouse.de\/buecher\/Der_Rebell___Schattengrenzen_2\/<\/span><\/a><\/p>\n<p>Macht mit \ud83d\ude42<\/p>\n<p>&#8220;Glasseelen &#8211; Schattengrenzen I&#8221; bekommt ihr bereits jetzt schon f\u00fcr 0,99 \u20ac auf Amazon:<\/p>\n<p><a href=\"http:\/\/www.amazon.de\/Glasseelen-Schattengrenzen-1-ebook\/dp\/B00BE515EA\/ref=pd_sim_sbs_kinc_3\">http:\/\/www.amazon.de\/Glasseelen-Schattengrenzen-1-ebook\/dp\/B00BE515EA\/ref=pd_sim_sbs_kinc_3<\/a><\/p>\n<p>und hier die kostenloses Leseprobe:<\/p>\n<p><a href=\"http:\/\/www.amazon.de\/Glasseelen-Schattengrenzen-1-Leseprobe-ebook\/dp\/B00BWU5X72\/ref=pd_sim_sbs_kinc_4\">http:\/\/www.amazon.de\/Glasseelen-Schattengrenzen-1-Leseprobe-ebook\/dp\/B00BWU5X72\/ref=pd_sim_sbs_kinc_4<\/a><\/p>\n<p><a href=\"http:\/\/www.bookshouse.de\/buecher\/Glasseelen___Schattengrenzen\"><span style=\"color:#0000ff;\">http:\/\/www.bookshouse.de\/buecher\/Glasseelen___Schattengrenzen<\/span><\/a><\/p>\n<p>Nehmt die Akrtion einfach wahr \ud83d\ude42<\/p>\n<p>Liebe Gr\u00fc\u00dfe<\/p>\n<p>Tanja<\/p>\n","protected":false},"excerpt":{"rendered":"<p>Wie schon angek\u00fcndigt, bin ich noch mit den Lesezeichen besch\u00e4ftigt. Gestern wurde Christoph fertig. Der Gute sieht nicht mehr ganz so fertig aus wie noch in Band I. Das macht sicher das gute Leben mit Camilla \ud83d\ude09 Scherz beiseite, hier kommt Christoph: Morgen d\u00fcrfte dann auch Camilla fertig sein. Ab morgen (02.10.)\u00a0l\u00e4uft auch das Gewinnspiel&#8230;<\/p>\n","protected":false},"author":1,"featured_media":0,"comment_status":"open","ping_status":"open","sticky":false,"template":"","format":"standard","meta":{"_jetpack_memberships_contains_paid_content":false,"footnotes":""},"categories":[2,421,24,26,32,38,40,13,14,18],"tags":[139,190,267,274],"class_list":["post-372","post","type-post","status-publish","format-standard","hentry","category-autor","category-blog","category-bucher","category-der-rebell-schattengrenzen-ii","category-glasseelen-schattengrenzen-i","category-infos","category-lesungen","category-projekte","category-schattengrenzen","category-veroffentlichungen","tag-der-rebell","tag-gewinnspiele","tag-lesezeichen","tag-literatur"],"jetpack_sharing_enabled":true,"jetpack_featured_media_url":"","_links":{"self":[{"href":"https:\/\/www.schattengrenzen.de\/index.php?rest_route=\/wp\/v2\/posts\/372","targetHints":{"allow":["GET"]}}],"collection":[{"href":"https:\/\/www.schattengrenzen.de\/index.php?rest_route=\/wp\/v2\/posts"}],"about":[{"href":"https:\/\/www.schattengrenzen.de\/index.php?rest_route=\/wp\/v2\/types\/post"}],"author":[{"embeddable":true,"href":"https:\/\/www.schattengrenzen.de\/index.php?rest_route=\/wp\/v2\/users\/1"}],"replies":[{"embeddable":true,"href":"https:\/\/www.schattengrenzen.de\/index.php?rest_route=%2Fwp%2Fv2%2Fcomments&post=372"}],"version-history":[{"count":1,"href":"https:\/\/www.schattengrenzen.de\/index.php?rest_route=\/wp\/v2\/posts\/372\/revisions"}],"predecessor-version":[{"id":1287,"href":"https:\/\/www.schattengrenzen.de\/index.php?rest_route=\/wp\/v2\/posts\/372\/revisions\/1287"}],"wp:attachment":[{"href":"https:\/\/www.schattengrenzen.de\/index.php?rest_route=%2Fwp%2Fv2%2Fmedia&parent=372"}],"wp:term":[{"taxonomy":"category","embeddable":true,"href":"https:\/\/www.schattengrenzen.de\/index.php?rest_route=%2Fwp%2Fv2%2Fcategories&post=372"},{"taxonomy":"post_tag","embeddable":true,"href":"https:\/\/www.schattengrenzen.de\/index.php?rest_route=%2Fwp%2Fv2%2Ftags&post=372"}],"curies":[{"name":"wp","href":"https:\/\/api.w.org\/{rel}","templated":true}]}}