{"id":365,"date":"2013-09-30T05:55:13","date_gmt":"2013-09-30T05:55:13","guid":{"rendered":"http:\/\/lysander1330.wordpress.com\/?p=365"},"modified":"2018-04-13T17:44:19","modified_gmt":"2018-04-13T17:44:19","slug":"die-arbeiten-schreiten-voran","status":"publish","type":"post","link":"https:\/\/www.schattengrenzen.de\/?p=365","title":{"rendered":"Die Arbeiten schreiten voran"},"content":{"rendered":"<p>Wie schon angek\u00fcndigt, bin ich an den Lesezeichen zu &#8220;Der Rebell&#8221;. Die Arbeit mache ich mir nicht ausschlie\u00dflich, um Neues zum neuen Buch zu haben. Klar auch, zugegeben, auch weil reichlich anderer Charaktere dabei sind. Oliver ist Protagonist, Camilla r\u00fcckt in den Hintergrund. Die Geschichte, die ich erz\u00e4hle, ist eine andere, kein Aufguss des ersten Buches. &#8220;Der Rebell&#8221; ist auch in sich nicht abgeschlossen, sondern erst mit Band 3 beendet. Davon abgesehen findet ab dem 02.10.2013 \u00fcber <a href=\"http:\/\/www.xtme.de\/\">http:\/\/www.xtme.de\/<\/a>\u00a0eine Aktion zu &#8220;Schattengrenzen I und II&#8221; statt.<\/p>\n<p>&#8220;Glasseelen&#8221; wohlbekannt als Band I, wir vom 02.10. an f\u00fcr 5 Tage zu 0,99 \u20ac erh\u00e4ltlich sein, w\u00e4hrend der zweite Band &#8220;Der Rebell&#8221; als Printausgabe zu Gewinnen sein wird (ich stelle daf\u00fcr 5 Exemplare). Wie \u00fcblich gibt es dazu die Zeichnung und Widmung in das Buch, aber dar\u00fcberhinaus auch eines der Originallesezeichen zu gewinnen, bzw. Sonderdrucke der Lesezeichen.<\/p>\n<p>Hier sind die neusten St\u00e4nde:<\/p>\n<figure id=\"attachment_366\" aria-describedby=\"caption-attachment-366\" style=\"width: 300px\" class=\"wp-caption aligncenter\"><a href=\"http:\/\/lysander1330.files.wordpress.com\/2013\/09\/mc3a4nner_seite_1.jpg\"><img loading=\"lazy\" decoding=\"async\" class=\"size-medium wp-image-366\" alt=\"Der Rebell - Lesezeichen\" src=\"http:\/\/lysander1330.files.wordpress.com\/2013\/09\/mc3a4nner_seite_1.jpg?w=300\" width=\"300\" height=\"220\" \/><\/a><figcaption id=\"caption-attachment-366\" class=\"wp-caption-text\">Der Rebell &#8211; Lesezeichen &#8211; Oliver, Daniel, Matthias und Christoph<\/figcaption><\/figure>\n<figure id=\"attachment_351\" aria-describedby=\"caption-attachment-351\" style=\"width: 99px\" class=\"wp-caption aligncenter\"><a href=\"http:\/\/lysander1330.files.wordpress.com\/2013\/09\/camilla1.jpg\"><img loading=\"lazy\" decoding=\"async\" class=\"size-medium wp-image-351\" alt=\"Camilla Tusche\" src=\"http:\/\/lysander1330.files.wordpress.com\/2013\/09\/camilla1.jpg?w=99\" width=\"99\" height=\"300\" \/><\/a><figcaption id=\"caption-attachment-351\" class=\"wp-caption-text\">Camilla Tusche<\/figcaption><\/figure>\n<p>Camilla ist leider bislang nur getuscht. Sie wird am aufw\u00e4ndigsten. Ihren Chris habe ich gestern erst angefangen. Damit habt ihr aber schon eine Vorstellung, wie die Lesezeichen werden sollen.<\/p>\n<p>\u00dcbrigens findet zur Vorstellung des Buches auf LovelyBooks wieder eine Leserunde statt, zu der ihr euch ab dem 04.10. bewerben k\u00f6nnt. <a href=\"http:\/\/www.lovelybooks.de\/thema\/bookshouse-Sammelthread-f%C3%BCr-Gewinnspiele-und-Leserunden-1006084871\/1057989851\/\">http:\/\/www.lovelybooks.de\/thema\/bookshouse-Sammelthread-f%C3%BCr-Gewinnspiele-und-Leserunden-1006084871\/1057989851\/<\/a><\/p>\n<p>Zus\u00e4tzlich gibt es zu beiden Romanen in Hann. M\u00fcnden (das sch\u00f6ne \u00d6rtchen zwischen Kassel und G\u00f6ttingen) im Rahmen der &#8220;Denkmal Kunst &#8211; Kunst Denkmal&#8221;-Tage eine Lesung. Am 03.10. ab 19:00 h lese ich in einem der alten Baudenkm\u00e4ler in der Lohstra\u00dfe 3: <a href=\"http:\/\/www.denkmalkunst-kunstdenkmal.de\/\">http:\/\/www.denkmalkunst-kunstdenkmal.de\/<\/a>\u00a0<a href=\"http:\/\/www.denkmalkunst-kunstdenkmal.de\/pages\/programm\/do.-3.10.13\/tanja-meurer.php\">http:\/\/www.denkmalkunst-kunstdenkmal.de\/pages\/programm\/do.-3.10.13\/tanja-meurer.php<\/a>. Wer in der N\u00e4he wohnt, kann gern kommen und zuh\u00f6ren. Die Lesung beginnt um 19:00 und geht bis 20:30 h.<\/p>\n<p>Am 06.10. ab 16:00 h\u00a0lese ich aus beiden B\u00fcchern in der Bl\u00fccherstra\u00dfe 20, Wiesbaden (Back-Depot). Natalie, die Betreiberin sorgt f\u00fcr das leibliche Wohl.<\/p>\n<p>Zu Ende des Monats &#8211; Halloween &#8211; lesen au\u00dfer mir im Lesecaf\u00e9 Wiesbaden zu einer Sonderveranstaltung Ju Honisch, Christian Humberg, Sandra Baumg\u00e4rtner und Diana Menschig. Das Datum: 26.10., die Uhrzeit: ab 15:00 h. Ihr solltet euch das Spektakel unbedingt anh\u00f6ren. Ju und Christian zu sehen, ist wirklich genial. <a href=\"http:\/\/www.vee-jas.de\/Lesecafe\/termine.html\">http:\/\/www.vee-jas.de\/Lesecafe\/termine.html<\/a><\/p>\n<p>Mehr Details in K\u00fcrze \ud83d\ude42<\/p>\n<p>Liebe Gr\u00fc\u00dfe, Tanja<\/p>\n<p>Also, ihr seht, gerade eben bewegt sich wieder einiges.<\/p>\n","protected":false},"excerpt":{"rendered":"<p>Wie schon angek\u00fcndigt, bin ich an den Lesezeichen zu &#8220;Der Rebell&#8221;. Die Arbeit mache ich mir nicht ausschlie\u00dflich, um Neues zum neuen Buch zu haben. Klar auch, zugegeben, auch weil reichlich anderer Charaktere dabei sind. Oliver ist Protagonist, Camilla r\u00fcckt in den Hintergrund. Die Geschichte, die ich erz\u00e4hle, ist eine andere, kein Aufguss des ersten&#8230;<\/p>\n","protected":false},"author":1,"featured_media":0,"comment_status":"open","ping_status":"open","sticky":false,"template":"","format":"standard","meta":{"_jetpack_memberships_contains_paid_content":false,"footnotes":""},"categories":[2,421,24,26,32,36,14,18],"tags":[87,97,126,143,162,176,185,190,196,197,206,210,211,212,228,262,266,267,268,274,277,300,350,376,379,407,412],"class_list":["post-365","post","type-post","status-publish","format-standard","hentry","category-autor","category-blog","category-bucher","category-der-rebell-schattengrenzen-ii","category-glasseelen-schattengrenzen-i","category-illustrationen-skizzen","category-schattengrenzen","category-veroffentlichungen","tag-back-depot","tag-berlin","tag-christian-humberg","tag-diana-menschig","tag-facebook","tag-gay","tag-germany","tag-gewinnspiele","tag-halloween","tag-hann-munden","tag-homoerotik","tag-homosexualitat","tag-horror","tag-horror-thriller","tag-ju-honisch","tag-lesecafe-wiesbaden","tag-leserunde","tag-lesezeichen","tag-lesung","tag-literatur","tag-lovelybooks","tag-mystery-thriller","tag-sandra-baumgartner","tag-tanja-meurer","tag-thriller","tag-wiesbaden","tag-xtme"],"jetpack_sharing_enabled":true,"jetpack_featured_media_url":"","_links":{"self":[{"href":"https:\/\/www.schattengrenzen.de\/index.php?rest_route=\/wp\/v2\/posts\/365","targetHints":{"allow":["GET"]}}],"collection":[{"href":"https:\/\/www.schattengrenzen.de\/index.php?rest_route=\/wp\/v2\/posts"}],"about":[{"href":"https:\/\/www.schattengrenzen.de\/index.php?rest_route=\/wp\/v2\/types\/post"}],"author":[{"embeddable":true,"href":"https:\/\/www.schattengrenzen.de\/index.php?rest_route=\/wp\/v2\/users\/1"}],"replies":[{"embeddable":true,"href":"https:\/\/www.schattengrenzen.de\/index.php?rest_route=%2Fwp%2Fv2%2Fcomments&post=365"}],"version-history":[{"count":1,"href":"https:\/\/www.schattengrenzen.de\/index.php?rest_route=\/wp\/v2\/posts\/365\/revisions"}],"predecessor-version":[{"id":1288,"href":"https:\/\/www.schattengrenzen.de\/index.php?rest_route=\/wp\/v2\/posts\/365\/revisions\/1288"}],"wp:attachment":[{"href":"https:\/\/www.schattengrenzen.de\/index.php?rest_route=%2Fwp%2Fv2%2Fmedia&parent=365"}],"wp:term":[{"taxonomy":"category","embeddable":true,"href":"https:\/\/www.schattengrenzen.de\/index.php?rest_route=%2Fwp%2Fv2%2Fcategories&post=365"},{"taxonomy":"post_tag","embeddable":true,"href":"https:\/\/www.schattengrenzen.de\/index.php?rest_route=%2Fwp%2Fv2%2Ftags&post=365"}],"curies":[{"name":"wp","href":"https:\/\/api.w.org\/{rel}","templated":true}]}}