{"id":328,"date":"2013-08-23T18:30:36","date_gmt":"2013-08-23T18:30:36","guid":{"rendered":"http:\/\/lysander1330.wordpress.com\/?p=328"},"modified":"2018-04-13T17:45:25","modified_gmt":"2018-04-13T17:45:25","slug":"schattengrenzen-ii-der-rebell","status":"publish","type":"post","link":"https:\/\/www.schattengrenzen.de\/?p=328","title":{"rendered":"Schattengrenzen II &#8211; Der Rebell &#8211;"},"content":{"rendered":"<p>Hallo ihr Lieben,<\/p>\n<p>seit heute ist das Buch erh\u00e4ltlich.\u00a0Heute, am 23.08.2013 ist der zweite Band von\u00a0<b><\/b><b><\/b>Schattengrenzen\u00a0erschienen.\u00a0<b>Der Rebell<\/b>\u00a0ist der indirekt direkte Anschluss an\u00a0<b>Glasseelen<\/b>.<\/p>\n<p>Wer wissen will, was die kryptische Mail von Matthias zu Ende des ersten Buches zu bedeuten hat, wird hier nun die Antwort finden.<br \/>\nDas Buch ist erh\u00e4ltlich auf der Bokkshouse-Seite:<br \/>\n<a href=\"http:\/\/www.bookshouse.de\/buecher\/Der_Rebell___Schattengrenzen_2\/\">http:\/\/www.bookshouse.de\/buecher\/Der_Rebell___Schattengrenzen_2\/<\/a><br \/>\nund kommt in K\u00fcrze auch in alle anderen Shops.<\/p>\n<p>Btw, hier auch mal die Mail von Matthias (aus dem ersten Band):<br \/>\n&#8212;<br \/>\n<em>Hallo Camilla,<\/em><\/p>\n<p><em>ich brauche deine Hilfe. Kennst du den Gesch\u00e4ftsmann Thomas Hoffmann? Wahrscheinlich nicht, oder? Ich w\u00fcrde dich bitten, dass du dich mit ihm oder zumindest mit seinem \u00e4ltesten Sohn in Verbindung setzt. Es ist wahnsinnig wichtig. Du kannst damit vielleicht eine Katastrophe verhindern und Leben retten \u2026 vielleicht sogar meins.<\/em><br \/>\n<em> Sag ihnen, dass am kommenden Wochenende etwas passieren wird, was unabsehbare Folgen hat. Bitte frag nicht, warum, ich werde es dir nicht erkl\u00e4ren k\u00f6nnen, aber es geht um das Leben einer ganzen Familie.<\/em><br \/>\n<em> Vielen Dank,<\/em><\/p>\n<p><em>Matthias<\/em><\/p>\n<p><em>PS: Camilla, wenn du dachtest, Ancienne Colognes Auswirkungen auf uns alle w\u00e4ren gro\u00df gewesen, irrst du dich. Das, woran ich jetzt bin, betrifft auch dich, wenn auch nur am Rande. Bitte hilf mir, bevor ich einen unverzeihlichen Fehler begehe.<\/em><br \/>\n&#8212;<\/p>\n<p>Na, neugierig?<\/p>\n<figure id=\"attachment_300\" aria-describedby=\"caption-attachment-300\" style=\"width: 94px\" class=\"wp-caption aligncenter\"><a href=\"http:\/\/lysander1330.files.wordpress.com\/2013\/06\/51_700.jpg\"><img loading=\"lazy\" decoding=\"async\" class=\"size-thumbnail wp-image-300\" alt=\"Cover I\" src=\"http:\/\/lysander1330.files.wordpress.com\/2013\/06\/51_700.jpg?w=94\" width=\"94\" height=\"150\" srcset=\"https:\/\/www.schattengrenzen.de\/wp-content\/uploads\/2013\/06\/51_700.jpg 441w, https:\/\/www.schattengrenzen.de\/wp-content\/uploads\/2013\/06\/51_700-189x300.jpg 189w\" sizes=\"auto, (max-width: 94px) 100vw, 94px\" \/><\/a><figcaption id=\"caption-attachment-300\" class=\"wp-caption-text\">Cover I<\/figcaption><\/figure>\n<p>Die Leseprobe ist online. Ihr k\u00f6nnt sie auf der Bookshouse-Seite einsehen:<\/p>\n<p><a href=\"http:\/\/www.bookshouse.de\/leseproben\/51\/51.pdf\">http:\/\/www.bookshouse.de\/leseproben\/51\/51.pdf<\/a><\/p>\n<p><a href=\"http:\/\/www.bookshouse.de\/system\/tools\/leseprobe.cfm?061F530944024D1C161C070C534066172B59383A260E041A0B03445125\">http:\/\/www.bookshouse.de\/system\/tools\/leseprobe.cfm?061F530944024D1C161C070C534066172B59383A260E041A0B03445125<\/a><\/p>\n<p>Bei dem Buch geht es um etwas heftiger zu, als bei Glasseelen. Es ist unheimlicher und definitiv das, was ich besonders liebe &#8211; Geisterhorror, in Verbindung mit alten Bauten und zudem mit einem schwulen Pairing. Zus\u00e4tzlich spielt alles in Wiesbaden, dort, wo ich nmich auch am Besten auskenne. Von daher &#8211; habt viel Spa\u00df damit \ud83d\ude09<\/p>\n<p>Ganz liebe Gr\u00fc\u00dfe<\/p>\n<p>Tanja<\/p>\n","protected":false},"excerpt":{"rendered":"<p>Hallo ihr Lieben, seit heute ist das Buch erh\u00e4ltlich.\u00a0Heute, am 23.08.2013 ist der zweite Band von\u00a0Schattengrenzen\u00a0erschienen.\u00a0Der Rebell\u00a0ist der indirekt direkte Anschluss an\u00a0Glasseelen. Wer wissen will, was die kryptische Mail von Matthias zu Ende des ersten Buches zu bedeuten hat, wird hier nun die Antwort finden. Das Buch ist erh\u00e4ltlich auf der Bokkshouse-Seite: http:\/\/www.bookshouse.de\/buecher\/Der_Rebell___Schattengrenzen_2\/ und kommt&#8230;<\/p>\n","protected":false},"author":1,"featured_media":0,"comment_status":"open","ping_status":"open","sticky":false,"template":"","format":"standard","meta":{"_jetpack_memberships_contains_paid_content":false,"footnotes":""},"categories":[2,421,24,26,32,13,14,18],"tags":[176,210,211,250,270,274,300,339,379,407],"class_list":["post-328","post","type-post","status-publish","format-standard","hentry","category-autor","category-blog","category-bucher","category-der-rebell-schattengrenzen-ii","category-glasseelen-schattengrenzen-i","category-projekte","category-schattengrenzen","category-veroffentlichungen","tag-gay","tag-homosexualitat","tag-horror","tag-krimi","tag-liebe","tag-literatur","tag-mystery-thriller","tag-roman","tag-thriller","tag-wiesbaden"],"jetpack_sharing_enabled":true,"jetpack_featured_media_url":"","_links":{"self":[{"href":"https:\/\/www.schattengrenzen.de\/index.php?rest_route=\/wp\/v2\/posts\/328","targetHints":{"allow":["GET"]}}],"collection":[{"href":"https:\/\/www.schattengrenzen.de\/index.php?rest_route=\/wp\/v2\/posts"}],"about":[{"href":"https:\/\/www.schattengrenzen.de\/index.php?rest_route=\/wp\/v2\/types\/post"}],"author":[{"embeddable":true,"href":"https:\/\/www.schattengrenzen.de\/index.php?rest_route=\/wp\/v2\/users\/1"}],"replies":[{"embeddable":true,"href":"https:\/\/www.schattengrenzen.de\/index.php?rest_route=%2Fwp%2Fv2%2Fcomments&post=328"}],"version-history":[{"count":1,"href":"https:\/\/www.schattengrenzen.de\/index.php?rest_route=\/wp\/v2\/posts\/328\/revisions"}],"predecessor-version":[{"id":1294,"href":"https:\/\/www.schattengrenzen.de\/index.php?rest_route=\/wp\/v2\/posts\/328\/revisions\/1294"}],"wp:attachment":[{"href":"https:\/\/www.schattengrenzen.de\/index.php?rest_route=%2Fwp%2Fv2%2Fmedia&parent=328"}],"wp:term":[{"taxonomy":"category","embeddable":true,"href":"https:\/\/www.schattengrenzen.de\/index.php?rest_route=%2Fwp%2Fv2%2Fcategories&post=328"},{"taxonomy":"post_tag","embeddable":true,"href":"https:\/\/www.schattengrenzen.de\/index.php?rest_route=%2Fwp%2Fv2%2Ftags&post=328"}],"curies":[{"name":"wp","href":"https:\/\/api.w.org\/{rel}","templated":true}]}}