{"id":326,"date":"2013-08-09T15:21:02","date_gmt":"2013-08-09T15:21:02","guid":{"rendered":"http:\/\/lysander1330.wordpress.com\/?p=326"},"modified":"2018-04-13T17:45:37","modified_gmt":"2018-04-13T17:45:37","slug":"2-fechenheimer-literaturfestival","status":"publish","type":"post","link":"https:\/\/www.schattengrenzen.de\/?p=326","title":{"rendered":"2. Fechenheimer Literaturfestival"},"content":{"rendered":"<p>Das <strong>zweite Fechenheimer Literaturfestival<\/strong> findet am 17.08.2013 in Frankfurt Fechenheim statt. \u00a0Die Locations sind sehr unterschiedlich, bieten viel und sind interessant. Genauso ist die Vielfalt der Autoren beeindrucken und f\u00fcr jeden Geschmack m\u00fcsste etwas dabei sein. Hier auch das Programmheft:<\/p>\n<p><a href=\"http:\/\/issuu.com\/phantasteglseer\/docs\/1262-8_programmheft\">http:\/\/issuu.com\/phantasteglseer\/docs\/1262-8_programmheft<\/a><\/p>\n<p>Nat\u00fcrlich lesen Juiane Seidel und ich auch wieder, dieses Mal zusammen mit Jannis Plastargias. hier sein Facebook-Link:\u00a0<a href=\"https:\/\/www.facebook.com\/schmerzwach?fref=ts\">https:\/\/www.facebook.com\/schmerzwach?fref=ts<\/a><\/p>\n<p><em>Jule<\/em> liest um <strong>16:00<\/strong> h aus &#8220;Assjah &#8211; Die gestohlene Fantasie&#8221; &#8211;\u00a0<a href=\"http:\/\/www.assjah.de\/\">http:\/\/www.assjah.de\/<\/a><\/p>\n<p><em>ich<\/em> lese um <strong>17:00<\/strong> h aus &#8220;Glasseelen &#8211; Schattengrenzen I&#8221; und &#8220;Der Rebell &#8211; Schattengrenzen II&#8221;\u00a0<a href=\"https:\/\/www.schattengrenzen.de\/\">https:\/\/www.schattengrenzen.de\/<\/a><\/p>\n<p><em>Jannis<\/em> liest um <strong>18:00<\/strong> h aus &#8220;Liebe und andere Schmerzen &#8211; 16 Herzschl\u00e4ge&#8221; und &#8220;Meine Mutter Griechenland&#8221;\u00a0<a href=\"http:\/\/schmerzwach.blogspot.de\/\">http:\/\/schmerzwach.blogspot.de\/<\/a><\/p>\n<p>Hier noch die \u00fcblichen Infos zur Lesung:<\/p>\n<p><em>Kurzbeschreibung:<\/em><br \/>\nF\u00fcr die 19-j\u00e4hrige Camilla und ihre Freundin Theresa endet ein Museumsausflug mit einem Schock. Ein Mann st\u00fcrzt sich vor ihren F\u00fc\u00dfen zu Tode. Seine Augen l\u00f6sen sich in Staub auf, aus seiner Hand rollen blutige Aug\u00e4pfel. Steht der Suizid in Zusammenhang mit einem wahnsinnigen M\u00f6rder, der sein Unwesen in Berlin treibt? Bereits mehrere junge Frauen sind ihm zum Opfer gefallen. Die verst\u00fcmmelten Leichen verbindet ein grausiges Merkmal: herausgeschnittene Augen.<br \/>\nObwohl sich Camilla und Theresa unter der Betreuung einer Psychotherapeutin und der Polizei in Sicherheit w\u00e4hnen, nimmt der Serienkiller sie ins Visier. Von Panik getrieben ger\u00e4t Camilla in die Unterwelt der Hauptstadt und st\u00f6\u00dft auf r\u00e4tselhafte Menschen. K\u00f6nnen der greise Amadeo oder der attraktive Chris sie vor ihrem fanatischen Verfolger retten? Mit dem Namen \u201eSandmann\u201c gibt Chris ihr einen entscheidenden Hinweis, doch der Killer ist nicht leicht zu \u00fcberlisten. Um seinen Attacken zu entkommen, muss sich Camilla nicht nur ihrem Peiniger stellen. Sie entdeckt eine \u00fcbersinnliche F\u00e4higkeit, die vielleicht besser im Verborgenen geblieben w\u00e4re \u2026<\/p>\n<p>Genre: Thriller mit Mystery-\/Fantasyelementen<\/p>\n<p>Mit Buchtrailer zu Glasseelen: <a title=\"YouTube\" href=\"http:\/\/www.youtube.com\/watch?v=UzqWqEdwLos\" target=\"_blank\">http:\/\/www.youtube.com\/watch?v=UzqWqEdwLos<\/a><\/p>\n<p>und:<\/p>\n<p><em>Kurzbeschreibung:<\/em><br \/>\nDer 16-j\u00e4hrige Oliver und seine j\u00fcngeren Br\u00fcder Christian und Michael \u00fcberleben die schlimmste Nacht ihres Lebens. Ihr Vater ermordet Mutter und weitere Geschwister. Das Motiv scheint auf der Hand zu liegen: Untreue.<br \/>\nDoch Oliver und seine Br\u00fcder wollen nicht daran glauben, insbesondere als auf Christian ein Anschlag ver\u00fcbt wird.<br \/>\nFassungslos \u00fcber die Tat und die Inaktivit\u00e4t der Polizei, suchen sie auf eigene Faust nach der Wahrheit und sto\u00dfen auf einen unheimlichen Gegner. Lediglich der unerfahrene Kommissar Daniel Kuhn steht ihnen bei.<br \/>\nZur selben Zeit werden mehrere Tote im Haus des einzigen noch lebenden Verwandten entdeckt. Die Leichen liegen bereits seit 70 Jahre dort. Die F\u00e4lle scheinen nichts miteinander zu tun zu haben, aber Olivers Neugier ist unstillbar. Er glaubt nicht an Zuf\u00e4lle und findet die Gemeinsamkeiten in beiden F\u00e4llen.<br \/>\nDoch ihre Gegner scheinen nicht unter den Lebenden zu weilen.<\/p>\n<p>Genre: Horror-Thriller (homoerotisch)<\/p>\n<p>Wer Interesse hat, ist herzlich eingeladen \ud83d\ude42<\/p>\n<p>Das Event findet in der <strong>Metzgerei Meisinger<\/strong> statt &#8211; sch\u00f6n blutig Passt ja zu meinen Sachen<br \/>\nBaumertstra\u00dfe 12-14<br \/>\n60386 Frankfurt<\/p>\n<p><a title=\"Meztgerei Meisinger\" href=\"http:\/\/www.metzgerei-meisinger.de\/Angebot\/\" target=\"_blank\">http:\/\/www.metzgerei-meisinger.de\/Angebot\/<\/a><\/p>\n<p>Liebe Gr\u00fc\u00dfe<\/p>\n<p>Tanja<\/p>\n","protected":false},"excerpt":{"rendered":"<p>Das zweite Fechenheimer Literaturfestival findet am 17.08.2013 in Frankfurt Fechenheim statt. \u00a0Die Locations sind sehr unterschiedlich, bieten viel und sind interessant. Genauso ist die Vielfalt der Autoren beeindrucken und f\u00fcr jeden Geschmack m\u00fcsste etwas dabei sein. Hier auch das Programmheft: http:\/\/issuu.com\/phantasteglseer\/docs\/1262-8_programmheft Nat\u00fcrlich lesen Juiane Seidel und ich auch wieder, dieses Mal zusammen mit Jannis Plastargias&#8230;.<\/p>\n","protected":false},"author":1,"featured_media":0,"comment_status":"open","ping_status":"open","sticky":false,"template":"","format":"standard","meta":{"_jetpack_memberships_contains_paid_content":false,"footnotes":""},"categories":[421,24,26,32,7,13,14,16,18],"tags":[68,81,173,226,232,264,268,274,292,339,376],"class_list":["post-326","post","type-post","status-publish","format-standard","hentry","category-blog","category-bucher","category-der-rebell-schattengrenzen-ii","category-glasseelen-schattengrenzen-i","category-homepages","category-projekte","category-schattengrenzen","category-termine","category-veroffentlichungen","tag-2-fechenheimer-literaturfestival","tag-anthologie","tag-frankfurt-fechenheim","tag-jannis-plastargias","tag-juliane-seidel","tag-lesen","tag-lesung","tag-literatur","tag-metzgerei-meisinger","tag-roman","tag-tanja-meurer"],"jetpack_sharing_enabled":true,"jetpack_featured_media_url":"","_links":{"self":[{"href":"https:\/\/www.schattengrenzen.de\/index.php?rest_route=\/wp\/v2\/posts\/326","targetHints":{"allow":["GET"]}}],"collection":[{"href":"https:\/\/www.schattengrenzen.de\/index.php?rest_route=\/wp\/v2\/posts"}],"about":[{"href":"https:\/\/www.schattengrenzen.de\/index.php?rest_route=\/wp\/v2\/types\/post"}],"author":[{"embeddable":true,"href":"https:\/\/www.schattengrenzen.de\/index.php?rest_route=\/wp\/v2\/users\/1"}],"replies":[{"embeddable":true,"href":"https:\/\/www.schattengrenzen.de\/index.php?rest_route=%2Fwp%2Fv2%2Fcomments&post=326"}],"version-history":[{"count":1,"href":"https:\/\/www.schattengrenzen.de\/index.php?rest_route=\/wp\/v2\/posts\/326\/revisions"}],"predecessor-version":[{"id":1295,"href":"https:\/\/www.schattengrenzen.de\/index.php?rest_route=\/wp\/v2\/posts\/326\/revisions\/1295"}],"wp:attachment":[{"href":"https:\/\/www.schattengrenzen.de\/index.php?rest_route=%2Fwp%2Fv2%2Fmedia&parent=326"}],"wp:term":[{"taxonomy":"category","embeddable":true,"href":"https:\/\/www.schattengrenzen.de\/index.php?rest_route=%2Fwp%2Fv2%2Fcategories&post=326"},{"taxonomy":"post_tag","embeddable":true,"href":"https:\/\/www.schattengrenzen.de\/index.php?rest_route=%2Fwp%2Fv2%2Ftags&post=326"}],"curies":[{"name":"wp","href":"https:\/\/api.w.org\/{rel}","templated":true}]}}