{"id":323,"date":"2013-08-02T18:12:42","date_gmt":"2013-08-02T18:12:42","guid":{"rendered":"http:\/\/lysander1330.wordpress.com\/?p=323"},"modified":"2018-04-13T17:45:46","modified_gmt":"2018-04-13T17:45:46","slug":"lektorat-des-zweiten-schattengrenzen-romans","status":"publish","type":"post","link":"https:\/\/www.schattengrenzen.de\/?p=323","title":{"rendered":"Lektorat des zweiten Schattengrenzen-Romans"},"content":{"rendered":"<p>Lektorat unter erschwerten Bedingungen und doch recht locker, weil weitaus weniger schlimm als angenommen.<\/p>\n<p>Wie vielleicht schon bekannt, ist meine Tante, die letzte direkte Verwandte m\u00fctterlicherseits, am 24.07. \u00a0gestorben. Bis dahin hatte sich seit dem 28.05. in Sachen Lektorat des zweiten Schattengrenzen-Romans noch nichts getan. Just am 25.07. kam auf meine Meldung bei Bookshouse (\u00fcber den Todesfall) die R\u00fcckantwort, dass das Lektorat fertig sei. Trotz der anderen Probleme ging es eigentlich wirklich locker ab.\u00a0Positiv war, dass von etwa 620 MS-Seiten (nachdem die Zeileneinstellung ge\u00e4ndert wurde, waren es nur noch ca. 520 MS-Seiten) nur 150 Lektoratskommentare vorhanden. Innerhalb von zwei Tagen war ich durch.<\/p>\n<p>F\u00fcr die, die nicht genau wissen, worum es in Schattengrenzen geht, hier die generellen Infos:<\/p>\n<p>Die <em>Schattengrenze<\/em> ist:<br \/>\nOptik: Die Linie zwischen Licht und Schatten<br \/>\nAstronomie und Meteorologie: Der Terminator, die Tag-Nacht-Grenze<br \/>\nStrahlungsphysik: Die Grenzlinie, bis zu der Strahlung vordringt; siehe Beugung (Physik)<br \/>\nAkustik: Die Begrenzung des Schallschattens<\/p>\n<p>Quelle: <a title=\"http:\/\/de.wikipedia.org\/wiki\/Schattengrenze\" href=\"http:\/\/de.wikipedia.org\/wiki\/Schattengrenze\" target=\"_blank\">http:\/\/de.wikipedia.org\/wiki\/Schattengrenze<\/a><\/p>\n<p>In diesem Fall umschreibt Schattengrenzen den Bereich zwischen schn\u00f6der Realit\u00e4t und dem Unerkl\u00e4rlichen, wobei die Bezeichnung nicht allzu plakativ genommen werden sollte.<br \/>\nWas tun wir als unerkl\u00e4rlich ab?<br \/>\nIn vielen F\u00e4llen k\u00f6nnen wir bereits menschliche Handlungen nicht nahvollziehen, insbesondere wenn sie mit Gewalt oder an Wahnsinn grenzenden einher gehen.<br \/>\nSchattengrenzen sind der blanke menschliche Horror, das Schlimmste, zu dem ein Geist f\u00e4hig sein kann.<\/p>\n<p>In anderem Fall umschreibt eine Schattengrenze den Grat zwischen dieser Welt und einer unheimlichen Ebene, jenseits des Lebens.<br \/>\nF\u00fcr die Reihe &#8220;Schattengrenzen&#8221; treffen beide Versionen zu: der reale, wie auch der irreale Horror.<\/p>\n<p>Im Zentrum der Handlung stehen Camilla und ihr f\u00fcnf Jahre j\u00fcngerere Cousin Oliver. Beide sind neugierig und fantasievoll.<br \/>\nBeiden haftet der Fluch an, das B\u00f6se anzuziehen.<br \/>\nBeide verf\u00fcgen \u00fcber besondere F\u00e4higkeiten, die sie vollkommen unbewusst einsetzen.<\/p>\n<p>Wenn Sie den beiden in ihre albtraumhaften Welten zwischen Triller und Mystery folgen wollen, so sind Sie herzlich eingeladen.<\/p>\n<p>Der erste Band hat Camilla als Protagonistin. Hier der Klappentext:<\/p>\n<p>F\u00fcr die 19-j\u00e4hrige Camilla und ihre Freundin Theresa endet ein Museumsausflug mit einem Schock. Ein Mann st\u00fcrzt sich vor ihren F\u00fc\u00dfen zu Tode. Seine Augen l\u00f6sen sich in Staub auf, aus seiner Hand rollen blutige Aug\u00e4pfel. Steht der Suizid in Zusammenhang mit einem wahnsinnigen M\u00f6rder, der sein Unwesen in Berlin treibt? Bereits mehrere junge Frauen sind ihm zum Opfer gefallen. Die verst\u00fcmmelten Leichen verbindet ein grausiges Merkmal: herausgeschnittene Augen.<\/p>\n<p>Obwohl sich Camilla und Theresa unter der Betreuung einer Psychologin und der Polizei in Sicherheit w\u00e4hnen, nimmt der Serienkiller sie ins Visier. Von Panik getrieben ger\u00e4t Camilla in die Unterwelt der Hauptstadt und st\u00f6\u00dft auf r\u00e4tselhafte Menschen. K\u00f6nnen der greise Amadeo oder der attraktive Chris sie vor ihrem fanatischen Verfolger retten? Mit dem Namen \u201eSandmann\u201c gibt Chris ihr einen entscheidenden Hinweis, doch der Killer ist nicht leicht zu \u00fcberlisten. Um seinen Attacken zu entkommen, muss sich Camilla nicht nur ihrem Peiniger stellen. Sie entdeckt eine F\u00e4higkeit, die vielleicht besser im Verborgenen geblieben w\u00e4re \u2026<\/p>\n<p><span style=\"text-decoration:underline;\">Glasseelen &#8211; Schattengrenzen I<\/span><\/p>\n<figure id=\"attachment_177\" aria-describedby=\"caption-attachment-177\" style=\"width: 94px\" class=\"wp-caption aligncenter\"><a href=\"http:\/\/lysander1330.files.wordpress.com\/2013\/03\/10_700.jpg\"><img loading=\"lazy\" decoding=\"async\" class=\"size-thumbnail wp-image-177\" alt=\"Glasseelen - Schattengrenzen I - Tanja Meurer\/ Bookshouse\" src=\"http:\/\/lysander1330.files.wordpress.com\/2013\/03\/10_700.jpg?w=94\" width=\"94\" height=\"150\" srcset=\"https:\/\/www.schattengrenzen.de\/wp-content\/uploads\/2013\/03\/10_700.jpg 442w, https:\/\/www.schattengrenzen.de\/wp-content\/uploads\/2013\/03\/10_700-189x300.jpg 189w\" sizes=\"auto, (max-width: 94px) 100vw, 94px\" \/><\/a><figcaption id=\"caption-attachment-177\" class=\"wp-caption-text\">Glasseelen &#8211; Schattengrenzen I &#8211; Tanja Meurer\/ Bookshouse<\/figcaption><\/figure>\n<p>Der zweite Band hat Oliver als Protagonist. Hier der Klappentext:<\/p>\n<p>Der 16-j\u00e4hrige Oliver und seine j\u00fcngeren Br\u00fcder Christian und Michael \u00fcberleben die schlimmste Nacht ihres Lebens. Ihr Vater ermordet Mutter und weitere Geschwister. Das Motiv scheint auf der Hand zu liegen: Untreue.<br \/>\nDoch Oliver und seine Br\u00fcder wollen nicht daran glauben, insbesondere als auf Christian ein Anschlag ver\u00fcbt wird.<br \/>\nFassungslos \u00fcber die Tat und die Inaktivit\u00e4t der Polizei, suchen sie auf eigene Faust nach der Wahrheit und sto\u00dfen auf einen unheimlichen Gegner. Lediglich der unerfahrene Kommissar Daniel Kuhn steht ihnen bei.<\/p>\n<p>Zur selben Zeit werden mehrere Tote im Haus des einzigen noch lebenden Verwandten entdeckt. Die Leichen liegen bereits seit 70 Jahre dort. Die F\u00e4lle scheinen nichts miteinander zu tun zu haben, aber Olivers Neugier ist unstillbar. Er glaubt nicht an Zuf\u00e4lle und findet die Gemeinsamkeiten in beiden F\u00e4llen.<br \/>\nDoch ihre Gegner scheinen nicht unter den Lebenden zu weilen.<\/p>\n<p><span style=\"text-decoration:underline;\">Der Rebell &#8211; Schattengrenzen II<\/span><\/p>\n<figure id=\"attachment_300\" aria-describedby=\"caption-attachment-300\" style=\"width: 94px\" class=\"wp-caption aligncenter\"><a href=\"http:\/\/lysander1330.files.wordpress.com\/2013\/06\/51_700.jpg\"><img loading=\"lazy\" decoding=\"async\" class=\"size-thumbnail wp-image-300\" alt=\"Cover I\" src=\"http:\/\/lysander1330.files.wordpress.com\/2013\/06\/51_700.jpg?w=94\" width=\"94\" height=\"150\" srcset=\"https:\/\/www.schattengrenzen.de\/wp-content\/uploads\/2013\/06\/51_700.jpg 441w, https:\/\/www.schattengrenzen.de\/wp-content\/uploads\/2013\/06\/51_700-189x300.jpg 189w\" sizes=\"auto, (max-width: 94px) 100vw, 94px\" \/><\/a><figcaption id=\"caption-attachment-300\" class=\"wp-caption-text\">Der Rebell &#8211; Schattengrenzen II &#8211; Tanja Meurer\/ Bookshouse<\/figcaption><\/figure>\n<p>Im Gegensatz zu Camilla hat Oliver kein gesteigertes Interesse am anderen Geschlecht &#8230; er ist schwul und darf es zumindest ansatzweise ausleben. Wer also Mystery, Horror und Thriller in Kombi mag, dem k\u00f6nnte das Ergebnis gefallen.<\/p>\n<p>Momentan habe ich zumindest gesehen, das die ganzen &#8220;schwulen&#8221; Szenen alle noch im Buch sind und meine Lektorin nichts auszusetzen hatte. Insofern erleichtert mich das schon sehr, einfach weil ich Oliver nicht unbedingt auf eine Daniela anspringen lassen will. Daniel reicht voll und ganz \ud83d\ude09<\/p>\n<p>Trotzdem ist es einiges an Arbeit. Nach dem Erstlektorat folgt ein Zweitlektorat und das Korrektorat. Bin Monatsende August soll der Band fertig werden, sodass er auf Amazon, Libri, Buch.de, etc. erh\u00e4ltlich ist. Da wartet noch einige Arbeit auf meine Lektorin, meine liebe Korrektorin und mich.<\/p>\n","protected":false},"excerpt":{"rendered":"<p>Lektorat unter erschwerten Bedingungen und doch recht locker, weil weitaus weniger schlimm als angenommen. Wie vielleicht schon bekannt, ist meine Tante, die letzte direkte Verwandte m\u00fctterlicherseits, am 24.07. \u00a0gestorben. Bis dahin hatte sich seit dem 28.05. in Sachen Lektorat des zweiten Schattengrenzen-Romans noch nichts getan. Just am 25.07. kam auf meine Meldung bei Bookshouse (\u00fcber&#8230;<\/p>\n","protected":false},"author":1,"featured_media":0,"comment_status":"open","ping_status":"open","sticky":false,"template":"","format":"standard","meta":{"_jetpack_memberships_contains_paid_content":false,"footnotes":""},"categories":[2,421,24,26,13,14,18],"tags":[97,109,176,210,211,212,258,299,300,323],"class_list":["post-323","post","type-post","status-publish","format-standard","hentry","category-autor","category-blog","category-bucher","category-der-rebell-schattengrenzen-ii","category-projekte","category-schattengrenzen","category-veroffentlichungen","tag-berlin","tag-bookshouse","tag-gay","tag-homosexualitat","tag-horror","tag-horror-thriller","tag-lektorat","tag-mystery","tag-mystery-thriller","tag-polizei"],"jetpack_sharing_enabled":true,"jetpack_featured_media_url":"","_links":{"self":[{"href":"https:\/\/www.schattengrenzen.de\/index.php?rest_route=\/wp\/v2\/posts\/323","targetHints":{"allow":["GET"]}}],"collection":[{"href":"https:\/\/www.schattengrenzen.de\/index.php?rest_route=\/wp\/v2\/posts"}],"about":[{"href":"https:\/\/www.schattengrenzen.de\/index.php?rest_route=\/wp\/v2\/types\/post"}],"author":[{"embeddable":true,"href":"https:\/\/www.schattengrenzen.de\/index.php?rest_route=\/wp\/v2\/users\/1"}],"replies":[{"embeddable":true,"href":"https:\/\/www.schattengrenzen.de\/index.php?rest_route=%2Fwp%2Fv2%2Fcomments&post=323"}],"version-history":[{"count":1,"href":"https:\/\/www.schattengrenzen.de\/index.php?rest_route=\/wp\/v2\/posts\/323\/revisions"}],"predecessor-version":[{"id":1296,"href":"https:\/\/www.schattengrenzen.de\/index.php?rest_route=\/wp\/v2\/posts\/323\/revisions\/1296"}],"wp:attachment":[{"href":"https:\/\/www.schattengrenzen.de\/index.php?rest_route=%2Fwp%2Fv2%2Fmedia&parent=323"}],"wp:term":[{"taxonomy":"category","embeddable":true,"href":"https:\/\/www.schattengrenzen.de\/index.php?rest_route=%2Fwp%2Fv2%2Fcategories&post=323"},{"taxonomy":"post_tag","embeddable":true,"href":"https:\/\/www.schattengrenzen.de\/index.php?rest_route=%2Fwp%2Fv2%2Ftags&post=323"}],"curies":[{"name":"wp","href":"https:\/\/api.w.org\/{rel}","templated":true}]}}