{"id":318,"date":"2013-07-19T18:43:33","date_gmt":"2013-07-19T18:43:33","guid":{"rendered":"http:\/\/lysander1330.wordpress.com\/?p=318"},"modified":"2018-04-13T17:45:54","modified_gmt":"2018-04-13T17:45:54","slug":"lesung-in-der-coffeebar-anderswo-wiesbaden","status":"publish","type":"post","link":"https:\/\/www.schattengrenzen.de\/?p=318","title":{"rendered":"Lesung in der Coffeebar Anderswo &#8211; Wiesbaden"},"content":{"rendered":"<p>Hallo ihr Lieben,<\/p>\n<p>morgen lesen Sascha Ehlert &#8211; Verlagschef des Titus-Verlags und ich aus unseren Romanen. Thema ist &#8211; wie ihr euch denken k\u00f6nnt &#8211; Thriller. Saschas Buch hei\u00dft <em><strong>Jackie<\/strong><\/em>. Ich habe es schon seit der Mainzer Minipresse Messe, kam aber leider noch nicht zum Lesen. Aber um euch ein bisschen neugieriger zu machen der Klappentext seines Buches:<\/p>\n<p><em>Das Theater ist f\u00fcr Jacqueline die Welt, von der sie ihr ganzes Leben schon tr\u00e4umt. Sie will seit ihrer Kindheit ein Star auf der B\u00fchne sein. Herbe Entt\u00e4uschungen treiben die junge Frau jedoch zum \u00c4u\u00dfersten. Psychische Abgr\u00fcnde, Gewalt und ihre Phantasie allm\u00e4chtig zu sein treiben sie in den Wahn, ihre perfekte Welt zu erschaffen.<\/em><\/p>\n<p><a href=\"http:\/\/www.amazon.de\/Jackie-Thriller-Sascha-Ehlert\/dp\/3942277328\/ref=sr_1_cc_1?s=aps&amp;ie=UTF8&amp;qid=1374258776&amp;sr=1-1-catcorr&amp;keywords=jackie+sascha+ehlert\">http:\/\/www.amazon.de\/Jackie-Thriller-Sascha-Ehlert\/dp\/3942277328\/ref=sr_1_cc_1?s=aps&amp;ie=UTF8&amp;qid=1374258776&amp;sr=1-1-catcorr&amp;keywords=jackie+sascha+ehlert<\/a><\/p>\n<figure id=\"attachment_319\" aria-describedby=\"caption-attachment-319\" style=\"width: 90px\" class=\"wp-caption aligncenter\"><a href=\"http:\/\/lysander1330.files.wordpress.com\/2013\/07\/jackie.jpg\"><img loading=\"lazy\" decoding=\"async\" class=\"size-thumbnail wp-image-319\" alt=\"Jackie von Sascha Ehlert\/ Titus-Verlag\" src=\"http:\/\/lysander1330.files.wordpress.com\/2013\/07\/jackie.jpg?w=90\" width=\"90\" height=\"150\" srcset=\"https:\/\/www.schattengrenzen.de\/wp-content\/uploads\/2013\/07\/jackie.jpg 300w, https:\/\/www.schattengrenzen.de\/wp-content\/uploads\/2013\/07\/jackie-180x300.jpg 180w\" sizes=\"auto, (max-width: 90px) 100vw, 90px\" \/><\/a><figcaption id=\"caption-attachment-319\" class=\"wp-caption-text\">Jackie von Sascha Ehlert\/ Titus-Verlag<\/figcaption><\/figure>\n<p>Ihr k\u00f6nnt euch sicher denken, dass das genau meine Art von Roman ist \ud83d\ude42 Deswegen freue ich mich schon sehr auf ihn.<\/p>\n<p>Was mich betrifft, so kennt ihr ja meinen Klappentext &#8211; obwohl, ich qu\u00e4le euch ja so gern \ud83d\ude09<\/p>\n<p><em>F\u00fcr die 19-j\u00e4hrige Camilla und ihre Freundin Theresa endet ein Museumsausflug mit einem Schock. Ein Mann st\u00fcrzt sich vor ihren F\u00fc\u00dfen zu Tode. Seine Augen l\u00f6sen sich in Staub auf, aus seiner Hand rollen blutige Aug\u00e4pfel. Steht der Suizid in Zusammenhang mit einem wahnsinnigen M\u00f6rder, der sein Unwesen in Berlin treibt? Bereits mehrere junge Frauen sind ihm zum Opfer gefallen. Die verst\u00fcmmelten Leichen verbindet ein grausiges Merkmal: herausgeschnittene Augen. Obwohl sich Camilla und Theresa unter der Betreuung einer Psychotherapeutin und der Polizei in Sicherheit w\u00e4hnen, nimmt der Serienkiller sie ins Visier. Von Panik getrieben ger\u00e4t Camilla in die Unterwelt der Hauptstadt und st\u00f6\u00dft auf r\u00e4tselhafte Menschen. K\u00f6nnen der greise Amadeo oder der attraktive Chris sie vor ihrem fanatischen Verfolger retten? Mit dem Namen \u201eSandmann\u201c gibt Chris ihr einen entscheidenden Hinweis, doch der Killer ist nicht leicht zu \u00fcberlisten. Um seinen Attacken zu entkommen, muss sich Camilla nicht nur ihrem Peiniger stellen. Sie entdeckt eine \u00fcbersinnliche F\u00e4higkeit, die vielleicht besser im Verborgenen geblieben w\u00e4re \u2026<\/em><\/p>\n<p><a href=\"http:\/\/www.amazon.de\/Glasseelen-Schattengrenzen-1-Tanja-Meurer\/dp\/9963722407\/ref=sr_1_1?s=books&amp;ie=UTF8&amp;qid=1374259040&amp;sr=1-1&amp;keywords=glasseelen\">http:\/\/www.amazon.de\/Glasseelen-Schattengrenzen-1-Tanja-Meurer\/dp\/9963722407\/ref=sr_1_1?s=books&amp;ie=UTF8&amp;qid=1374259040&amp;sr=1-1&amp;keywords=glasseelen<\/a><\/p>\n<figure id=\"attachment_177\" aria-describedby=\"caption-attachment-177\" style=\"width: 94px\" class=\"wp-caption aligncenter\"><a href=\"http:\/\/lysander1330.files.wordpress.com\/2013\/03\/10_700.jpg\"><img loading=\"lazy\" decoding=\"async\" class=\"size-thumbnail wp-image-177\" alt=\"Glasseelen - Schattengrenzen I - Tanja Meurer\/ Bookshouse\" src=\"http:\/\/lysander1330.files.wordpress.com\/2013\/03\/10_700.jpg?w=94\" width=\"94\" height=\"150\" srcset=\"https:\/\/www.schattengrenzen.de\/wp-content\/uploads\/2013\/03\/10_700.jpg 442w, https:\/\/www.schattengrenzen.de\/wp-content\/uploads\/2013\/03\/10_700-189x300.jpg 189w\" sizes=\"auto, (max-width: 94px) 100vw, 94px\" \/><\/a><figcaption id=\"caption-attachment-177\" class=\"wp-caption-text\">Glasseelen &#8211; Schattengrenzen I &#8211; Tanja Meurer\/ Bookshouse<\/figcaption><\/figure>\n<p>Am Liebsten w\u00fcrde ich eigentlich den Anfang vom Rebellen lesen &#8230; der ist so sch\u00f6n blutig \ud83d\ude09 Aber das Buch ist noch im Lektorat.<\/p>\n<p>Btw, hier das Plakat, was Jule f\u00fcr Sascha und mich gemacht hat \ud83d\ude42<\/p>\n<figure id=\"attachment_320\" aria-describedby=\"caption-attachment-320\" style=\"width: 106px\" class=\"wp-caption aligncenter\"><a href=\"http:\/\/lysander1330.files.wordpress.com\/2013\/07\/lesung-anderswo-2013.jpg\"><img loading=\"lazy\" decoding=\"async\" class=\"size-thumbnail wp-image-320\" alt=\"Lesung 20.07.2013 - Coffeebar Anderswo - Wiesbaden\" src=\"http:\/\/lysander1330.files.wordpress.com\/2013\/07\/lesung-anderswo-2013.jpg?w=106\" width=\"106\" height=\"150\" srcset=\"https:\/\/www.schattengrenzen.de\/wp-content\/uploads\/2013\/07\/lesung-anderswo-2013.jpg 600w, https:\/\/www.schattengrenzen.de\/wp-content\/uploads\/2013\/07\/lesung-anderswo-2013-212x300.jpg 212w\" sizes=\"auto, (max-width: 106px) 100vw, 106px\" \/><\/a><figcaption id=\"caption-attachment-320\" class=\"wp-caption-text\">Lesung 20.07.2013 &#8211; Coffeebar Anderswo &#8211; Wiesbaden<\/figcaption><\/figure>\n","protected":false},"excerpt":{"rendered":"<p>Hallo ihr Lieben, morgen lesen Sascha Ehlert &#8211; Verlagschef des Titus-Verlags und ich aus unseren Romanen. Thema ist &#8211; wie ihr euch denken k\u00f6nnt &#8211; Thriller. Saschas Buch hei\u00dft Jackie. Ich habe es schon seit der Mainzer Minipresse Messe, kam aber leider noch nicht zum Lesen. Aber um euch ein bisschen neugieriger zu machen der&#8230;<\/p>\n","protected":false},"author":1,"featured_media":0,"comment_status":"open","ping_status":"open","sticky":false,"template":"","format":"standard","meta":{"_jetpack_memberships_contains_paid_content":false,"footnotes":""},"categories":[2,421,24,32,13,14,16,18],"tags":[127,268,300,351,379,407],"class_list":["post-318","post","type-post","status-publish","format-standard","hentry","category-autor","category-blog","category-bucher","category-glasseelen-schattengrenzen-i","category-projekte","category-schattengrenzen","category-termine","category-veroffentlichungen","tag-coffeebar-anderswo","tag-lesung","tag-mystery-thriller","tag-sascha-ehlert","tag-thriller","tag-wiesbaden"],"jetpack_sharing_enabled":true,"jetpack_featured_media_url":"","_links":{"self":[{"href":"https:\/\/www.schattengrenzen.de\/index.php?rest_route=\/wp\/v2\/posts\/318","targetHints":{"allow":["GET"]}}],"collection":[{"href":"https:\/\/www.schattengrenzen.de\/index.php?rest_route=\/wp\/v2\/posts"}],"about":[{"href":"https:\/\/www.schattengrenzen.de\/index.php?rest_route=\/wp\/v2\/types\/post"}],"author":[{"embeddable":true,"href":"https:\/\/www.schattengrenzen.de\/index.php?rest_route=\/wp\/v2\/users\/1"}],"replies":[{"embeddable":true,"href":"https:\/\/www.schattengrenzen.de\/index.php?rest_route=%2Fwp%2Fv2%2Fcomments&post=318"}],"version-history":[{"count":1,"href":"https:\/\/www.schattengrenzen.de\/index.php?rest_route=\/wp\/v2\/posts\/318\/revisions"}],"predecessor-version":[{"id":1297,"href":"https:\/\/www.schattengrenzen.de\/index.php?rest_route=\/wp\/v2\/posts\/318\/revisions\/1297"}],"wp:attachment":[{"href":"https:\/\/www.schattengrenzen.de\/index.php?rest_route=%2Fwp%2Fv2%2Fmedia&parent=318"}],"wp:term":[{"taxonomy":"category","embeddable":true,"href":"https:\/\/www.schattengrenzen.de\/index.php?rest_route=%2Fwp%2Fv2%2Fcategories&post=318"},{"taxonomy":"post_tag","embeddable":true,"href":"https:\/\/www.schattengrenzen.de\/index.php?rest_route=%2Fwp%2Fv2%2Ftags&post=318"}],"curies":[{"name":"wp","href":"https:\/\/api.w.org\/{rel}","templated":true}]}}