{"id":311,"date":"2013-07-09T16:45:52","date_gmt":"2013-07-09T16:45:52","guid":{"rendered":"http:\/\/lysander1330.wordpress.com\/?p=311"},"modified":"2018-04-13T17:46:13","modified_gmt":"2018-04-13T17:46:13","slug":"wanderbuchrunde-zu-glasseelen-schattengrenzen-i","status":"publish","type":"post","link":"https:\/\/www.schattengrenzen.de\/?p=311","title":{"rendered":"Wanderbuchrunde zu &#8220;Glasseelen &#8211; Schattengrenzen I&#8221;"},"content":{"rendered":"<p>Hallo ihr Lieben,<\/p>\n<p>da Ende August der Folgeband zu &#8220;Glasseelen &#8211; Schattengrenzen I&#8221; (Der Rebell &#8211; Schattengrenzen II) bei Bookshouse erscheint, m\u00f6chte ich im Vorfeld gern eine Wanderbuchrunde aufmachen.<\/p>\n<p>Hier der Inhalt zu &#8220;Glasseelen&#8221;:<\/p>\n<p>F\u00fcr die 19-j\u00e4hrige Camilla und ihre Freundin Theresa endet ein Museumsausflug mit einem Schock. Ein Mann st\u00fcrzt sich vor ihren F\u00fc\u00dfen zu Tode. Seine Augen l\u00f6sen sich in Staub auf, aus seiner Hand rollen blutige Aug\u00e4pfel. Steht der Suizid in Zusammenhang mit einem wahnsinnigen M\u00f6rder, der sein Unwesen in Berlin treibt? Bereits mehrere junge Frauen sind ihm zum Opfer gefallen. Die verst\u00fcmmelten Leichen verbindet ein grausiges Merkmal: herausgeschnittene Augen.<br \/>\nObwohl sich Camilla und Theresa unter der Betreuung einer Psychotherapeutin und der Polizei in Sicherheit w\u00e4hnen, nimmt der Serienkiller sie ins Visier. Von Panik getrieben ger\u00e4t Camilla in die Unterwelt der Hauptstadt und st\u00f6\u00dft auf r\u00e4tselhafte Menschen. K\u00f6nnen der greise Amadeo oder der attraktive Chris sie vor ihrem fanatischen Verfolger retten? Mit dem Namen \u201eSandmann\u201c gibt Chris ihr einen entscheidenden Hinweis, doch der Killer ist nicht leicht zu \u00fcberlisten. Um seinen Attacken zu entkommen, muss sich Camilla nicht nur ihrem Peiniger stellen. Sie entdeckt eine \u00fcbersinnliche F\u00e4higkeit, die vielleicht besser im Verborgenen geblieben w\u00e4re \u2026<\/p>\n<p>Zu dem Buch gibt es auch einen Buchtrailer:<\/p>\n<p><a href=\"http:\/\/www.youtube.com\/watch?v=UzqWqEdwLos\">http:\/\/www.youtube.com\/watch?v=UzqWqEdwLos<\/a><\/p>\n<p>Hier auch die Leseprobe:<\/p>\n<p><a href=\"http:\/\/www.bookshouse.de\/leseproben\/10\/10.pdf\">http:\/\/www.bookshouse.de\/leseproben\/10\/10.pdf<\/a><\/p>\n<p>Oder \u00fcber Amazon kostenlos als Kindle-eBook-Leseprobe:<\/p>\n<p><a href=\"http:\/\/www.amazon.de\/Glasseelen-Schattengrenzen-1-Leseprobe-ebook\/dp\/B00BWU5X72\/ref=tmm_kin_title_0?ie=UTF8&amp;qid=1359008466&amp;sr=8-1\">http:\/\/www.amazon.de\/Glasseelen-Schattengrenzen-1-Leseprobe-ebook\/dp\/B00BWU5X72\/ref=tmm_kin_title_0?ie=UTF8&amp;qid=1359008466&amp;sr=8-1<\/a><\/p>\n<p>Weitere Informationen dazu findet ihr hier:<\/p>\n<p><a href=\"http:\/\/www.bookshouse.de\/buecher\/Glasseelen___Schattengrenzen\/\">http:\/\/www.bookshouse.de\/buecher\/Glasseelen___Schattengrenzen\/<\/a><\/p>\n<p><a href=\"https:\/\/www.schattengrenzen.de\/\">https:\/\/www.schattengrenzen.de\/<\/a><\/p>\n<p>Auf Facebook:<\/p>\n<p><a href=\"http:\/\/www.facebook.com\/Schattengrenzen\">http:\/\/www.facebook.com\/Schattengrenzen<\/a><\/p>\n<p>Wer interessiert ist, kann sich gern bei mir bewerben.<\/p>\n<p>Liebe Gr\u00fc\u00dfe<\/p>\n<p>Tanja<\/p>\n<p style=\"text-align:left;\"><a href=\"http:\/\/lysander1330.files.wordpress.com\/2013\/03\/10_700.jpg\"><img loading=\"lazy\" decoding=\"async\" class=\"alignleft size-thumbnail wp-image-177\" alt=\"Glasseelen - Schattengrenzen I\" src=\"http:\/\/lysander1330.files.wordpress.com\/2013\/03\/10_700.jpg?w=94\" width=\"94\" height=\"150\" srcset=\"https:\/\/www.schattengrenzen.de\/wp-content\/uploads\/2013\/03\/10_700.jpg 442w, https:\/\/www.schattengrenzen.de\/wp-content\/uploads\/2013\/03\/10_700-189x300.jpg 189w\" sizes=\"auto, (max-width: 94px) 100vw, 94px\" \/><\/a>\u00a0\u00a0<a href=\"http:\/\/lysander1330.files.wordpress.com\/2013\/06\/51_700.jpg\"><img loading=\"lazy\" decoding=\"async\" class=\"size-thumbnail wp-image-300\" alt=\"Cover I\" src=\"http:\/\/lysander1330.files.wordpress.com\/2013\/06\/51_700.jpg?w=94\" width=\"94\" height=\"150\" srcset=\"https:\/\/www.schattengrenzen.de\/wp-content\/uploads\/2013\/06\/51_700.jpg 441w, https:\/\/www.schattengrenzen.de\/wp-content\/uploads\/2013\/06\/51_700-189x300.jpg 189w\" sizes=\"auto, (max-width: 94px) 100vw, 94px\" \/><\/a><\/p>\n<dl class=\"wp-caption alignleft\" id=\"attachment_300\" style=\"width:104px;\">\n<dd class=\"wp-caption-dd\">Cover I<\/dd>\n<\/dl>\n","protected":false},"excerpt":{"rendered":"<p>Hallo ihr Lieben, da Ende August der Folgeband zu &#8220;Glasseelen &#8211; Schattengrenzen I&#8221; (Der Rebell &#8211; Schattengrenzen II) bei Bookshouse erscheint, m\u00f6chte ich im Vorfeld gern eine Wanderbuchrunde aufmachen. Hier der Inhalt zu &#8220;Glasseelen&#8221;: F\u00fcr die 19-j\u00e4hrige Camilla und ihre Freundin Theresa endet ein Museumsausflug mit einem Schock. Ein Mann st\u00fcrzt sich vor ihren F\u00fc\u00dfen&#8230;<\/p>\n","protected":false},"author":1,"featured_media":0,"comment_status":"open","ping_status":"open","sticky":false,"template":"","format":"standard","meta":{"_jetpack_memberships_contains_paid_content":false,"footnotes":""},"categories":[2,421,24,26,32,7,13,14,18],"tags":[78,97,142,274,300,349,390,402,411],"class_list":["post-311","post","type-post","status-publish","format-standard","hentry","category-autor","category-blog","category-bucher","category-der-rebell-schattengrenzen-ii","category-glasseelen-schattengrenzen-i","category-homepages","category-projekte","category-schattengrenzen","category-veroffentlichungen","tag-amazon-de","tag-berlin","tag-deutschland","tag-literatur","tag-mystery-thriller","tag-sandmann","tag-unterwelten","tag-wanderbuch","tag-www-amazon"],"jetpack_sharing_enabled":true,"jetpack_featured_media_url":"","_links":{"self":[{"href":"https:\/\/www.schattengrenzen.de\/index.php?rest_route=\/wp\/v2\/posts\/311","targetHints":{"allow":["GET"]}}],"collection":[{"href":"https:\/\/www.schattengrenzen.de\/index.php?rest_route=\/wp\/v2\/posts"}],"about":[{"href":"https:\/\/www.schattengrenzen.de\/index.php?rest_route=\/wp\/v2\/types\/post"}],"author":[{"embeddable":true,"href":"https:\/\/www.schattengrenzen.de\/index.php?rest_route=\/wp\/v2\/users\/1"}],"replies":[{"embeddable":true,"href":"https:\/\/www.schattengrenzen.de\/index.php?rest_route=%2Fwp%2Fv2%2Fcomments&post=311"}],"version-history":[{"count":1,"href":"https:\/\/www.schattengrenzen.de\/index.php?rest_route=\/wp\/v2\/posts\/311\/revisions"}],"predecessor-version":[{"id":1299,"href":"https:\/\/www.schattengrenzen.de\/index.php?rest_route=\/wp\/v2\/posts\/311\/revisions\/1299"}],"wp:attachment":[{"href":"https:\/\/www.schattengrenzen.de\/index.php?rest_route=%2Fwp%2Fv2%2Fmedia&parent=311"}],"wp:term":[{"taxonomy":"category","embeddable":true,"href":"https:\/\/www.schattengrenzen.de\/index.php?rest_route=%2Fwp%2Fv2%2Fcategories&post=311"},{"taxonomy":"post_tag","embeddable":true,"href":"https:\/\/www.schattengrenzen.de\/index.php?rest_route=%2Fwp%2Fv2%2Ftags&post=311"}],"curies":[{"name":"wp","href":"https:\/\/api.w.org\/{rel}","templated":true}]}}