{"id":31,"date":"2013-03-12T18:30:26","date_gmt":"2013-03-12T18:30:26","guid":{"rendered":"http:\/\/lysander1330.wordpress.com\/?p=31"},"modified":"2018-04-13T17:52:45","modified_gmt":"2018-04-13T17:52:45","slug":"witziges-selbstinterview-dank-fb","status":"publish","type":"post","link":"https:\/\/www.schattengrenzen.de\/?p=31","title":{"rendered":"Witziges Selbstinterview Dank FB"},"content":{"rendered":"<div><strong>The Next Big Thing Blog Hop \u00a0&#8211; ein &#8220;Kettenbrief&#8221; f\u00fcr Autoren<\/strong><\/div>\n<div>Diese Aufforderung kam von Gundel Limberg \ud83d\ude42<br \/>\nVon ihr sind die Romane &#8220;Luzid&#8221;, &#8220;Meleons magische Schokoladen&#8221; und &#8220;Intrigenk\u00fcche&#8221;, was gerade im Bookshouse-Verlag erscheint.<\/div>\n<div>Hier ihre HP:<\/div>\n<div><a href=\"http:\/\/www.romanluzid.de\/\" target=\"_blank\"><em>http:\/\/www.romanluzid.de\/<\/em><\/a><\/div>\n<div><\/div>\n<div>The Next Big Thing Blog Hop \u00a0&#8211; ein &#8220;Kettenbrief&#8221; f\u00fcr Autoren<\/div>\n<div>&#8211; eine M\u00f6glichkeit f\u00fcr Autoren in der ganzen Welt zu berichten, an welchem Projekt sie gerade arbeiten. Sie beantworten 10 Fragen (auch wenn es nur 9 sind) zu ihrem n\u00e4chsten\u00a0Buch.<\/div>\n<div><\/div>\n<div><strong>Hier die Fragen und meine Antworten:<\/strong><\/div>\n<div><\/div>\n<div><strong>Was ist der Arbeitstitel Ihres Buches?<\/strong><\/div>\n<div>Der Rebell<\/div>\n<div><\/div>\n<div><strong>Woher kam die Idee f\u00fcr dieses Buch?<\/strong><\/div>\n<div>Es ist Teil einer Mystery-Thriller\/ Horror-Reihe. Die Grundlagen f\u00fcr diesen Band wurden schon im vorangegangenen Buch gelegt. Generell habe ich aber schon vor Jahren die Idee\u00a0gehabt, Olivers Hintergr\u00fcnde und den Ausl\u00f6ser f\u00fcr das, ws noch alles passiert, niederzuschreiben.<\/div>\n<div><\/div>\n<div><strong>Unter welches Genre f\u00e4llt Ihr Buch?<\/strong><\/div>\n<div>Wie erw\u00e4hnt: Horror\/ Mystery-Thriller.<\/div>\n<div><\/div>\n<div><strong>Wie lautet die Ein-Satz-Zusammenfassung Ihres Buches?<\/strong><\/div>\n<div>\u00c4h ja, wie lang soll der Satz werden \ud83d\ude09<\/div>\n<div>Scherz beiseite.<\/div>\n<div>W\u00e4hrend der laufenden Ermittlungen um den Mord an seiner Mutter und seinen Geschwistern dringt der 15-j\u00e4hrige Oliver tief in die beklemmende Historie seiner Familie ein und\u00a0findest sich im Netz eines unheimlichen Mannes wieder, bei dem alle F\u00e4den zusammenlaufen.<\/div>\n<div>Man klingt das flach &#8230; Dabei ist das gerade mal ein fahler Abriss eines Handlungssements und nur die Oberfl\u00e4che. In der Tiefe brodelt ja die eigentliche Handlung.<\/div>\n<div><\/div>\n<div><strong>Welche Schauspieler sollten Ihre Charaktere in einer Filmunsetzung spielen?<\/strong><\/div>\n<div>Keiner der bekannten Stars w\u00fcrde darauf passen. Indi-Schauspieler, Leute von der Stra\u00dfe, richtige Menschen eben.<\/div>\n<div><\/div>\n<div><strong>Werden Sie Ihr Buch selbst verlegen oder wird es vertreten durch einen Agenten?<\/strong><\/div>\n<div>Weder noch. Der Roman erscheint bei Bookshouse.<\/div>\n<div><\/div>\n<div><strong>Wie lange haben Sie gebraucht, um den ersten Entwurf Ihres Manuskriptes zu schreiben?<\/strong><\/div>\n<div>Das waren etwa f\u00fcnf Monate (plus\/ miuns). Aber heraus kamen auch rund 550 Seiten &#8211; und es werden &#8211; bei der \u00dcberarbeitung &#8211; mehr. Gerade arbeite ich die Logik und den\u00a0unheimlichen Teil weiter heraus.<\/div>\n<div><\/div>\n<div><strong>Welche anderen B\u00fccher w\u00fcrden Sie mit Ihrem vergleichen?<\/strong><\/div>\n<div>Keins. Meine Charaktere und die Handlung sind genauso Indipendent wie ich \ud83d\ude09<\/div>\n<div><\/div>\n<div><strong>M\u00f6chten Sie andere Autoren f\u00fcr das Interview nominieren?<\/strong><\/div>\n<div>Klar \ud83d\ude00<\/div>\n<div>Juliane Seidel<em>\u00a0<\/em><a href=\"http:\/\/www.assjah.de\/\" target=\"_blank\"><em>http:\/\/www.assjah.de\/<\/em><\/a><\/div>\n<div>Fabienne Siegmund\u00a0<a href=\"http:\/\/www.facebook.com\/fabienne.siegmund?fref=ts\" target=\"_blank\"><em>http:\/\/www.facebook.com\/fabienne.siegmund?fref=ts<\/em><\/a><\/div>\n<div>Julia S. Heinrich\u00a0<a href=\"http:\/\/www.facebook.com\/pages\/Julia-S-Heinrich\/392343877492971\" target=\"_blank\"><em>http:\/\/www.facebook.com\/pages\/Julia-S-Heinrich\/392343877492971<\/em><\/a><\/div>\n<div>und<\/div>\n<div>Nadine K\u00fchnemann\u00a0<a href=\"http:\/\/www.nadine-kuehnemann.de\/\" target=\"_blank\"><em>http:\/\/www.nadine-kuehnemann.de\/<\/em><\/a><\/div>\n","protected":false},"excerpt":{"rendered":"<p>The Next Big Thing Blog Hop \u00a0&#8211; ein &#8220;Kettenbrief&#8221; f\u00fcr Autoren Diese Aufforderung kam von Gundel Limberg \ud83d\ude42 Von ihr sind die Romane &#8220;Luzid&#8221;, &#8220;Meleons magische Schokoladen&#8221; und &#8220;Intrigenk\u00fcche&#8221;, was gerade im Bookshouse-Verlag erscheint. Hier ihre HP: http:\/\/www.romanluzid.de\/ The Next Big Thing Blog Hop \u00a0&#8211; ein &#8220;Kettenbrief&#8221; f\u00fcr Autoren &#8211; eine M\u00f6glichkeit f\u00fcr Autoren in&#8230;<\/p>\n","protected":false},"author":1,"featured_media":0,"comment_status":"open","ping_status":"open","sticky":false,"template":"","format":"standard","meta":{"_jetpack_memberships_contains_paid_content":false,"footnotes":""},"categories":[2,421,12],"tags":[],"class_list":["post-31","post","type-post","status-publish","format-standard","hentry","category-autor","category-blog","category-presse-autor"],"jetpack_sharing_enabled":true,"jetpack_featured_media_url":"","_links":{"self":[{"href":"https:\/\/www.schattengrenzen.de\/index.php?rest_route=\/wp\/v2\/posts\/31","targetHints":{"allow":["GET"]}}],"collection":[{"href":"https:\/\/www.schattengrenzen.de\/index.php?rest_route=\/wp\/v2\/posts"}],"about":[{"href":"https:\/\/www.schattengrenzen.de\/index.php?rest_route=\/wp\/v2\/types\/post"}],"author":[{"embeddable":true,"href":"https:\/\/www.schattengrenzen.de\/index.php?rest_route=\/wp\/v2\/users\/1"}],"replies":[{"embeddable":true,"href":"https:\/\/www.schattengrenzen.de\/index.php?rest_route=%2Fwp%2Fv2%2Fcomments&post=31"}],"version-history":[{"count":1,"href":"https:\/\/www.schattengrenzen.de\/index.php?rest_route=\/wp\/v2\/posts\/31\/revisions"}],"predecessor-version":[{"id":1338,"href":"https:\/\/www.schattengrenzen.de\/index.php?rest_route=\/wp\/v2\/posts\/31\/revisions\/1338"}],"wp:attachment":[{"href":"https:\/\/www.schattengrenzen.de\/index.php?rest_route=%2Fwp%2Fv2%2Fmedia&parent=31"}],"wp:term":[{"taxonomy":"category","embeddable":true,"href":"https:\/\/www.schattengrenzen.de\/index.php?rest_route=%2Fwp%2Fv2%2Fcategories&post=31"},{"taxonomy":"post_tag","embeddable":true,"href":"https:\/\/www.schattengrenzen.de\/index.php?rest_route=%2Fwp%2Fv2%2Ftags&post=31"}],"curies":[{"name":"wp","href":"https:\/\/api.w.org\/{rel}","templated":true}]}}