{"id":308,"date":"2013-07-02T11:43:53","date_gmt":"2013-07-02T11:43:53","guid":{"rendered":"http:\/\/lysander1330.wordpress.com\/?p=308"},"modified":"2018-04-13T17:46:35","modified_gmt":"2018-04-13T17:46:35","slug":"das-ebook-zu-glasseelen-fur-kurze-zeit-vergunstigt","status":"publish","type":"post","link":"https:\/\/www.schattengrenzen.de\/?p=308","title":{"rendered":"Das eBook zu Glasseelen f\u00fcr Kurze Zeit verg\u00fcnstigt"},"content":{"rendered":"<p>Hallo ihr Lieben,<\/p>\n<p>das eBook zu Glasseelen kostet augeblicklich nur 0,99 \u20ac: <a href=\"http:\/\/www.bookshouse.de\/buecher\/Glasseelen___Schattengrenzen\/\">http:\/\/www.bookshouse.de\/buecher\/Glasseelen___Schattengrenzen\/<\/a><\/p>\n<p>Wer Interesse hat, kann jetzt wirklich kosteng\u00fcnstig zugreifen :)#<\/p>\n<p>Liebe Gr\u00fc\u00dfe,<\/p>\n<p>Tanja<\/p>\n","protected":false},"excerpt":{"rendered":"<p>Hallo ihr Lieben, das eBook zu Glasseelen kostet augeblicklich nur 0,99 \u20ac: http:\/\/www.bookshouse.de\/buecher\/Glasseelen___Schattengrenzen\/ Wer Interesse hat, kann jetzt wirklich kosteng\u00fcnstig zugreifen :)# Liebe Gr\u00fc\u00dfe, Tanja<\/p>\n","protected":false},"author":1,"featured_media":0,"comment_status":"open","ping_status":"open","sticky":false,"template":"","format":"aside","meta":{"_jetpack_memberships_contains_paid_content":false,"footnotes":""},"categories":[2,421,24,32,13,14,18],"tags":[153,181,300],"class_list":["post-308","post","type-post","status-publish","format-aside","hentry","category-autor","category-blog","category-bucher","category-glasseelen-schattengrenzen-i","category-projekte","category-schattengrenzen","category-veroffentlichungen","tag-ebooks","tag-gunstig","tag-mystery-thriller","post_format-post-format-aside"],"jetpack_sharing_enabled":true,"jetpack_featured_media_url":"","_links":{"self":[{"href":"https:\/\/www.schattengrenzen.de\/index.php?rest_route=\/wp\/v2\/posts\/308","targetHints":{"allow":["GET"]}}],"collection":[{"href":"https:\/\/www.schattengrenzen.de\/index.php?rest_route=\/wp\/v2\/posts"}],"about":[{"href":"https:\/\/www.schattengrenzen.de\/index.php?rest_route=\/wp\/v2\/types\/post"}],"author":[{"embeddable":true,"href":"https:\/\/www.schattengrenzen.de\/index.php?rest_route=\/wp\/v2\/users\/1"}],"replies":[{"embeddable":true,"href":"https:\/\/www.schattengrenzen.de\/index.php?rest_route=%2Fwp%2Fv2%2Fcomments&post=308"}],"version-history":[{"count":1,"href":"https:\/\/www.schattengrenzen.de\/index.php?rest_route=\/wp\/v2\/posts\/308\/revisions"}],"predecessor-version":[{"id":1300,"href":"https:\/\/www.schattengrenzen.de\/index.php?rest_route=\/wp\/v2\/posts\/308\/revisions\/1300"}],"wp:attachment":[{"href":"https:\/\/www.schattengrenzen.de\/index.php?rest_route=%2Fwp%2Fv2%2Fmedia&parent=308"}],"wp:term":[{"taxonomy":"category","embeddable":true,"href":"https:\/\/www.schattengrenzen.de\/index.php?rest_route=%2Fwp%2Fv2%2Fcategories&post=308"},{"taxonomy":"post_tag","embeddable":true,"href":"https:\/\/www.schattengrenzen.de\/index.php?rest_route=%2Fwp%2Fv2%2Ftags&post=308"}],"curies":[{"name":"wp","href":"https:\/\/api.w.org\/{rel}","templated":true}]}}