{"id":299,"date":"2013-06-24T16:03:12","date_gmt":"2013-06-24T16:03:12","guid":{"rendered":"http:\/\/lysander1330.wordpress.com\/?p=299"},"modified":"2018-04-13T17:48:10","modified_gmt":"2018-04-13T17:48:10","slug":"der-rebell-cover-und-klappentext-sind-nun-veroffentlicht","status":"publish","type":"post","link":"https:\/\/www.schattengrenzen.de\/?p=299","title":{"rendered":"&#8220;Der Rebell&#8221; &#8211; Cover und Klappentext sind nun ver\u00f6ffentlicht"},"content":{"rendered":"<p><em><strong>Der Rebell<\/strong><\/em> &#8230; Seit heute ist das neue Cover zu meinem zweiten <em><strong>Schattengrenzen<\/strong><\/em>-Roman ver\u00f6ffentlicht. Es ist wieder in dem angenehmen Aquarellstil gehalten, mit dem kleinen Unterschied, dass es sich nicht um ein Frauenportrait handelt. Warum? Ganz einfach: Oliver ist der Protagonist des zweiten Bandes. Im ersten endet die Geschichte mit einer \u00dcberleitung zu Buch zwei, somit gibt die liebe Camilla Oliver die Klinke in die Hand.<\/p>\n<p>Eines vorweg, das Buch ist unheimlicher als &#8220;Glasseelen&#8221; und Olli darf seine &#8220;Nehmerf\u00e4higkeiten&#8221; (Lieblingsbegriff meines ehemaligen Chefs) unter beweis stellen. Aber er kann nicht nur einstecken sondern auch ganz gut austeilen.<\/p>\n<p>Hier erst mal das neue Cover:<\/p>\n<figure id=\"attachment_300\" aria-describedby=\"caption-attachment-300\" style=\"width: 94px\" class=\"wp-caption aligncenter\"><a href=\"http:\/\/lysander1330.files.wordpress.com\/2013\/06\/51_700.jpg\"><img loading=\"lazy\" decoding=\"async\" class=\"size-thumbnail wp-image-300\" alt=\"Cover I\" src=\"http:\/\/lysander1330.files.wordpress.com\/2013\/06\/51_700.jpg?w=94\" width=\"94\" height=\"150\" srcset=\"https:\/\/www.schattengrenzen.de\/wp-content\/uploads\/2013\/06\/51_700.jpg 441w, https:\/\/www.schattengrenzen.de\/wp-content\/uploads\/2013\/06\/51_700-189x300.jpg 189w\" sizes=\"auto, (max-width: 94px) 100vw, 94px\" \/><\/a><figcaption id=\"caption-attachment-300\" class=\"wp-caption-text\">Cover des 2. Romans<\/figcaption><\/figure>\n<p>Hier auch der R\u00fcckklappentext des Buches:<\/p>\n<p><em>Der 16-j\u00e4hrige Oliver und seine j\u00fcngeren Br\u00fcder Christian und Michael \u00fcberleben die schlimmste Nacht ihres Lebens. Ihr Vater ermordet Mutter und weitere Geschwister. Das Motiv scheint auf der Hand zu liegen: Untreue.<\/em><br \/>\n<em>Doch Oliver und seine Br\u00fcder wollen nicht daran glauben, insbesondere als auf Christian ein Anschlag ver\u00fcbt wird.<\/em><br \/>\n<em>Fassungslos \u00fcber die Tat und die Inaktivit\u00e4t der Polizei, suchen sie auf eigene Faust nach der Wahrheit und sto\u00dfen auf einen unheimlichen Gegner. Lediglich der unerfahrene Kommissar Daniel Kuhn steht ihnen bei.<\/em><\/p>\n<p><em>Zur selben Zeit werden mehrere Tote im Haus des einzigen noch lebenden Verwandten entdeckt. Die Leichen liegen bereits seit 70 Jahre dort. Die F\u00e4lle scheinen nichts miteinander zu tun zu haben, aber Olivers Neugier ist unstillbar. Er glaubt nicht an Zuf\u00e4lle und findet die Gemeinsamkeiten in beiden F\u00e4llen.\u00a0<\/em><br \/>\n<em>Doch ihre Gegner scheinen nicht unter den Lebenden zu weilen.<\/em><\/p>\n<p>Vorsicht, es ist wieder ein labyrinthisches Verwirrspiel \ud83d\ude09 F\u00fcr alle Fans der schwulen Literatur: Oliver ist gay und er verheimlicht es nicht.<\/p>\n<p>Hier nun auch noch mal das ganze Coverbild:<\/p>\n<p><a href=\"http:\/\/lysander1330.files.wordpress.com\/2013\/06\/51_cover.jpg\"><img loading=\"lazy\" decoding=\"async\" class=\"aligncenter size-thumbnail wp-image-301\" alt=\"Cover gesamt\" src=\"http:\/\/lysander1330.files.wordpress.com\/2013\/06\/51_cover.jpg?w=150\" width=\"150\" height=\"103\" srcset=\"https:\/\/www.schattengrenzen.de\/wp-content\/uploads\/2013\/06\/51_cover.jpg 1019w, https:\/\/www.schattengrenzen.de\/wp-content\/uploads\/2013\/06\/51_cover-300x206.jpg 300w, https:\/\/www.schattengrenzen.de\/wp-content\/uploads\/2013\/06\/51_cover-768x528.jpg 768w\" sizes=\"auto, (max-width: 150px) 100vw, 150px\" \/><\/a><\/p>\n<p>Wer ein paar Illus zu Oliver und Daniel sehen will, darf sich gern auf <a href=\"https:\/\/www.schattengrenzen.de\/\">https:\/\/www.schattengrenzen.de\/<\/a>\u00a0umsehen. Besonders sch\u00f6n ist das Bild, was <em><strong>Nathie<\/strong> <\/em>f\u00fcr mich angefertigt hatte.<\/p>\n<figure id=\"attachment_302\" aria-describedby=\"caption-attachment-302\" style=\"width: 106px\" class=\"wp-caption aligncenter\"><a href=\"http:\/\/lysander1330.files.wordpress.com\/2013\/06\/olli_daniel.jpg\"><img loading=\"lazy\" decoding=\"async\" class=\"size-thumbnail wp-image-302\" alt=\"Copyright by Nathie (Creationwarrior.net)\" src=\"http:\/\/lysander1330.files.wordpress.com\/2013\/06\/olli_daniel.jpg?w=106\" width=\"106\" height=\"150\" srcset=\"https:\/\/www.schattengrenzen.de\/wp-content\/uploads\/2013\/06\/olli_daniel.jpg 800w, https:\/\/www.schattengrenzen.de\/wp-content\/uploads\/2013\/06\/olli_daniel-212x300.jpg 212w, https:\/\/www.schattengrenzen.de\/wp-content\/uploads\/2013\/06\/olli_daniel-768x1086.jpg 768w, https:\/\/www.schattengrenzen.de\/wp-content\/uploads\/2013\/06\/olli_daniel-724x1024.jpg 724w\" sizes=\"auto, (max-width: 106px) 100vw, 106px\" \/><\/a><figcaption id=\"caption-attachment-302\" class=\"wp-caption-text\">Copyright by Nathie (Creationwarrior.net)<\/figcaption><\/figure>\n<p>Hier auch noch mal ganz wichtig &#8211; Nathies HP: <a href=\"http:\/\/www.creationwarrior.net\/\">http:\/\/www.creationwarrior.net\/<\/a><\/p>\n<p>Auch die FB-Seite von Nathie: <a href=\"http:\/\/www.facebook.com\/CreationWarrior?fref=ts\">http:\/\/www.facebook.com\/CreationWarrior?fref=ts<\/a><\/p>\n<p>Unbedingt anschauen \ud83d\ude00 Vielen lieben Dank Jule und Nathie \ud83d\ude00<\/p>\n","protected":false},"excerpt":{"rendered":"<p>Der Rebell &#8230; Seit heute ist das neue Cover zu meinem zweiten Schattengrenzen-Roman ver\u00f6ffentlicht. Es ist wieder in dem angenehmen Aquarellstil gehalten, mit dem kleinen Unterschied, dass es sich nicht um ein Frauenportrait handelt. Warum? Ganz einfach: Oliver ist der Protagonist des zweiten Bandes. Im ersten endet die Geschichte mit einer \u00dcberleitung zu Buch zwei,&#8230;<\/p>\n","protected":false},"author":1,"featured_media":0,"comment_status":"open","ping_status":"open","sticky":false,"template":"","format":"standard","meta":{"_jetpack_memberships_contains_paid_content":false,"footnotes":""},"categories":[2,421,24,26,7,36,13,14,18],"tags":[83,102,109,129,130,162,176,210,212,250,275,299,305,333,361,379,407],"class_list":["post-299","post","type-post","status-publish","format-standard","hentry","category-autor","category-blog","category-bucher","category-der-rebell-schattengrenzen-ii","category-homepages","category-illustrationen-skizzen","category-projekte","category-schattengrenzen","category-veroffentlichungen","tag-arts","tag-bild","tag-bookshouse","tag-cover","tag-creation-warrior","tag-facebook","tag-gay","tag-homosexualitat","tag-horror-thriller","tag-krimi","tag-literature","tag-mystery","tag-nathie","tag-ruckklappentext","tag-serie","tag-thriller","tag-wiesbaden"],"jetpack_sharing_enabled":true,"jetpack_featured_media_url":"","_links":{"self":[{"href":"https:\/\/www.schattengrenzen.de\/index.php?rest_route=\/wp\/v2\/posts\/299","targetHints":{"allow":["GET"]}}],"collection":[{"href":"https:\/\/www.schattengrenzen.de\/index.php?rest_route=\/wp\/v2\/posts"}],"about":[{"href":"https:\/\/www.schattengrenzen.de\/index.php?rest_route=\/wp\/v2\/types\/post"}],"author":[{"embeddable":true,"href":"https:\/\/www.schattengrenzen.de\/index.php?rest_route=\/wp\/v2\/users\/1"}],"replies":[{"embeddable":true,"href":"https:\/\/www.schattengrenzen.de\/index.php?rest_route=%2Fwp%2Fv2%2Fcomments&post=299"}],"version-history":[{"count":1,"href":"https:\/\/www.schattengrenzen.de\/index.php?rest_route=\/wp\/v2\/posts\/299\/revisions"}],"predecessor-version":[{"id":1302,"href":"https:\/\/www.schattengrenzen.de\/index.php?rest_route=\/wp\/v2\/posts\/299\/revisions\/1302"}],"wp:attachment":[{"href":"https:\/\/www.schattengrenzen.de\/index.php?rest_route=%2Fwp%2Fv2%2Fmedia&parent=299"}],"wp:term":[{"taxonomy":"category","embeddable":true,"href":"https:\/\/www.schattengrenzen.de\/index.php?rest_route=%2Fwp%2Fv2%2Fcategories&post=299"},{"taxonomy":"post_tag","embeddable":true,"href":"https:\/\/www.schattengrenzen.de\/index.php?rest_route=%2Fwp%2Fv2%2Ftags&post=299"}],"curies":[{"name":"wp","href":"https:\/\/api.w.org\/{rel}","templated":true}]}}