{"id":296,"date":"2013-06-21T18:43:32","date_gmt":"2013-06-21T18:43:32","guid":{"rendered":"http:\/\/lysander1330.wordpress.com\/?p=296"},"modified":"2018-04-13T17:48:17","modified_gmt":"2018-04-13T17:48:17","slug":"ein-neues-projekt-gart-und-wird","status":"publish","type":"post","link":"https:\/\/www.schattengrenzen.de\/?p=296","title":{"rendered":"Ein neues Projekt g\u00e4rt und wird &#8230;"},"content":{"rendered":"<p>Den homoerotischen Thriller, den ich in Planung hatte, habe ich immer noch sehr deutlich im Hinterkopf. Er g\u00e4rt und wird &#8230; Da dieses Projekt erst mal nur f\u00fcr mich ist, steht es auf\u00a0<a href=\"http:\/\/www.fanfiktion.de\/s\/51c484a40003206eac6ab28\">http:\/\/www.fanfiktion.de\/s\/51c484a40003206eac6ab28<\/a>\u00a0und vielleicht irgendwann auch einmal hier:\u00a0<a href=\"http:\/\/boyxboy.de\/efiction\/liststories.php?action=user&amp;uid=3549\">http:\/\/boyxboy.de\/efiction\/liststories.php?action=user&amp;uid=3549<\/a><\/p>\n<p>Das Ganze ist unlektoriert und nur von mir \u00fcberlesen worden, weshalb ich auch schon gleich wieder Fehler gefunden habe, nachdem ich den Post verschickt hatte. Mal schauen ob und wie es ankommen wird. Wenn ihr wollt, gebt mir Feedback.<\/p>\n<p>Generell flie\u00dft viel von meiner eigenen Erfahrung aus der Kurier- und Speditionsfahrer-Branche ein. Zwischen 1997 und 2001 war ich bei verschiedenen Speditionen\/ Kurierdiensten und hatte damals auch mit meinem LKW-Schein angefangen. Leider ist mein Chef mit der Kasse durchgebrannt und kam nie wieder. Shit happens. Seither bin ich von dem Wunsch des stupiden Fahrens kuriert (bis ich mir die Serie &#8220;Auf Achse&#8221; ansehe und wieder in meinen alten Job will). Aber ernsthaft &#8211; es ist anstrengend, beschissen bezahlt und in erster Linie gef\u00e4hrlich. Einer meiner Chefs sagte damals: &#8220;Sie stehen mit einem Fu\u00df im Sarg und mit dem anderen im Knast&#8221;. Unrecht hatte er sicher nicht, schon weil ich mehrere Unf\u00e4lle hatte und miterlebt habe. Generell hatte ich in der Zeit einfach mehr Gl\u00fcck als Verstand. So in der Art erlebt es allerdings auch mein Protagonist in der Geschichte &#8230;<\/p>\n<p>Meldet euch, es w\u00fcrde mich wirklich interessieren \ud83d\ude42<\/p>\n","protected":false},"excerpt":{"rendered":"<p>Den homoerotischen Thriller, den ich in Planung hatte, habe ich immer noch sehr deutlich im Hinterkopf. Er g\u00e4rt und wird &#8230; Da dieses Projekt erst mal nur f\u00fcr mich ist, steht es auf\u00a0http:\/\/www.fanfiktion.de\/s\/51c484a40003206eac6ab28\u00a0und vielleicht irgendwann auch einmal hier:\u00a0http:\/\/boyxboy.de\/efiction\/liststories.php?action=user&amp;uid=3549 Das Ganze ist unlektoriert und nur von mir \u00fcberlesen worden, weshalb ich auch schon gleich wieder Fehler&#8230;<\/p>\n","protected":false},"author":1,"featured_media":0,"comment_status":"open","ping_status":"open","sticky":false,"template":"","format":"standard","meta":{"_jetpack_memberships_contains_paid_content":false,"footnotes":""},"categories":[21,2,421,13,48,19],"tags":[142,176,326,379],"class_list":["post-296","post","type-post","status-publish","format-standard","hentry","category-9-mm","category-autor","category-blog","category-projekte","category-verborgener-feind","category-weiteres","tag-deutschland","tag-gay","tag-projekt","tag-thriller"],"jetpack_sharing_enabled":true,"jetpack_featured_media_url":"","_links":{"self":[{"href":"https:\/\/www.schattengrenzen.de\/index.php?rest_route=\/wp\/v2\/posts\/296","targetHints":{"allow":["GET"]}}],"collection":[{"href":"https:\/\/www.schattengrenzen.de\/index.php?rest_route=\/wp\/v2\/posts"}],"about":[{"href":"https:\/\/www.schattengrenzen.de\/index.php?rest_route=\/wp\/v2\/types\/post"}],"author":[{"embeddable":true,"href":"https:\/\/www.schattengrenzen.de\/index.php?rest_route=\/wp\/v2\/users\/1"}],"replies":[{"embeddable":true,"href":"https:\/\/www.schattengrenzen.de\/index.php?rest_route=%2Fwp%2Fv2%2Fcomments&post=296"}],"version-history":[{"count":1,"href":"https:\/\/www.schattengrenzen.de\/index.php?rest_route=\/wp\/v2\/posts\/296\/revisions"}],"predecessor-version":[{"id":1303,"href":"https:\/\/www.schattengrenzen.de\/index.php?rest_route=\/wp\/v2\/posts\/296\/revisions\/1303"}],"wp:attachment":[{"href":"https:\/\/www.schattengrenzen.de\/index.php?rest_route=%2Fwp%2Fv2%2Fmedia&parent=296"}],"wp:term":[{"taxonomy":"category","embeddable":true,"href":"https:\/\/www.schattengrenzen.de\/index.php?rest_route=%2Fwp%2Fv2%2Fcategories&post=296"},{"taxonomy":"post_tag","embeddable":true,"href":"https:\/\/www.schattengrenzen.de\/index.php?rest_route=%2Fwp%2Fv2%2Ftags&post=296"}],"curies":[{"name":"wp","href":"https:\/\/api.w.org\/{rel}","templated":true}]}}