{"id":285,"date":"2013-06-09T16:50:04","date_gmt":"2013-06-09T16:50:04","guid":{"rendered":"http:\/\/lysander1330.wordpress.com\/?p=285"},"modified":"2018-04-13T17:48:45","modified_gmt":"2018-04-13T17:48:45","slug":"spiegeltraume-lesung-zugunsten-einer-elterninitiative-krebskranker-kinder","status":"publish","type":"post","link":"https:\/\/www.schattengrenzen.de\/?p=285","title":{"rendered":"Spiegeltr\u00e4ume &#8211; Lesung zugunsten einer Elterninitiative krebskranker Kinder"},"content":{"rendered":"<p>Hier ein bisschen Werbung f\u00fcr unsere Lesung:<\/p>\n<p>3 Autorinnen entf\u00fchren in die Welt der Fantasy-Literatur.<br \/>\nEin unterhaltsamer Abend bei Essen, Trinken und Musik, dazu lesen die Fantasy-Autorinnen Juliane Seidel, Lynn Carver und Tanja Meuer lesen aus ihren aktuellen Romanen.<\/p>\n<p>Juliane Seidel:\u00a0<a href=\"http:\/\/www.bookshouse.de\/buecher\/Die_lebenden_Traeume___Assjah\/\">http:\/\/www.bookshouse.de\/buecher\/Die_lebenden_Traeume___Assjah\/<\/a><\/p>\n<p>Lynn Carver:\u00a0<a href=\"http:\/\/www.bookshouse.de\/buecher\/Der_Zauberspiegel___Goryydon\/\">http:\/\/www.bookshouse.de\/buecher\/Der_Zauberspiegel___Goryydon\/<\/a><\/p>\n<p>Tanja Meurer:\u00a0<a href=\"http:\/\/www.bookshouse.de\/buecher\/Glasseelen___Schattengrenzen\/\">http:\/\/www.bookshouse.de\/buecher\/Glasseelen___Schattengrenzen\/<\/a><br \/>\nDie Eintrittsgelder gehen komplett an die Elterninitiative krebskranke Kinder &#8211; Lichtblicke e.V.<\/p>\n<p>Bitte aufgrund begrenzter Pl\u00e4tze Voranmeldung im Restaurant. 0821-65039-41 od. reservierung@restaurant-edelweiss.eu<br \/>\nEintritt 10,- \/ exkl. Getr\u00e4nke und Speisen<\/p>\n<p>Hier auch die HP des Restaurants Edelwei\u00df:\u00a0<a href=\"http:\/\/www.restaurant-edelweiss.eu\/\">http:\/\/www.restaurant-edelweiss.eu\/<\/a><\/p>\n<p><a href=\"http:\/\/lysander1330.files.wordpress.com\/2013\/06\/fotocard4.jpg\"><img loading=\"lazy\" decoding=\"async\" class=\"aligncenter size-thumbnail wp-image-286\" alt=\"Fotocard4\" src=\"http:\/\/lysander1330.files.wordpress.com\/2013\/06\/fotocard4.jpg?w=67\" width=\"67\" height=\"150\" \/><\/a><a href=\"http:\/\/lysander1330.files.wordpress.com\/2013\/06\/fotocard.jpg\"><img loading=\"lazy\" decoding=\"async\" class=\"aligncenter size-thumbnail wp-image-287\" alt=\"Fotocard\" src=\"http:\/\/lysander1330.files.wordpress.com\/2013\/06\/fotocard.jpg?w=67\" width=\"67\" height=\"150\" \/><\/a><\/p>\n<p>Hier also auch der Flyer, erstellt von einer lieben Freundin Ivys \ud83d\ude42 Darauf findet ihr ein paar Infos zu Juliane, Ivy und mir.<\/p>\n<p>All das ist f\u00fcr einen guten Zweck, mit dem ich zurzeit ein recht pers\u00f6nliches Erlebnis verbinde. Eine Freundin von mir hat gerade erst vor einem Monat ihre Nichte verloren. Das kleine M\u00e4dchen war 2 1\/2 Jahre alt und hatte einen schnell wachsenden, verheerenden Gehirntumor. Nach OPs und L\u00e4hmung der Kleinen, wurden Bestrahlungen verordnet. All die M\u00fchen halfen nicht mehr. Es stand fest, dass die Kleine nicht \u00fcberleben w\u00fcrde. Es war nicht nur f\u00fcr die Eltern und die beiden \u00e4lteren Geschwister ein herber Schlag. Meine Freundin, ihre Eltern, eigentlich jeden im Umfeld der Familie, wurde durch den Tod schwer ersch\u00fcttert. Ich bin der Meinung, dass allein deswegen jeder Cent, der in die Unterst\u00fctzung f\u00fcr die Krebsforschung, die Elterninitiativen und all das, was sich damit befasst, gut investiertes Geld ist. Allein deswegen habe ich mehr als nur eine geringe Verbindung zu dieser Veranstaltung.<\/p>\n","protected":false},"excerpt":{"rendered":"<p>Hier ein bisschen Werbung f\u00fcr unsere Lesung: 3 Autorinnen entf\u00fchren in die Welt der Fantasy-Literatur. Ein unterhaltsamer Abend bei Essen, Trinken und Musik, dazu lesen die Fantasy-Autorinnen Juliane Seidel, Lynn Carver und Tanja Meuer lesen aus ihren aktuellen Romanen. Juliane Seidel:\u00a0http:\/\/www.bookshouse.de\/buecher\/Die_lebenden_Traeume___Assjah\/ Lynn Carver:\u00a0http:\/\/www.bookshouse.de\/buecher\/Der_Zauberspiegel___Goryydon\/ Tanja Meurer:\u00a0http:\/\/www.bookshouse.de\/buecher\/Glasseelen___Schattengrenzen\/ Die Eintrittsgelder gehen komplett an die Elterninitiative krebskranke Kinder &#8211;&#8230;<\/p>\n","protected":false},"author":1,"featured_media":0,"comment_status":"open","ping_status":"open","sticky":false,"template":"","format":"standard","meta":{"_jetpack_memberships_contains_paid_content":false,"footnotes":""},"categories":[2,421,24,32,13,14,16,3],"tags":[75,145,155,158,163,191,220,223,232,247,248,268,388],"class_list":["post-285","post","type-post","status-publish","format-standard","hentry","category-autor","category-blog","category-bucher","category-glasseelen-schattengrenzen-i","category-projekte","category-schattengrenzen","category-termine","category-uber-mich-personliches","tag-aktion","tag-die-welt","tag-elterninitiative","tag-essen","tag-familie","tag-glasseelen","tag-initiative","tag-ivy-paul","tag-juliane-seidel","tag-krebs","tag-krebsforschung","tag-lesung","tag-tumor"],"jetpack_sharing_enabled":true,"jetpack_featured_media_url":"","_links":{"self":[{"href":"https:\/\/www.schattengrenzen.de\/index.php?rest_route=\/wp\/v2\/posts\/285","targetHints":{"allow":["GET"]}}],"collection":[{"href":"https:\/\/www.schattengrenzen.de\/index.php?rest_route=\/wp\/v2\/posts"}],"about":[{"href":"https:\/\/www.schattengrenzen.de\/index.php?rest_route=\/wp\/v2\/types\/post"}],"author":[{"embeddable":true,"href":"https:\/\/www.schattengrenzen.de\/index.php?rest_route=\/wp\/v2\/users\/1"}],"replies":[{"embeddable":true,"href":"https:\/\/www.schattengrenzen.de\/index.php?rest_route=%2Fwp%2Fv2%2Fcomments&post=285"}],"version-history":[{"count":1,"href":"https:\/\/www.schattengrenzen.de\/index.php?rest_route=\/wp\/v2\/posts\/285\/revisions"}],"predecessor-version":[{"id":1307,"href":"https:\/\/www.schattengrenzen.de\/index.php?rest_route=\/wp\/v2\/posts\/285\/revisions\/1307"}],"wp:attachment":[{"href":"https:\/\/www.schattengrenzen.de\/index.php?rest_route=%2Fwp%2Fv2%2Fmedia&parent=285"}],"wp:term":[{"taxonomy":"category","embeddable":true,"href":"https:\/\/www.schattengrenzen.de\/index.php?rest_route=%2Fwp%2Fv2%2Fcategories&post=285"},{"taxonomy":"post_tag","embeddable":true,"href":"https:\/\/www.schattengrenzen.de\/index.php?rest_route=%2Fwp%2Fv2%2Ftags&post=285"}],"curies":[{"name":"wp","href":"https:\/\/api.w.org\/{rel}","templated":true}]}}