{"id":279,"date":"2013-04-27T09:23:49","date_gmt":"2013-04-27T09:23:49","guid":{"rendered":"http:\/\/lysander1330.wordpress.com\/?p=279"},"modified":"2018-04-13T17:49:01","modified_gmt":"2018-04-13T17:49:01","slug":"gewinnerziehung-des-ostergewinnspiels-zu-schattengrenzen","status":"publish","type":"post","link":"https:\/\/www.schattengrenzen.de\/?p=279","title":{"rendered":"Gewinnerziehung des Ostergewinnspiels zu Schattengrenzen"},"content":{"rendered":"<p>Das Ergebnis des Gewinnspiels &#8211; die drei gl\u00fccklichen Gewinner \ud83d\ude42<\/p>\n<p>So, ihr lieben, hier nun die drei Gewinner des Ostergewinnspiels f\u00fcr &#8220;Schattengrenzen&#8221;.<\/p>\n<p>Den <strong>ersten<\/strong> Platz belegt <span style=\"text-decoration:underline;\"><strong>Patrick Dobler<\/strong><\/span>. Er bekommt das <strong>Originalbuch<\/strong> mit Illustration nach Wahl und einem <strong>Originallesezeichen<\/strong> nach\u00a0Wahl\u00a0(eins von den drei Lesezeichen)<br \/>\nhttp:\/\/www.facebook.com\/media\/set\/?set=a.541076372610626.1073741833.416123651772566&#038;type=3<\/p>\n<p style=\"text-align:center;\"><a href=\"http:\/\/lysander1330.files.wordpress.com\/2013\/04\/camilla.jpg\"><img loading=\"lazy\" decoding=\"async\" class=\"size-thumbnail wp-image-260 aligncenter\" alt=\"Camilla\" src=\"http:\/\/lysander1330.files.wordpress.com\/2013\/04\/camilla.jpg?w=50\" width=\"50\" height=\"150\" srcset=\"https:\/\/www.schattengrenzen.de\/wp-content\/uploads\/2013\/04\/camilla.jpg 1652w, https:\/\/www.schattengrenzen.de\/wp-content\/uploads\/2013\/04\/camilla-100x300.jpg 100w, https:\/\/www.schattengrenzen.de\/wp-content\/uploads\/2013\/04\/camilla-768x2296.jpg 768w, https:\/\/www.schattengrenzen.de\/wp-content\/uploads\/2013\/04\/camilla-343x1024.jpg 343w, https:\/\/www.schattengrenzen.de\/wp-content\/uploads\/2013\/04\/camilla-1140x3408.jpg 1140w\" sizes=\"auto, (max-width: 50px) 100vw, 50px\" \/><\/a><\/p>\n<p style=\"text-align:center;\"><a href=\"http:\/\/lysander1330.files.wordpress.com\/2013\/04\/nathanael.jpg\"><img loading=\"lazy\" decoding=\"async\" class=\"size-thumbnail wp-image-244 aligncenter\" alt=\"Nathanael\" src=\"http:\/\/lysander1330.files.wordpress.com\/2013\/04\/nathanael.jpg?w=49\" width=\"49\" height=\"150\" srcset=\"https:\/\/www.schattengrenzen.de\/wp-content\/uploads\/2013\/04\/nathanael.jpg 1623w, https:\/\/www.schattengrenzen.de\/wp-content\/uploads\/2013\/04\/nathanael-768x2334.jpg 768w, https:\/\/www.schattengrenzen.de\/wp-content\/uploads\/2013\/04\/nathanael-337x1024.jpg 337w, https:\/\/www.schattengrenzen.de\/wp-content\/uploads\/2013\/04\/nathanael-1140x3464.jpg 1140w\" sizes=\"auto, (max-width: 49px) 100vw, 49px\" \/><\/a><\/p>\n<p style=\"text-align:center;\"><a href=\"http:\/\/lysander1330.files.wordpress.com\/2013\/04\/olympia.jpg\"><img loading=\"lazy\" decoding=\"async\" class=\"size-thumbnail wp-image-243 aligncenter\" alt=\"Olympia\" src=\"http:\/\/lysander1330.files.wordpress.com\/2013\/04\/olympia.jpg?w=50\" width=\"50\" height=\"150\" srcset=\"https:\/\/www.schattengrenzen.de\/wp-content\/uploads\/2013\/04\/olympia.jpg 1658w, https:\/\/www.schattengrenzen.de\/wp-content\/uploads\/2013\/04\/olympia-100x300.jpg 100w, https:\/\/www.schattengrenzen.de\/wp-content\/uploads\/2013\/04\/olympia-768x2298.jpg 768w, https:\/\/www.schattengrenzen.de\/wp-content\/uploads\/2013\/04\/olympia-342x1024.jpg 342w, https:\/\/www.schattengrenzen.de\/wp-content\/uploads\/2013\/04\/olympia-1140x3411.jpg 1140w\" sizes=\"auto, (max-width: 50px) 100vw, 50px\" \/><\/a><\/p>\n<p>Den <strong>zweiten<\/strong> Platz belegt <span style=\"text-decoration:underline;\"><strong>Stefanie Butz<\/strong><\/span>. Sie bekommt den <strong>eStick<\/strong> im PDF-Format, incl. von einem der <strong>Lesezeichen<\/strong> (nach Wahl)<\/p>\n<p>Den <strong>dritten<\/strong> Platz belegt <span style=\"text-decoration:underline;\"><strong>Sabrina Antholzner<\/strong><\/span>. Sie bekommt ebenfalls eines der <strong>Lesezeichen<\/strong> nach Wahl.<\/p>\n<p>Bitte schreibt mir noch mal, welches der Lesezeichen ihr drei haben wollt. Patrick, die Frage geht an Dich: wen willst Du als Skizze in Deinem Buch?<\/p>\n<p>An alle anderen Teilnehmer ein herzliches Dankesch\u00f6n f\u00fcr die Mitarbeit. Es war ganz toll, so viele Zuschriften zu bekommen.<br \/>\nHier noch ein Angebot direkt von mir:<br \/>\nWer von euch sich das Buch kaufen m\u00f6chte, kann das gern direkt \u00fcber ich machen und bekommt dann Illu und Lesezeichen nach Wahl.<\/p>\n<p>Ganz liebe Gr\u00fc\u00dfe und ein sch\u00f6nes Wochenende<\/p>\n<p>Tanja Meurer<\/p>\n","protected":false},"excerpt":{"rendered":"<p>Das Ergebnis des Gewinnspiels &#8211; die drei gl\u00fccklichen Gewinner \ud83d\ude42 So, ihr lieben, hier nun die drei Gewinner des Ostergewinnspiels f\u00fcr &#8220;Schattengrenzen&#8221;. Den ersten Platz belegt Patrick Dobler. Er bekommt das Originalbuch mit Illustration nach Wahl und einem Originallesezeichen nach\u00a0Wahl\u00a0(eins von den drei Lesezeichen) http:\/\/www.facebook.com\/media\/set\/?set=a.541076372610626.1073741833.416123651772566&#038;type=3 Den zweiten Platz belegt Stefanie Butz. Sie bekommt den eStick&#8230;<\/p>\n","protected":false},"author":1,"featured_media":0,"comment_status":"open","ping_status":"open","sticky":false,"template":"","format":"standard","meta":{"_jetpack_memberships_contains_paid_content":false,"footnotes":""},"categories":[2,421,24,32,36,13,14,18],"tags":[69,141,146,153,188,190,214,241,274,299,317,376],"class_list":["post-279","post","type-post","status-publish","format-standard","hentry","category-autor","category-blog","category-bucher","category-glasseelen-schattengrenzen-i","category-illustrationen-skizzen","category-projekte","category-schattengrenzen","category-veroffentlichungen","tag-69","tag-deutsch","tag-dies-und-das","tag-ebooks","tag-gewinner","tag-gewinnspiele","tag-illustration","tag-kindle","tag-literatur","tag-mystery","tag-paperback-format","tag-tanja-meurer"],"jetpack_sharing_enabled":true,"jetpack_featured_media_url":"","_links":{"self":[{"href":"https:\/\/www.schattengrenzen.de\/index.php?rest_route=\/wp\/v2\/posts\/279","targetHints":{"allow":["GET"]}}],"collection":[{"href":"https:\/\/www.schattengrenzen.de\/index.php?rest_route=\/wp\/v2\/posts"}],"about":[{"href":"https:\/\/www.schattengrenzen.de\/index.php?rest_route=\/wp\/v2\/types\/post"}],"author":[{"embeddable":true,"href":"https:\/\/www.schattengrenzen.de\/index.php?rest_route=\/wp\/v2\/users\/1"}],"replies":[{"embeddable":true,"href":"https:\/\/www.schattengrenzen.de\/index.php?rest_route=%2Fwp%2Fv2%2Fcomments&post=279"}],"version-history":[{"count":1,"href":"https:\/\/www.schattengrenzen.de\/index.php?rest_route=\/wp\/v2\/posts\/279\/revisions"}],"predecessor-version":[{"id":1309,"href":"https:\/\/www.schattengrenzen.de\/index.php?rest_route=\/wp\/v2\/posts\/279\/revisions\/1309"}],"wp:attachment":[{"href":"https:\/\/www.schattengrenzen.de\/index.php?rest_route=%2Fwp%2Fv2%2Fmedia&parent=279"}],"wp:term":[{"taxonomy":"category","embeddable":true,"href":"https:\/\/www.schattengrenzen.de\/index.php?rest_route=%2Fwp%2Fv2%2Fcategories&post=279"},{"taxonomy":"post_tag","embeddable":true,"href":"https:\/\/www.schattengrenzen.de\/index.php?rest_route=%2Fwp%2Fv2%2Ftags&post=279"}],"curies":[{"name":"wp","href":"https:\/\/api.w.org\/{rel}","templated":true}]}}