{"id":277,"date":"2013-04-26T18:30:21","date_gmt":"2013-04-26T18:30:21","guid":{"rendered":"http:\/\/lysander1330.wordpress.com\/?p=277"},"modified":"2018-04-13T17:49:08","modified_gmt":"2018-04-13T17:49:08","slug":"der-rebell-schattengrenzen-ii","status":"publish","type":"post","link":"https:\/\/www.schattengrenzen.de\/?p=277","title":{"rendered":"Der Rebell &#8211; Schattengrenzen II"},"content":{"rendered":"<p>Der zweite Band zu <strong><em>Schattengrenzen<\/em><\/strong> hei\u00dft &#8220;<em><strong>Der Rebell<\/strong><\/em>&#8220;. An sich schlie\u00dft sich der Roman direkt an &#8220;<em><strong>Glasseelen<\/strong><\/em>&#8221; an, hat dennoch andere Protagonisten. Dieses Mal geht es um Oliver, Camillas Cousin. Sie taucht allerdings auch wieder auf. Wer mehr in den Vordergrund r\u00fcckt, ist Matthias Habicht. Auch Bernd Wei\u00dfhaupt bleibt in den B\u00fcchern erhalten. Dieses Mal sind die beiden Berliner Kriminalbeamten in Wiesbaden und arbeiten direkt mit dem BKA zusammen. Da beide im ersten Band ja in ihrer Hierarchie gefallen sind und in eine andere Abteilung versetzt wurden, haben sie nun auch ein paar Freiheiten mehr \ud83d\ude09<\/p>\n<p>Vorsicht: in diesem Buch ist der Protagonist schwul. F\u00fcr einige ist das sicher ein Grund es nicht zu kaufen, andere werden es sehr begr\u00fc\u00dfen. Bett-Action ist keine geplant, ein wenig Romantik schon. Aber darum geht es letztlich in dem Buch nicht.\u00a0Der unheimliche Anteil vertieft sich. Es geht um Mordf\u00e4lle, die in der Gegenwart und der Vergangenheit satt finden und\u00a0etlichen\u00a0sehr komplexen Geheimnissen.<\/p>\n<p>Der momentane Stand zum Rebellen ist eigentlich ganz angenehm, obwohl ich mich gerade ich mich durch das Buch ackere.\u00a0Da ich von 528 Seit 515 gel\u00f6scht habe (und zwei mal neu angefangen habe), bin ich schon ganz froh, dass ich nur noch drei gro\u00dfe Szenen bis zum vorl\u00e4ufigen Ende habe. Das Buch hat nun wieder 461 Seite und w\u00e4chst. Wann ich angefangen habe es neu zu stricken? Hmmm, am 02.03.2013. Schnell schreiben geht &#8230; dann kommt aber noch die \u00dcberarbeitung. Das wird \u00e4rger \ud83d\ude09<\/p>\n<p>Zumindest liegt der Erscheinungstermin f\u00fcr das Buch <strong>Der Rebell &#8211; Schattengrenzen II<\/strong> auf <strong>August 2013<\/strong> \ud83d\ude42<\/p>\n","protected":false},"excerpt":{"rendered":"<p>Der zweite Band zu Schattengrenzen hei\u00dft &#8220;Der Rebell&#8220;. An sich schlie\u00dft sich der Roman direkt an &#8220;Glasseelen&#8221; an, hat dennoch andere Protagonisten. Dieses Mal geht es um Oliver, Camillas Cousin. Sie taucht allerdings auch wieder auf. Wer mehr in den Vordergrund r\u00fcckt, ist Matthias Habicht. Auch Bernd Wei\u00dfhaupt bleibt in den B\u00fcchern erhalten. Dieses Mal&#8230;<\/p>\n","protected":false},"author":1,"featured_media":0,"comment_status":"open","ping_status":"open","sticky":false,"template":"","format":"standard","meta":{"_jetpack_memberships_contains_paid_content":false,"footnotes":""},"categories":[2,421,24,26,32,13,14],"tags":[69,97,104,110,117,141,176,183,206,212,274,299,317,339,342,356,376,407],"class_list":["post-277","post","type-post","status-publish","format-standard","hentry","category-autor","category-blog","category-bucher","category-der-rebell-schattengrenzen-ii","category-glasseelen-schattengrenzen-i","category-projekte","category-schattengrenzen","tag-69","tag-berlin","tag-bka","tag-buchhandlung","tag-bundeskriminalamt-wiesbaden","tag-deutsch","tag-gay","tag-geister","tag-homoerotik","tag-horror-thriller","tag-literatur","tag-mystery","tag-paperback-format","tag-roman","tag-romantik","tag-schwul","tag-tanja-meurer","tag-wiesbaden"],"jetpack_sharing_enabled":true,"jetpack_featured_media_url":"","_links":{"self":[{"href":"https:\/\/www.schattengrenzen.de\/index.php?rest_route=\/wp\/v2\/posts\/277","targetHints":{"allow":["GET"]}}],"collection":[{"href":"https:\/\/www.schattengrenzen.de\/index.php?rest_route=\/wp\/v2\/posts"}],"about":[{"href":"https:\/\/www.schattengrenzen.de\/index.php?rest_route=\/wp\/v2\/types\/post"}],"author":[{"embeddable":true,"href":"https:\/\/www.schattengrenzen.de\/index.php?rest_route=\/wp\/v2\/users\/1"}],"replies":[{"embeddable":true,"href":"https:\/\/www.schattengrenzen.de\/index.php?rest_route=%2Fwp%2Fv2%2Fcomments&post=277"}],"version-history":[{"count":1,"href":"https:\/\/www.schattengrenzen.de\/index.php?rest_route=\/wp\/v2\/posts\/277\/revisions"}],"predecessor-version":[{"id":1310,"href":"https:\/\/www.schattengrenzen.de\/index.php?rest_route=\/wp\/v2\/posts\/277\/revisions\/1310"}],"wp:attachment":[{"href":"https:\/\/www.schattengrenzen.de\/index.php?rest_route=%2Fwp%2Fv2%2Fmedia&parent=277"}],"wp:term":[{"taxonomy":"category","embeddable":true,"href":"https:\/\/www.schattengrenzen.de\/index.php?rest_route=%2Fwp%2Fv2%2Fcategories&post=277"},{"taxonomy":"post_tag","embeddable":true,"href":"https:\/\/www.schattengrenzen.de\/index.php?rest_route=%2Fwp%2Fv2%2Ftags&post=277"}],"curies":[{"name":"wp","href":"https:\/\/api.w.org\/{rel}","templated":true}]}}