{"id":259,"date":"2013-04-25T17:31:38","date_gmt":"2013-04-25T17:31:38","guid":{"rendered":"http:\/\/lysander1330.wordpress.com\/?p=259"},"modified":"2018-04-13T17:49:14","modified_gmt":"2018-04-13T17:49:14","slug":"das-letzte-fertige-lesezeichen","status":"publish","type":"post","link":"https:\/\/www.schattengrenzen.de\/?p=259","title":{"rendered":"Das letzte fertige Lesezeichen"},"content":{"rendered":"<p>F\u00fcr das gro\u00dfe Ostergewinnspiel habe ich nun f\u00fcr Julianes <em><strong>Assjah<\/strong> <\/em>und mein <em><strong>Schattengrenzen<\/strong><\/em> ziemlich viel gezeichnet. Hier nun die Ergebnisse:<\/p>\n<p><em><strong>Assjah<\/strong><\/em><\/p>\n<p>Was w\u00e4re, wenn Tr\u00e4ume Wirklichkeit w\u00fcrden?<br \/>\nEine Mutprobe zur Geisterstunde. Der 10-j\u00e4hrige Kim findet in einer Spukvilla einen magischen Gegenstand. Mithilfe des Traumspiegels kann er die Wesen, die er sich im Schlaf ausdenkt, in die Realit\u00e4t holen. Er w\u00fcnscht sich zahlreiche Gesch\u00f6pfe herbei, doch je mehr neue Freunde er beschw\u00f6rt, desto gr\u00f6\u00dfer wird das Ungleichgewicht zwischen Fantasie und Wirklichkeit.<br \/>\nPl\u00f6tzlich jagen ihn die Namaren, d\u00fcstere Schatten, die seine einfallsreichen Vorstellungen verschlingen wollen. Kim nimmt seinen Mut zusammen und taucht mit den Feen Silberf\u00fcnkchen und Goldl\u00f6ckchen, dem Magier Annatar und dem Rattendrachen Finn in seine Tr\u00e4ume ein, um sich den Fantasiefressern zu stellen \u2026<\/p>\n<p><a href=\"http:\/\/lysander1330.files.wordpress.com\/2013\/04\/silberfc3bcnkchen_v.jpeg\"><img loading=\"lazy\" decoding=\"async\" class=\"alignleft size-thumbnail wp-image-270\" alt=\"Silberf\u00fcnkchen_v\" src=\"http:\/\/lysander1330.files.wordpress.com\/2013\/04\/silberfc3bcnkchen_v.jpeg?w=48\" width=\"48\" height=\"150\" srcset=\"https:\/\/www.schattengrenzen.de\/wp-content\/uploads\/2013\/04\/silberfc3bcnkchen_v.jpeg 1401w, https:\/\/www.schattengrenzen.de\/wp-content\/uploads\/2013\/04\/silberfc3bcnkchen_v-768x2379.jpeg 768w, https:\/\/www.schattengrenzen.de\/wp-content\/uploads\/2013\/04\/silberfc3bcnkchen_v-1140x3531.jpeg 1140w\" sizes=\"auto, (max-width: 48px) 100vw, 48px\" \/><\/a> <a href=\"http:\/\/lysander1330.files.wordpress.com\/2013\/04\/silberfc3bcnkchen_h.jpeg\"><img loading=\"lazy\" decoding=\"async\" class=\"alignleft size-thumbnail wp-image-269\" alt=\"Silberf\u00fcnkchen_h\" src=\"http:\/\/lysander1330.files.wordpress.com\/2013\/04\/silberfc3bcnkchen_h.jpeg?w=49\" width=\"49\" height=\"150\" \/><\/a> <a href=\"http:\/\/lysander1330.files.wordpress.com\/2013\/04\/kim_v.jpeg\"><img loading=\"lazy\" decoding=\"async\" class=\"alignleft size-thumbnail wp-image-268\" alt=\"Kim_v\" src=\"http:\/\/lysander1330.files.wordpress.com\/2013\/04\/kim_v.jpeg?w=48\" width=\"48\" height=\"150\" srcset=\"https:\/\/www.schattengrenzen.de\/wp-content\/uploads\/2013\/04\/kim_v.jpeg 1388w, https:\/\/www.schattengrenzen.de\/wp-content\/uploads\/2013\/04\/kim_v-96x300.jpeg 96w, https:\/\/www.schattengrenzen.de\/wp-content\/uploads\/2013\/04\/kim_v-768x2392.jpeg 768w, https:\/\/www.schattengrenzen.de\/wp-content\/uploads\/2013\/04\/kim_v-329x1024.jpeg 329w, https:\/\/www.schattengrenzen.de\/wp-content\/uploads\/2013\/04\/kim_v-1140x3551.jpeg 1140w\" sizes=\"auto, (max-width: 48px) 100vw, 48px\" \/><\/a> <a href=\"http:\/\/lysander1330.files.wordpress.com\/2013\/04\/kim_h.jpeg\"><img loading=\"lazy\" decoding=\"async\" class=\"alignleft size-thumbnail wp-image-267\" alt=\"Kim_h\" src=\"http:\/\/lysander1330.files.wordpress.com\/2013\/04\/kim_h.jpeg?w=47\" width=\"47\" height=\"150\" srcset=\"https:\/\/www.schattengrenzen.de\/wp-content\/uploads\/2013\/04\/kim_h.jpeg 1349w, https:\/\/www.schattengrenzen.de\/wp-content\/uploads\/2013\/04\/kim_h-768x2432.jpeg 768w, https:\/\/www.schattengrenzen.de\/wp-content\/uploads\/2013\/04\/kim_h-323x1024.jpeg 323w, https:\/\/www.schattengrenzen.de\/wp-content\/uploads\/2013\/04\/kim_h-1140x3609.jpeg 1140w\" sizes=\"auto, (max-width: 47px) 100vw, 47px\" \/><\/a> <a href=\"http:\/\/lysander1330.files.wordpress.com\/2013\/04\/goldlc3b6ckchen_v.jpeg\"><img loading=\"lazy\" decoding=\"async\" class=\"alignleft size-thumbnail wp-image-266\" alt=\"Goldl\u00f6ckchen_v\" src=\"http:\/\/lysander1330.files.wordpress.com\/2013\/04\/goldlc3b6ckchen_v.jpeg?w=48\" width=\"48\" height=\"150\" srcset=\"https:\/\/www.schattengrenzen.de\/wp-content\/uploads\/2013\/04\/goldlc3b6ckchen_v.jpeg 1391w, https:\/\/www.schattengrenzen.de\/wp-content\/uploads\/2013\/04\/goldlc3b6ckchen_v-768x2384.jpeg 768w, https:\/\/www.schattengrenzen.de\/wp-content\/uploads\/2013\/04\/goldlc3b6ckchen_v-330x1024.jpeg 330w, https:\/\/www.schattengrenzen.de\/wp-content\/uploads\/2013\/04\/goldlc3b6ckchen_v-1140x3538.jpeg 1140w\" sizes=\"auto, (max-width: 48px) 100vw, 48px\" \/><\/a> <a href=\"http:\/\/lysander1330.files.wordpress.com\/2013\/04\/goldlc3b6ckchen_h.jpeg\"><img loading=\"lazy\" decoding=\"async\" class=\"alignleft size-thumbnail wp-image-265\" alt=\"Goldl\u00f6ckchen_h\" src=\"http:\/\/lysander1330.files.wordpress.com\/2013\/04\/goldlc3b6ckchen_h.jpeg?w=46\" width=\"46\" height=\"150\" srcset=\"https:\/\/www.schattengrenzen.de\/wp-content\/uploads\/2013\/04\/goldlc3b6ckchen_h.jpeg 1337w, https:\/\/www.schattengrenzen.de\/wp-content\/uploads\/2013\/04\/goldlc3b6ckchen_h-768x2483.jpeg 768w, https:\/\/www.schattengrenzen.de\/wp-content\/uploads\/2013\/04\/goldlc3b6ckchen_h-317x1024.jpeg 317w, https:\/\/www.schattengrenzen.de\/wp-content\/uploads\/2013\/04\/goldlc3b6ckchen_h-1140x3686.jpeg 1140w\" sizes=\"auto, (max-width: 46px) 100vw, 46px\" \/><\/a> <a href=\"http:\/\/lysander1330.files.wordpress.com\/2013\/04\/finn_v.jpeg\"><img loading=\"lazy\" decoding=\"async\" class=\"alignleft size-thumbnail wp-image-264\" alt=\"Finn_v\" src=\"http:\/\/lysander1330.files.wordpress.com\/2013\/04\/finn_v.jpeg?w=47\" width=\"47\" height=\"150\" \/><\/a> <a href=\"http:\/\/lysander1330.files.wordpress.com\/2013\/04\/finn_h.jpeg\"><img loading=\"lazy\" decoding=\"async\" class=\"alignleft size-thumbnail wp-image-263\" alt=\"Finn_h\" src=\"http:\/\/lysander1330.files.wordpress.com\/2013\/04\/finn_h.jpeg?w=46\" width=\"46\" height=\"150\" \/><\/a> <a href=\"http:\/\/lysander1330.files.wordpress.com\/2013\/04\/annatar_v.jpeg\"><img loading=\"lazy\" decoding=\"async\" class=\"alignleft size-thumbnail wp-image-261\" alt=\"Annatar_v\" src=\"http:\/\/lysander1330.files.wordpress.com\/2013\/04\/annatar_v.jpeg?w=48\" width=\"48\" height=\"150\" \/><\/a> <a href=\"http:\/\/lysander1330.files.wordpress.com\/2013\/04\/annatar_h.jpeg\"><img loading=\"lazy\" decoding=\"async\" class=\"alignleft size-thumbnail wp-image-262\" alt=\"Annatar_h\" src=\"http:\/\/lysander1330.files.wordpress.com\/2013\/04\/annatar_h.jpeg?w=48\" width=\"48\" height=\"150\" srcset=\"https:\/\/www.schattengrenzen.de\/wp-content\/uploads\/2013\/04\/annatar_h.jpeg 1384w, https:\/\/www.schattengrenzen.de\/wp-content\/uploads\/2013\/04\/annatar_h-96x300.jpeg 96w, https:\/\/www.schattengrenzen.de\/wp-content\/uploads\/2013\/04\/annatar_h-768x2389.jpeg 768w, https:\/\/www.schattengrenzen.de\/wp-content\/uploads\/2013\/04\/annatar_h-329x1024.jpeg 329w, https:\/\/www.schattengrenzen.de\/wp-content\/uploads\/2013\/04\/annatar_h-1140x3547.jpeg 1140w\" sizes=\"auto, (max-width: 48px) 100vw, 48px\" \/><\/a><\/p>\n<p><strong><em>Glasseelen<\/em><\/strong><\/p>\n<p>F\u00fcr die 19-j\u00e4hrige Camilla und ihre Freundin Theresa endet ein Museumsausflug mit einem Schock. Ein Mann st\u00fcrzt sich vor ihren F\u00fc\u00dfen zu Tode. Seine Augen l\u00f6sen sich in Staub auf, aus seiner Hand rollen blutige Aug\u00e4pfel. Steht der Suizid in Zusammenhang mit einem wahnsinnigen M\u00f6rder, der sein Unwesen in Berlin treibt? Bereits mehrere junge Frauen sind ihm zum Opfer gefallen. Die verst\u00fcmmelten Leichen verbindet ein grausiges Merkmal: herausgeschnittene Augen.<\/p>\n<p>Obwohl sich Camilla und Theresa unter der Betreuung einer Psychotherapeutin und der Polizei in Sicherheit w\u00e4hnen, nimmt der Serienkiller sie ins Visier. Von Panik getrieben ger\u00e4t Camilla in die Unterwelt der Hauptstadt und st\u00f6\u00dft auf r\u00e4tselhafte Menschen. K\u00f6nnen der greise Amadeo oder der attraktive Chris sie vor ihrem fanatischen Verfolger retten? Mit dem Namen \u201eSandmann\u201c gibt Chris ihr einen entscheidenden Hinweis, doch der Killer ist nicht leicht zu \u00fcberlisten. Um seinen Attacken zu entkommen, muss sich Camilla nicht nur ihrem Peiniger stellen. Sie entdeckt eine \u00fcbersinnliche F\u00e4higkeit, die vielleicht besser im Verborgenen geblieben w\u00e4re \u2026<\/p>\n<p><a href=\"http:\/\/lysander1330.files.wordpress.com\/2013\/04\/camilla.jpg\"><img loading=\"lazy\" decoding=\"async\" class=\"alignleft size-thumbnail wp-image-260\" alt=\"Camilla\" src=\"http:\/\/lysander1330.files.wordpress.com\/2013\/04\/camilla.jpg?w=50\" width=\"50\" height=\"150\" srcset=\"https:\/\/www.schattengrenzen.de\/wp-content\/uploads\/2013\/04\/camilla.jpg 1652w, https:\/\/www.schattengrenzen.de\/wp-content\/uploads\/2013\/04\/camilla-100x300.jpg 100w, https:\/\/www.schattengrenzen.de\/wp-content\/uploads\/2013\/04\/camilla-768x2296.jpg 768w, https:\/\/www.schattengrenzen.de\/wp-content\/uploads\/2013\/04\/camilla-343x1024.jpg 343w, https:\/\/www.schattengrenzen.de\/wp-content\/uploads\/2013\/04\/camilla-1140x3408.jpg 1140w\" sizes=\"auto, (max-width: 50px) 100vw, 50px\" \/><\/a> <a href=\"http:\/\/lysander1330.files.wordpress.com\/2013\/04\/nathanael.jpg\"><img loading=\"lazy\" decoding=\"async\" class=\"alignleft size-thumbnail wp-image-244\" alt=\"Nathanael\" src=\"http:\/\/lysander1330.files.wordpress.com\/2013\/04\/nathanael.jpg?w=49\" width=\"49\" height=\"150\" srcset=\"https:\/\/www.schattengrenzen.de\/wp-content\/uploads\/2013\/04\/nathanael.jpg 1623w, https:\/\/www.schattengrenzen.de\/wp-content\/uploads\/2013\/04\/nathanael-768x2334.jpg 768w, https:\/\/www.schattengrenzen.de\/wp-content\/uploads\/2013\/04\/nathanael-337x1024.jpg 337w, https:\/\/www.schattengrenzen.de\/wp-content\/uploads\/2013\/04\/nathanael-1140x3464.jpg 1140w\" sizes=\"auto, (max-width: 49px) 100vw, 49px\" \/><\/a> <a href=\"http:\/\/lysander1330.files.wordpress.com\/2013\/04\/olympia.jpg\"><img loading=\"lazy\" decoding=\"async\" class=\"alignleft size-thumbnail wp-image-243\" alt=\"Olympia\" src=\"http:\/\/lysander1330.files.wordpress.com\/2013\/04\/olympia.jpg?w=50\" width=\"50\" height=\"150\" srcset=\"https:\/\/www.schattengrenzen.de\/wp-content\/uploads\/2013\/04\/olympia.jpg 1658w, https:\/\/www.schattengrenzen.de\/wp-content\/uploads\/2013\/04\/olympia-100x300.jpg 100w, https:\/\/www.schattengrenzen.de\/wp-content\/uploads\/2013\/04\/olympia-768x2298.jpg 768w, https:\/\/www.schattengrenzen.de\/wp-content\/uploads\/2013\/04\/olympia-342x1024.jpg 342w, https:\/\/www.schattengrenzen.de\/wp-content\/uploads\/2013\/04\/olympia-1140x3411.jpg 1140w\" sizes=\"auto, (max-width: 50px) 100vw, 50px\" \/><\/a><\/p>\n","protected":false},"excerpt":{"rendered":"<p>F\u00fcr das gro\u00dfe Ostergewinnspiel habe ich nun f\u00fcr Julianes Assjah und mein Schattengrenzen ziemlich viel gezeichnet. Hier nun die Ergebnisse: Assjah Was w\u00e4re, wenn Tr\u00e4ume Wirklichkeit w\u00fcrden? Eine Mutprobe zur Geisterstunde. Der 10-j\u00e4hrige Kim findet in einer Spukvilla einen magischen Gegenstand. Mithilfe des Traumspiegels kann er die Wesen, die er sich im Schlaf ausdenkt, in&#8230;<\/p>\n","protected":false},"author":1,"featured_media":0,"comment_status":"open","ping_status":"open","sticky":false,"template":"","format":"standard","meta":{"_jetpack_memberships_contains_paid_content":false,"footnotes":""},"categories":[2,421,32,7,36,13,14,18,19],"tags":[69,91,141,166,190,212,214,240,252,299,317,360,376],"class_list":["post-259","post","type-post","status-publish","format-standard","hentry","category-autor","category-blog","category-glasseelen-schattengrenzen-i","category-homepages","category-illustrationen-skizzen","category-projekte","category-schattengrenzen","category-veroffentlichungen","category-weiteres","tag-69","tag-bucher","tag-deutsch","tag-fantasy","tag-gewinnspiele","tag-horror-thriller","tag-illustration","tag-kinderbuch","tag-kultur","tag-mystery","tag-paperback-format","tag-seidel","tag-tanja-meurer"],"jetpack_sharing_enabled":true,"jetpack_featured_media_url":"","_links":{"self":[{"href":"https:\/\/www.schattengrenzen.de\/index.php?rest_route=\/wp\/v2\/posts\/259","targetHints":{"allow":["GET"]}}],"collection":[{"href":"https:\/\/www.schattengrenzen.de\/index.php?rest_route=\/wp\/v2\/posts"}],"about":[{"href":"https:\/\/www.schattengrenzen.de\/index.php?rest_route=\/wp\/v2\/types\/post"}],"author":[{"embeddable":true,"href":"https:\/\/www.schattengrenzen.de\/index.php?rest_route=\/wp\/v2\/users\/1"}],"replies":[{"embeddable":true,"href":"https:\/\/www.schattengrenzen.de\/index.php?rest_route=%2Fwp%2Fv2%2Fcomments&post=259"}],"version-history":[{"count":1,"href":"https:\/\/www.schattengrenzen.de\/index.php?rest_route=\/wp\/v2\/posts\/259\/revisions"}],"predecessor-version":[{"id":1311,"href":"https:\/\/www.schattengrenzen.de\/index.php?rest_route=\/wp\/v2\/posts\/259\/revisions\/1311"}],"wp:attachment":[{"href":"https:\/\/www.schattengrenzen.de\/index.php?rest_route=%2Fwp%2Fv2%2Fmedia&parent=259"}],"wp:term":[{"taxonomy":"category","embeddable":true,"href":"https:\/\/www.schattengrenzen.de\/index.php?rest_route=%2Fwp%2Fv2%2Fcategories&post=259"},{"taxonomy":"post_tag","embeddable":true,"href":"https:\/\/www.schattengrenzen.de\/index.php?rest_route=%2Fwp%2Fv2%2Ftags&post=259"}],"curies":[{"name":"wp","href":"https:\/\/api.w.org\/{rel}","templated":true}]}}