{"id":218,"date":"2013-04-11T06:48:20","date_gmt":"2013-04-11T06:48:20","guid":{"rendered":"http:\/\/lysander1330.wordpress.com\/?p=218"},"modified":"2018-04-13T17:50:05","modified_gmt":"2018-04-13T17:50:05","slug":"lesung-im-schonen-bad-nauheim","status":"publish","type":"post","link":"https:\/\/www.schattengrenzen.de\/?p=218","title":{"rendered":"Lesung im sch\u00f6nen Bad Nauheim"},"content":{"rendered":"<p>Juliane Seidel (<a href=\"http:\/\/julianeseidel.wordpress.com\/\"><span style=\"color:#800080;\">http:\/\/julianeseidel.wordpress.com\/<\/span><\/a>) und ich lesen am 13.04. in der sch\u00f6nen Jugendstil-B\u00e4derstadt Bad Nauheim. Location ist die Buchhandlung von Kirsten R\u00fchs: <a href=\"http:\/\/www.buchhandlung-ruehs.de\/\"><span style=\"color:#800080;\">http:\/\/www.buchhandlung-ruehs.de\/<\/span><\/a>. Hier auch die genaue Adresse: Buchhandlung R\u00fchs\u00a0\u2022\u00a0Karlstr. 17a\u00a0\u2022 61231 Bad Nauheim\u00a0\u2022\u00a0Tel. 06032-1500<\/p>\n<p>Jule stellt ihr Deb\u00fct, den ersten Band ihrer Kinder-Fantasy-Reihe Assjah vor. Das Buch nennt sich: Die lebenden Tr\u00e4ume. Hier der Klappentext:<\/p>\n<p><em>Was w\u00e4re, wenn Tr\u00e4ume Wirklichkeit w\u00fcrden?<\/em><br \/>\n<em>Eine Mutprobe zur Geisterstunde. Der 10-j\u00e4hrige Kim findet in einer Spukvilla einen magischen Gegenstand. Mithilfe des Traumspiegels kann er die Wesen, die er sich im Schlaf ausdenkt, in die Realit\u00e4t holen. Er w\u00fcnscht sich zahlreiche Gesch\u00f6pfe herbei, doch je mehr neue Freunde er beschw\u00f6rt, desto gr\u00f6\u00dfer wird das Ungleichgewicht zwischen Fantasie und Wirklichkeit.<\/em><br \/>\n<em>Pl\u00f6tzlich jagen ihn die Namaren, d\u00fcstere Schatten, die seine einfallsreichen Vorstellungen verschlingen wollen. Kim nimmt seinen Mut zusammen und taucht mit den Feen Silberf\u00fcnkchen und Goldl\u00f6ckchen, dem Magier Annatar und dem Rattendrachen Finn in seine Tr\u00e4ume ein, um sich den Fantasiefressern zu stellen &#8230;<\/em><\/p>\n<p>Eine Leseprobe hierf\u00fcr findet ihr unter folgendem Link: <a href=\"http:\/\/www.bookshouse.de\/buecher\/Die_lebenden_Traeume___Assjah\/\">http:\/\/www.bookshouse.de\/buecher\/Die_lebenden_Traeume___Assjah\/<\/a><\/p>\n<p>Sie liest in der Buchhandlung R\u00fchs ab 14:00 h.<\/p>\n<p><a href=\"http:\/\/lysander1330.files.wordpress.com\/2013\/04\/lebende-traeume-juliane-seidel.jpg\"><img loading=\"lazy\" decoding=\"async\" class=\"aligncenter size-medium wp-image-222\" alt=\"lebende-traeume-juliane-seidel\" src=\"http:\/\/lysander1330.files.wordpress.com\/2013\/04\/lebende-traeume-juliane-seidel.jpg?w=214\" width=\"214\" height=\"300\" srcset=\"https:\/\/www.schattengrenzen.de\/wp-content\/uploads\/2013\/04\/lebende-traeume-juliane-seidel.jpg 458w, https:\/\/www.schattengrenzen.de\/wp-content\/uploads\/2013\/04\/lebende-traeume-juliane-seidel-215x300.jpg 215w\" sizes=\"auto, (max-width: 214px) 100vw, 214px\" \/><\/a><\/p>\n<p>Ich bin mit Glasseelen um 17:00 h dran. Dann wird es etwas unheimlicher und wir reisen in die Berliner Unterwelten.<\/p>\n<p>Hierzu auch der Klappentext:<\/p>\n<p><em>F\u00fcr die 19-j\u00e4hrige Camilla und ihre Freundin Theresa endet ein Museumsausflug mit einem Schock. Ein Mann st\u00fcrzt sich vor ihren F\u00fc\u00dfen zu Tode. Seine Augen l\u00f6sen sich in Staub auf, aus seiner Hand rollen blutige Aug\u00e4pfel. Steht der Suizid in Zusammenhang mit einem wahnsinnigen M\u00f6rder, der sein Unwesen in Berlin treibt? Bereits mehrere junge Frauen sind ihm zum Opfer gefallen. Die verst\u00fcmmelten Leichen verbindet ein grausiges Merkmal: herausgeschnittene Augen.<\/em><\/p>\n<p><em>Obwohl sich Camilla und Theresa unter der Betreuung einer Psychotherapeutin und der Polizei in Sicherheit w\u00e4hnen, nimmt der Serienkiller sie ins Visier. Von Panik getrieben ger\u00e4t Camilla in die Unterwelt der Hauptstadt und st\u00f6\u00dft auf r\u00e4tselhafte Menschen. K\u00f6nnen der greise Amadeo oder der attraktive Chris sie vor ihrem fanatischen Verfolger retten? Mit dem Namen \u201eSandmann\u201c gibt Chris ihr einen entscheidenden Hinweis, doch der Killer ist nicht leicht zu \u00fcberlisten. Um seinen Attacken zu entkommen, muss sich Camilla nicht nur ihrem Peiniger stellen. Sie entdeckt eine \u00fcbersinnliche F\u00e4higkeit, die vielleicht besser im Verborgenen geblieben w\u00e4re \u2026<\/em><\/p>\n<p>Die Leseprobe findet ihr hier: <a href=\"http:\/\/www.bookshouse.de\/buecher\/Glasseelen___Schattengrenzen\/\"><span style=\"color:#800080;\">http:\/\/www.bookshouse.de\/buecher\/Glasseelen___Schattengrenzen\/<\/span><\/a><\/p>\n<p><a href=\"http:\/\/lysander1330.files.wordpress.com\/2013\/04\/glasseelen-tanja-meurer.jpg\"><img loading=\"lazy\" decoding=\"async\" class=\"aligncenter size-medium wp-image-223\" alt=\"glasseelen-tanja-meurer\" src=\"http:\/\/lysander1330.files.wordpress.com\/2013\/04\/glasseelen-tanja-meurer.jpg?w=214\" width=\"214\" height=\"300\" srcset=\"https:\/\/www.schattengrenzen.de\/wp-content\/uploads\/2013\/04\/glasseelen-tanja-meurer.jpg 458w, https:\/\/www.schattengrenzen.de\/wp-content\/uploads\/2013\/04\/glasseelen-tanja-meurer-215x300.jpg 215w\" sizes=\"auto, (max-width: 214px) 100vw, 214px\" \/><\/a><\/p>\n<p>Der Eintritt ist frei. Laut Frau R\u00fchs werden alkoholfreie Cocktails gereicht \ud83d\ude09<\/p>\n<p>Wir freuen uns auf euch \ud83d\ude42<\/p>\n<p>P.S.: Wer ein Buch kauft, bekommt nat\u00fcrlich nicht nur ein autogramm, sondern auch eine Zeichnung nach Wunsch.<\/p>\n","protected":false},"excerpt":{"rendered":"<p>Juliane Seidel (http:\/\/julianeseidel.wordpress.com\/) und ich lesen am 13.04. in der sch\u00f6nen Jugendstil-B\u00e4derstadt Bad Nauheim. Location ist die Buchhandlung von Kirsten R\u00fchs: http:\/\/www.buchhandlung-ruehs.de\/. Hier auch die genaue Adresse: Buchhandlung R\u00fchs\u00a0\u2022\u00a0Karlstr. 17a\u00a0\u2022 61231 Bad Nauheim\u00a0\u2022\u00a0Tel. 06032-1500 Jule stellt ihr Deb\u00fct, den ersten Band ihrer Kinder-Fantasy-Reihe Assjah vor. Das Buch nennt sich: Die lebenden Tr\u00e4ume. Hier der Klappentext:&#8230;<\/p>\n","protected":false},"author":1,"featured_media":0,"comment_status":"open","ping_status":"open","sticky":false,"template":"","format":"standard","meta":{"_jetpack_memberships_contains_paid_content":false,"footnotes":""},"categories":[2,421,24,32,7,13,14,16,18],"tags":[69,88,141,166,212,214,240,252,268,274,299,317],"class_list":["post-218","post","type-post","status-publish","format-standard","hentry","category-autor","category-blog","category-bucher","category-glasseelen-schattengrenzen-i","category-homepages","category-projekte","category-schattengrenzen","category-termine","category-veroffentlichungen","tag-69","tag-bad-nauheim","tag-deutsch","tag-fantasy","tag-horror-thriller","tag-illustration","tag-kinderbuch","tag-kultur","tag-lesung","tag-literatur","tag-mystery","tag-paperback-format"],"jetpack_sharing_enabled":true,"jetpack_featured_media_url":"","_links":{"self":[{"href":"https:\/\/www.schattengrenzen.de\/index.php?rest_route=\/wp\/v2\/posts\/218","targetHints":{"allow":["GET"]}}],"collection":[{"href":"https:\/\/www.schattengrenzen.de\/index.php?rest_route=\/wp\/v2\/posts"}],"about":[{"href":"https:\/\/www.schattengrenzen.de\/index.php?rest_route=\/wp\/v2\/types\/post"}],"author":[{"embeddable":true,"href":"https:\/\/www.schattengrenzen.de\/index.php?rest_route=\/wp\/v2\/users\/1"}],"replies":[{"embeddable":true,"href":"https:\/\/www.schattengrenzen.de\/index.php?rest_route=%2Fwp%2Fv2%2Fcomments&post=218"}],"version-history":[{"count":1,"href":"https:\/\/www.schattengrenzen.de\/index.php?rest_route=\/wp\/v2\/posts\/218\/revisions"}],"predecessor-version":[{"id":1317,"href":"https:\/\/www.schattengrenzen.de\/index.php?rest_route=\/wp\/v2\/posts\/218\/revisions\/1317"}],"wp:attachment":[{"href":"https:\/\/www.schattengrenzen.de\/index.php?rest_route=%2Fwp%2Fv2%2Fmedia&parent=218"}],"wp:term":[{"taxonomy":"category","embeddable":true,"href":"https:\/\/www.schattengrenzen.de\/index.php?rest_route=%2Fwp%2Fv2%2Fcategories&post=218"},{"taxonomy":"post_tag","embeddable":true,"href":"https:\/\/www.schattengrenzen.de\/index.php?rest_route=%2Fwp%2Fv2%2Ftags&post=218"}],"curies":[{"name":"wp","href":"https:\/\/api.w.org\/{rel}","templated":true}]}}