{"id":200,"date":"2013-03-25T16:03:06","date_gmt":"2013-03-25T16:03:06","guid":{"rendered":"http:\/\/lysander1330.wordpress.com\/?p=200"},"modified":"2018-04-13T17:50:39","modified_gmt":"2018-04-13T17:50:39","slug":"glasseelen-ist-im-neuen-layout-erhaltlich","status":"publish","type":"post","link":"https:\/\/www.schattengrenzen.de\/?p=200","title":{"rendered":"Glasseelen ist im neuen Layout erh\u00e4ltlich :)"},"content":{"rendered":"<p>Jule hat mich gerade darauf aufmerksam gemacht, dass die Bookshouse-B\u00fccher nun mit neuem Design auf Buecher.de erh\u00e4ltlich sind \ud83d\ude42<br \/> <a href=\"http:\/\/www.buecher.de\/shop\/berlin\/glasseelen\/meurer-tanja\/products_products\/detail\/prod_id\/36962753\/\" target=\"_blank\" rel=\"nofollow nofollow\">http:\/\/www.buecher.de\/shop\/berlin\/glasseelen\/meurer-tanja\/products_products\/detail\/prod_id\/36962753\/<\/a><\/p>\n<p>Der Roman hat nun das klassische Paperback-Format und ist damit etwas dicker als die &#8220;CreateSpace&#8221;-Ausgabe von Amazon. Damit Kostet das Buch auch etwas mehr, 15,99 \u20ac. Allerdings ist es griffiger und weitaus besser verarbeitet.<\/p>\n<p><a href=\"http:\/\/lysander1330.files.wordpress.com\/2013\/03\/10_700.jpg\"><img loading=\"lazy\" decoding=\"async\" class=\"alignnone size-medium wp-image-177\" alt=\"10_700\" src=\"http:\/\/lysander1330.files.wordpress.com\/2013\/03\/10_700.jpg?w=189\" width=\"189\" height=\"300\" srcset=\"https:\/\/www.schattengrenzen.de\/wp-content\/uploads\/2013\/03\/10_700.jpg 442w, https:\/\/www.schattengrenzen.de\/wp-content\/uploads\/2013\/03\/10_700-189x300.jpg 189w\" sizes=\"auto, (max-width: 189px) 100vw, 189px\" \/><\/a><\/p>\n","protected":false},"excerpt":{"rendered":"<p>Jule hat mich gerade darauf aufmerksam gemacht, dass die Bookshouse-B\u00fccher nun mit neuem Design auf Buecher.de erh\u00e4ltlich sind \ud83d\ude42 http:\/\/www.buecher.de\/shop\/berlin\/glasseelen\/meurer-tanja\/products_products\/detail\/prod_id\/36962753\/ Der Roman hat nun das klassische Paperback-Format und ist damit etwas dicker als die &#8220;CreateSpace&#8221;-Ausgabe von Amazon. Damit Kostet das Buch auch etwas mehr, 15,99 \u20ac. Allerdings ist es griffiger und weitaus besser verarbeitet.<\/p>\n","protected":false},"author":1,"featured_media":0,"comment_status":"open","ping_status":"open","sticky":false,"template":"","format":"image","meta":{"_jetpack_memberships_contains_paid_content":false,"footnotes":""},"categories":[2,421,24,32,13,14,18],"tags":[76,77,141,212,274,293,299,317],"class_list":["post-200","post","type-post","status-publish","format-image","hentry","category-autor","category-blog","category-bucher","category-glasseelen-schattengrenzen-i","category-projekte","category-schattengrenzen","category-veroffentlichungen","tag-aktuelles","tag-amazon","tag-deutsch","tag-horror-thriller","tag-literatur","tag-meurer","tag-mystery","tag-paperback-format","post_format-post-format-image"],"jetpack_sharing_enabled":true,"jetpack_featured_media_url":"","_links":{"self":[{"href":"https:\/\/www.schattengrenzen.de\/index.php?rest_route=\/wp\/v2\/posts\/200","targetHints":{"allow":["GET"]}}],"collection":[{"href":"https:\/\/www.schattengrenzen.de\/index.php?rest_route=\/wp\/v2\/posts"}],"about":[{"href":"https:\/\/www.schattengrenzen.de\/index.php?rest_route=\/wp\/v2\/types\/post"}],"author":[{"embeddable":true,"href":"https:\/\/www.schattengrenzen.de\/index.php?rest_route=\/wp\/v2\/users\/1"}],"replies":[{"embeddable":true,"href":"https:\/\/www.schattengrenzen.de\/index.php?rest_route=%2Fwp%2Fv2%2Fcomments&post=200"}],"version-history":[{"count":1,"href":"https:\/\/www.schattengrenzen.de\/index.php?rest_route=\/wp\/v2\/posts\/200\/revisions"}],"predecessor-version":[{"id":1321,"href":"https:\/\/www.schattengrenzen.de\/index.php?rest_route=\/wp\/v2\/posts\/200\/revisions\/1321"}],"wp:attachment":[{"href":"https:\/\/www.schattengrenzen.de\/index.php?rest_route=%2Fwp%2Fv2%2Fmedia&parent=200"}],"wp:term":[{"taxonomy":"category","embeddable":true,"href":"https:\/\/www.schattengrenzen.de\/index.php?rest_route=%2Fwp%2Fv2%2Fcategories&post=200"},{"taxonomy":"post_tag","embeddable":true,"href":"https:\/\/www.schattengrenzen.de\/index.php?rest_route=%2Fwp%2Fv2%2Ftags&post=200"}],"curies":[{"name":"wp","href":"https:\/\/api.w.org\/{rel}","templated":true}]}}