{"id":176,"date":"2013-03-14T08:50:20","date_gmt":"2013-03-14T08:50:20","guid":{"rendered":"http:\/\/lysander1330.wordpress.com\/?p=176"},"modified":"2018-04-13T17:51:25","modified_gmt":"2018-04-13T17:51:25","slug":"neue-buchformatge-und-neues-cover","status":"publish","type":"post","link":"https:\/\/www.schattengrenzen.de\/?p=176","title":{"rendered":"Neue Buchformate und neues Cover"},"content":{"rendered":"<p>Hallo zusammen,<\/p>\n<p>Bookshouse hat einige wichtige Ver\u00e4nderungen gemacht, so beispielsweise die \u00c4nderung, dass nicht mehr \u00fcber die Amazon-Druckerei Create Space gearbeitet wird (womit nat\u00fcrlich keinerlei Auflage existierte). Nun ist Bookshouse bei einer regul\u00e4ren Druckerei in Deutschland und produziert einen eigenen Auflagendruck.<\/p>\n<p>F\u00fcr &#8220;Glasseelen&#8221; bedeutet das einige \u00c4nderungen. Der Roman bekommt ein anderes Format (TB-Format 12&#215;19), wird damit also etwas kleiner und dicker. Die Seitenanzahl steigt von gepressten 404 Seiten auf\u00a0 512. zus\u00e4tzlich kommt noch eine Neuerung hinzu. Auf der linken Seite gibt es einen farbigen Balken mit der Genre-Angabe.<\/p>\n<p>Alles in Allem sieht das dann so aus:<\/p>\n<p><a href=\"http:\/\/lysander1330.files.wordpress.com\/2013\/03\/10_700.jpg\"><img loading=\"lazy\" decoding=\"async\" class=\"alignnone size-medium wp-image-177\" alt=\"10_700\" src=\"http:\/\/lysander1330.files.wordpress.com\/2013\/03\/10_700.jpg?w=189\" width=\"189\" height=\"300\" srcset=\"https:\/\/www.schattengrenzen.de\/wp-content\/uploads\/2013\/03\/10_700.jpg 442w, https:\/\/www.schattengrenzen.de\/wp-content\/uploads\/2013\/03\/10_700-189x300.jpg 189w\" sizes=\"auto, (max-width: 189px) 100vw, 189px\" \/><\/a><\/p>\n<p>Wie gef\u00e4llt es euch? Ich finde es unheimlich schick \ud83d\ude42<\/p>\n<p>Liebe Gr\u00fc\u00dfe<\/p>\n<p>Tanja<\/p>\n","protected":false},"excerpt":{"rendered":"<p>Hallo zusammen, Bookshouse hat einige wichtige Ver\u00e4nderungen gemacht, so beispielsweise die \u00c4nderung, dass nicht mehr \u00fcber die Amazon-Druckerei Create Space gearbeitet wird (womit nat\u00fcrlich keinerlei Auflage existierte). Nun ist Bookshouse bei einer regul\u00e4ren Druckerei in Deutschland und produziert einen eigenen Auflagendruck. F\u00fcr &#8220;Glasseelen&#8221; bedeutet das einige \u00c4nderungen. Der Roman bekommt ein anderes Format (TB-Format 12&#215;19),&#8230;<\/p>\n","protected":false},"author":1,"featured_media":0,"comment_status":"open","ping_status":"open","sticky":false,"template":"","format":"image","meta":{"_jetpack_memberships_contains_paid_content":false,"footnotes":""},"categories":[421,32,7],"tags":[91,141,252,274],"class_list":["post-176","post","type-post","status-publish","format-image","hentry","category-blog","category-glasseelen-schattengrenzen-i","category-homepages","tag-bucher","tag-deutsch","tag-kultur","tag-literatur","post_format-post-format-image"],"jetpack_sharing_enabled":true,"jetpack_featured_media_url":"","_links":{"self":[{"href":"https:\/\/www.schattengrenzen.de\/index.php?rest_route=\/wp\/v2\/posts\/176","targetHints":{"allow":["GET"]}}],"collection":[{"href":"https:\/\/www.schattengrenzen.de\/index.php?rest_route=\/wp\/v2\/posts"}],"about":[{"href":"https:\/\/www.schattengrenzen.de\/index.php?rest_route=\/wp\/v2\/types\/post"}],"author":[{"embeddable":true,"href":"https:\/\/www.schattengrenzen.de\/index.php?rest_route=\/wp\/v2\/users\/1"}],"replies":[{"embeddable":true,"href":"https:\/\/www.schattengrenzen.de\/index.php?rest_route=%2Fwp%2Fv2%2Fcomments&post=176"}],"version-history":[{"count":1,"href":"https:\/\/www.schattengrenzen.de\/index.php?rest_route=\/wp\/v2\/posts\/176\/revisions"}],"predecessor-version":[{"id":1327,"href":"https:\/\/www.schattengrenzen.de\/index.php?rest_route=\/wp\/v2\/posts\/176\/revisions\/1327"}],"wp:attachment":[{"href":"https:\/\/www.schattengrenzen.de\/index.php?rest_route=%2Fwp%2Fv2%2Fmedia&parent=176"}],"wp:term":[{"taxonomy":"category","embeddable":true,"href":"https:\/\/www.schattengrenzen.de\/index.php?rest_route=%2Fwp%2Fv2%2Fcategories&post=176"},{"taxonomy":"post_tag","embeddable":true,"href":"https:\/\/www.schattengrenzen.de\/index.php?rest_route=%2Fwp%2Fv2%2Ftags&post=176"}],"curies":[{"name":"wp","href":"https:\/\/api.w.org\/{rel}","templated":true}]}}