{"id":1701,"date":"2023-10-13T16:32:25","date_gmt":"2023-10-13T16:32:25","guid":{"rendered":"https:\/\/www.schattengrenzen.de\/?p=1701"},"modified":"2023-10-13T16:33:34","modified_gmt":"2023-10-13T16:33:34","slug":"neuerscheinung-grenzgaenger","status":"publish","type":"post","link":"https:\/\/www.schattengrenzen.de\/?p=1701","title":{"rendered":"10.10.2023, Neuerscheinung: Grenzg\u00e4nger"},"content":{"rendered":"<p>Es ist so weit, seit dem 10.10.2023 ist der neuste Schattengrenzen-Band erh\u00e4ltlich. <strong>Grenzg\u00e4nger<\/strong> setzt fort, was in <strong>Der Rebell<\/strong> begann. Die Geschichte um die Todesnacht, die Christian und Michael Hoffmann halbwegs gut \u00fcberstanden hatten, ihr \u00e4ltester Bruder Oliver jedoch nur durch sehr viel Gl\u00fcck, wird fortgesetzt. Hier noch mal der Klappentext zu <strong>Der Rebell<\/strong>:<\/p>\n<p>Der 16-j\u00e4hrige Oliver und seine j\u00fcngeren Br\u00fcder Christian und Michael \u00fcberleben nur knapp ein Massaker. Ihr Vater ermordet nicht nur ihre Mutter, sondern auch zwei weitere Geschwister. Das Motiv scheint auf der Hand zu liegen: Untreue. Aber Oliver will daran nicht glauben, insbesondere, als auf Christian ein weiterer Anschlag ver\u00fcbt wird. Unter Verdacht steht ihr Gro\u00dfvater, der einzige angebliche Verwandte, der ihre Vormundschaft \u00fcbernehmen soll. In seinem Haus werden mehrere Tote gefunden, doch die Leichen liegen bereits seit 70 Jahren dort. Die F\u00e4lle scheinen nichts miteinander zu tun zu haben, allerdings will Oliver nicht an Zuf\u00e4lle glauben. Gemeinsam mit dem unerfahrenen Kommissar Daniel Kuhn und dem \u00fcberreizten Matthias Habicht versucht er Parallelen in den F\u00e4llen zu finden. Doch schon bald wird klar, dass sie trotz Polizeischutzes nicht sicher sind, denn ihre Gegner scheinen nicht unter den Lebenden zu weilen \u2026<\/p>\n<p>Im letzten Band hatten die drei Br\u00fcder gro\u00dfe Ambitionen den Fall ihres Vaters aufzukl\u00e4ren und den starken Verdacht, dass dessen Chef und engster Freund eine entscheidende Rolle am Niedergang der Hoffmanns tragen k\u00f6nnte, weshalb Oliver &#8211; gegen jeden Rat und alle Vernunft &#8211; nach Beweisen bei Amman Aboutreika suchen wollte. In <strong>Grenzg\u00e4nger<\/strong> bekommt Oliver mit, wiesehr er damit seinen Br\u00fcdern schadet und in welche Gefahr er sie bringt. Aber nicht nur die drei Jungen, auch die Kommissare Lukas George, Daniel Kuhn und Matthias Habicht bekommen Probleme. Mit jeder Handlung, jedem Telefonat und jedem Entschluss, geraten die drei M\u00e4nner tiefer in eine Abw\u00e4rtsspirale. Dar\u00fcber hinaus h\u00e4ufen sich die Geistererscheinungen. Es sind nicht mehr nur Erscheinungen, Wesen hinter den Spiegeln, &#8220;W\u00e4chter&#8221; und &#8220;Empusen&#8221;, dieses Mal geraten sie an Gesch\u00f6pfe, die physischen Schaden anrichten k\u00f6nnen.<\/p>\n<p>Hier zwei kleine Ausschnitte aus dem Buch. Den ersten erlebt ihr aus Daniels Sicht:<\/p>\n<p>Daniel strich sich mit beiden H\u00e4nden das lange Haar aus dem Gesicht und versuchte noch einmal seinen Wagen zu starten. Wieder sprang der Passat nicht an. Er atmete tief ein und blies die Luft aus den Backen. K\u00e4lte brannte in seinem Hals, eine G\u00e4nsehaut lief ihm \u00fcber die Unterarme und fr\u00f6stelnd zog er die Schultern hoch. Er legte die Stirn in Falten und pustete in seine hohle Faust. Waren die Temperaturen so schnell gefallen?<br \/>\nSeine Nackenhaare richteten sich auf.<br \/>\nAus dem Augenwinkel nahm er ein Zucken im R\u00fcckspiegel wahr. Ein Passant? Noch w\u00e4hrend er daran dachte, wusste er, er hatte sich geirrt. Etwas versuchte aus seinem Gef\u00e4ngnis im Totenreich zu entkommen. Nerv\u00f6s befeuchtete er die Lippen und starrte angestrengt zu dem Spiegel. Eine wellenf\u00f6rmige Bewegung kr\u00e4uselte die Oberfl\u00e4che wie Wasser, sodass das Bild der R\u00fcckbank und des Heckfensters zerbrach. Sein Atem kondensierte. Im gleichen Moment sp\u00fcrte er ein schwaches Kratzen von schartigen N\u00e4geln zwischen Hals und Kiefer, das Tasten einer knochigen Hand, die seine Kehle streifte. \u00c4chzend riss er die kalten Geisterfinger fort. Sein Herz schlug schnell, und seine Lungen stachen, als w\u00fcrde er Nadeln atmen. Er rang nach Luft. Warmes Blut lief aus seiner Nase \u00fcber Lippen und Kiefer und tropfte auf seine Kn\u00f6chel. Die Stofflichkeit des Geistes zerrann zu Nichts. Panisch tastete er nach dem Gurt, als sich ein kleiner K\u00f6rper \u00fcber die R\u00fcckenlehne stemmte und ungeschickt nach vorne einbrach, um auf der Mittelkonsole liegen zu bleiben. Noch bevor Daniel sich aus seinem Sitz befreien konnte, st\u00fctzte das Gesch\u00f6pf sich auf seinem Knie ab, und der von langem Haar verschleierte Kopf zuckte hoch.<\/p>\n<p>Das zweite Erlebnis hat Oliver mit Amman:<\/p>\n<p>Amman blieb stehen, drehte sich um und richtete den Blick gegen die Decke. Langsam sank er gegen die Wand. Schwei\u00df gl\u00e4nzte auf seinem Gesicht, sein Atem ging schnell und flach. Er zitterte. M\u00fchsam, wie gegen einen Widerstand, hob er die H\u00e4nde und rieb sich \u00fcber das Gesicht.<br \/>\nIn diesem Zustand konnte Oliver ihn sich nicht selbst \u00fcberlassen. Er folgte ihm. Vorsichtig trat er an seine Seite. \u00bbAmman?\u00ab, fl\u00fcsterte er. Dessen glasiger Blick glitt herum und blieb an der Balustrade der Galerie h\u00e4ngen. Still schloss er die Lider.<br \/>\nOliver empfand Sorge, vielleicht war sie ungerechtfertigt, aber er hatte den Eindruck, dass mit Amman etwas Schreckliches passierte und er f\u00fcr viele Dinge gar nichts konnte. Sacht ber\u00fchrte er ihn an der Schulter. \u00bbSoll ich dir etwas bringen? Wasser, Tabletten, irgendetwas?\u00ab<br \/>\nEr zuckte zusammen, schwerf\u00e4llig sch\u00fcttelte er den Kopf, dann dr\u00fcckte er sich von der Wand weg, machte einen unsicheren Schritt nach vorn und st\u00fctzte sich auf der Balustrade ab. Eine Vielzahl von Nachbildern l\u00f6ste sich aus ihm und vollf\u00fchrte dieselbe Bewegung, nur um sich wieder mit ihm zu vereinen.<br \/>\nOliver wich zur\u00fcck. Was geschah mit Amman?<\/p>\n<p>Neugierig geworden? Hier geht die Geschichte weiter:<\/p>\n<p><strong>Grenzg\u00e4nger: Schattengrenzen 3<\/strong><\/p>\n<figure id=\"attachment_1685\" aria-describedby=\"caption-attachment-1685\" style=\"width: 210px\" class=\"wp-caption alignleft\"><img loading=\"lazy\" decoding=\"async\" class=\"size-medium wp-image-1685\" src=\"https:\/\/www.schattengrenzen.de\/wp-content\/uploads\/2023\/09\/Grenzgaenger_VS-210x300.png\" alt=\"Grenzg\u00e4nger - Schattengrenzen 3\" width=\"210\" height=\"300\" srcset=\"https:\/\/www.schattengrenzen.de\/wp-content\/uploads\/2023\/09\/Grenzgaenger_VS-210x300.png 210w, https:\/\/www.schattengrenzen.de\/wp-content\/uploads\/2023\/09\/Grenzgaenger_VS-717x1024.png 717w, https:\/\/www.schattengrenzen.de\/wp-content\/uploads\/2023\/09\/Grenzgaenger_VS-768x1097.png 768w, https:\/\/www.schattengrenzen.de\/wp-content\/uploads\/2023\/09\/Grenzgaenger_VS-1076x1536.png 1076w, https:\/\/www.schattengrenzen.de\/wp-content\/uploads\/2023\/09\/Grenzgaenger_VS-1434x2048.png 1434w, https:\/\/www.schattengrenzen.de\/wp-content\/uploads\/2023\/09\/Grenzgaenger_VS-300x428.png 300w, https:\/\/www.schattengrenzen.de\/wp-content\/uploads\/2023\/09\/Grenzgaenger_VS-850x1214.png 850w\" sizes=\"auto, (max-width: 210px) 100vw, 210px\" \/><figcaption id=\"caption-attachment-1685\" class=\"wp-caption-text\">Schattengrenzen III \u2013 Grenzg\u00e4nger<br \/>\u00a9Homo Littera, 2023<\/figcaption><\/figure>\n<p><strong>Klappentext:<\/strong><br \/>\nOliver l\u00e4sst sich auf das riskante Unterfangen ein, Beweise f\u00fcr Amman Aboutreikas Schuld im Mordfall an seiner Familie zu finden. Gemeinsam mit seinen Br\u00fcdern Michael und Christian zieht er in die Aboutreika-Villa. Doch die Grenzen zur Geisterwelt sind in dem Anwesen ungew\u00f6hnlich d\u00fcnn und verschwommen, sodass er schon bald orientierungslos zwischen der Welt der Lebenden und der Welt der Toten wandelt. Auch Ammans Pl\u00e4ne sind nicht durchschaubar, so zeigt dieser von der ersten Minute ihres Eintreffens an seine dunkle Seite. Schon bald schweben nicht nur Oliver und seine Br\u00fcder in Gefahr, sondern auch f\u00fcr Kommissar Daniel Kuhn und dessen Kollegen spitzt sich die Lage zu \u2026<\/p>\n<p><strong>Angaben zum Buch<\/strong><br \/>\nTaschenbuch, 300 Seiten<br \/>\nISBN Printausgabe: 978-3-99144-028-4<br \/>\nISBN pdf: 978-3-99144-029-1<br \/>\nISBN ePub: 978-3-99144-030-7<br \/>\nISBN PRC\/Mobi: 978-3-99144-031-4<\/p>\n<p>Preis eBook: 6,99 \u20ac<br \/>\nPreis Print: 15,46 \u20ac<\/p>\n<p><a href=\"https:\/\/www.homolittera.com\/deutsch\/Werke\/Grenzgaenger.php\">Homo Littera<\/a>,\u00a0<a href=\"https:\/\/www.amazon.de\/Grenzg%C3%A4nger-Schattengrenzen-3-Tanja-Meurer-ebook\/dp\/B0CKWHH3XD\" target=\"_blank\" rel=\"noopener\">Amazon eBook<\/a>,\u00a0<a href=\"https:\/\/www.amazon.de\/Grenzg%C3%A4nger-Schattengrenzen-3-Meurer-Tanja\/dp\/3991440288\" target=\"_blank\" rel=\"noopener\">Amazon Printausgabe<\/a><\/p>\n","protected":false},"excerpt":{"rendered":"<p>Es ist so weit, seit dem 10.10.2023 ist der neuste Schattengrenzen-Band erh\u00e4ltlich. Grenzg\u00e4nger setzt fort, was in Der Rebell begann. Die Geschichte um die Todesnacht, die Christian und Michael Hoffmann halbwegs gut \u00fcberstanden hatten, ihr \u00e4ltester Bruder Oliver jedoch nur durch sehr viel Gl\u00fcck, wird fortgesetzt. Hier noch mal der Klappentext zu Der Rebell: Der&#8230;<\/p>\n","protected":false},"author":1,"featured_media":0,"comment_status":"open","ping_status":"open","sticky":false,"template":"","format":"standard","meta":{"_jetpack_memberships_contains_paid_content":false,"footnotes":""},"categories":[421,484,38,14],"tags":[177,183,211,299,300,307,339,354],"class_list":["post-1701","post","type-post","status-publish","format-standard","hentry","category-blog","category-grenzgaenger-schattengrenzen-iii","category-infos","category-schattengrenzen","tag-gay-crime","tag-geister","tag-horror","tag-mystery","tag-mystery-thriller","tag-neuerscheinung","tag-roman","tag-schattengrenzen"],"jetpack_sharing_enabled":true,"jetpack_featured_media_url":"","_links":{"self":[{"href":"https:\/\/www.schattengrenzen.de\/index.php?rest_route=\/wp\/v2\/posts\/1701","targetHints":{"allow":["GET"]}}],"collection":[{"href":"https:\/\/www.schattengrenzen.de\/index.php?rest_route=\/wp\/v2\/posts"}],"about":[{"href":"https:\/\/www.schattengrenzen.de\/index.php?rest_route=\/wp\/v2\/types\/post"}],"author":[{"embeddable":true,"href":"https:\/\/www.schattengrenzen.de\/index.php?rest_route=\/wp\/v2\/users\/1"}],"replies":[{"embeddable":true,"href":"https:\/\/www.schattengrenzen.de\/index.php?rest_route=%2Fwp%2Fv2%2Fcomments&post=1701"}],"version-history":[{"count":3,"href":"https:\/\/www.schattengrenzen.de\/index.php?rest_route=\/wp\/v2\/posts\/1701\/revisions"}],"predecessor-version":[{"id":1704,"href":"https:\/\/www.schattengrenzen.de\/index.php?rest_route=\/wp\/v2\/posts\/1701\/revisions\/1704"}],"wp:attachment":[{"href":"https:\/\/www.schattengrenzen.de\/index.php?rest_route=%2Fwp%2Fv2%2Fmedia&parent=1701"}],"wp:term":[{"taxonomy":"category","embeddable":true,"href":"https:\/\/www.schattengrenzen.de\/index.php?rest_route=%2Fwp%2Fv2%2Fcategories&post=1701"},{"taxonomy":"post_tag","embeddable":true,"href":"https:\/\/www.schattengrenzen.de\/index.php?rest_route=%2Fwp%2Fv2%2Ftags&post=1701"}],"curies":[{"name":"wp","href":"https:\/\/api.w.org\/{rel}","templated":true}]}}