{"id":1688,"date":"2023-10-01T08:34:33","date_gmt":"2023-10-01T08:34:33","guid":{"rendered":"https:\/\/www.schattengrenzen.de\/?p=1688"},"modified":"2023-10-13T14:36:03","modified_gmt":"2023-10-13T14:36:03","slug":"schattengrenzen-die-geschichte-um-olli-und-daniel-und-das-vorspiel-in-berlin","status":"publish","type":"post","link":"https:\/\/www.schattengrenzen.de\/?p=1688","title":{"rendered":"Schattengrenzen &#8211; Die Geschichte um Olli und Daniel &#8230; und das Vorspiel in Berlin"},"content":{"rendered":"<p>Leider ist es schon eine Weile her, dass die ersten beiden Schattengrenzen-Romane erschienen sind. Nur um euch die geschichten noch einmal in erinnerung zu rufen, f\u00fcge ich hier eine kleine \u00dcbersicht ein.<\/p>\n<p><strong>Schattengrenzen I &#8211; Glasseelen<\/strong><\/p>\n<figure id=\"attachment_1426\" aria-describedby=\"caption-attachment-1426\" style=\"width: 201px\" class=\"wp-caption alignleft\"><img loading=\"lazy\" decoding=\"async\" class=\"size-medium wp-image-1426\" src=\"https:\/\/www.schattengrenzen.de\/wp-content\/uploads\/2019\/10\/rz_Glasseelen1_fin-201x300.jpg\" alt=\"Glasseelen - Schattengrenzn 1\" width=\"201\" height=\"300\" srcset=\"https:\/\/www.schattengrenzen.de\/wp-content\/uploads\/2019\/10\/rz_Glasseelen1_fin-201x300.jpg 201w, https:\/\/www.schattengrenzen.de\/wp-content\/uploads\/2019\/10\/rz_Glasseelen1_fin-600x894.jpg 600w, https:\/\/www.schattengrenzen.de\/wp-content\/uploads\/2019\/10\/rz_Glasseelen1_fin-687x1024.jpg 687w, https:\/\/www.schattengrenzen.de\/wp-content\/uploads\/2019\/10\/rz_Glasseelen1_fin.jpg 731w\" sizes=\"auto, (max-width: 201px) 100vw, 201px\" \/><figcaption id=\"caption-attachment-1426\" class=\"wp-caption-text\">Schattengrenzen I &#8211; Glasseelen \u00a9Manuela Ancutici 2019<\/figcaption><\/figure>\n<p><strong><span class=\"a-text-bold\">Klappentext:<\/span><\/strong><br \/>\nDie gemeinsame Reise nach Berlin wird f\u00fcr die Camilla und ihre beste Freundin Theresa zum Alptraum. V\u00f6llig unvorbereitet werden sie Zeuginnen eines vermeintlichen Selbstmords, der mit einer grausigen Mordserie an jungen Frauen in Verbindung stehen k\u00f6nnte. Als Theresa verschwindet und ein Polizist auf Camilla Jagd macht, ger\u00e4t diese in die Unterwelt von Berlin, wo Maschinenmenschen leben, ein Serienm\u00f6rder jungen Frauen die Augen stiehlt und ein uraltes Geheimnis hinter den schrecklichen Ereignissen schlummert.<\/p>\n<p><strong>Angaben zum Buch<\/strong><br \/>\nVerlag: Edition roter Drache<br \/>\nTaschenbuch, 424 Seiten, Ma\u00dfe: 14.7 x 3.5 x 21.0<br \/>\nISBN Printausgabe: 3946425313<br \/>\nASIN: \u200eB0784DS6PJ<\/p>\n<p><a href=\"https:\/\/www.roterdrache.org\/catalog\/Belletristik-Roman-Satire\/Glasseelen::183.html\" target=\"_blank\" rel=\"noopener\">Edition Roter Drache<\/a>,\u00a0<a href=\"https:\/\/www.amazon.de\/Glasseelen-Schattengrenzen-1-Tanja-Meurer-ebook\/dp\/B0784DS6PJ\" target=\"_blank\" rel=\"noopener\">Amazon eBook<\/a>,\u00a0<a href=\"https:\/\/www.amazon.de\/Glasseelen-Tanja-Meurer\/dp\/3946425313\" target=\"_blank\" rel=\"noopener\">Amazon Printausgabe<\/a><\/p>\n<p>&nbsp;<\/p>\n<p><strong>Schattengrenzen II &#8211; Der Rebell<\/strong><\/p>\n<figure id=\"attachment_1240\" aria-describedby=\"caption-attachment-1240\" style=\"width: 206px\" class=\"wp-caption alignleft\"><img loading=\"lazy\" decoding=\"async\" class=\"size-medium wp-image-1240\" src=\"https:\/\/www.schattengrenzen.de\/wp-content\/uploads\/2018\/04\/Cover_Der_Rebell-206x300.png\" alt=\"\" width=\"206\" height=\"300\" srcset=\"https:\/\/www.schattengrenzen.de\/wp-content\/uploads\/2018\/04\/Cover_Der_Rebell-206x300.png 206w, https:\/\/www.schattengrenzen.de\/wp-content\/uploads\/2018\/04\/Cover_Der_Rebell-600x875.png 600w, https:\/\/www.schattengrenzen.de\/wp-content\/uploads\/2018\/04\/Cover_Der_Rebell.png 617w\" sizes=\"auto, (max-width: 206px) 100vw, 206px\" \/><figcaption id=\"caption-attachment-1240\" class=\"wp-caption-text\">Schattengrenzen II &#8211; Der Rebell \u00a9Homo Littera 2018<\/figcaption><\/figure>\n<p><strong>Klappentext:<\/strong><br \/>\nDer 16-j\u00e4hrige Oliver und seine j\u00fcngeren Br\u00fcder Christian und Michael \u00fcberleben nur knapp ein Massaker. Ihr Vater ermordet nicht nur ihre Mutter, sondern auch zwei weitere Geschwister. Das Motiv scheint auf der Hand zu liegen: Untreue. Aber Oliver will daran nicht glauben, insbesondere, als auf Christian ein weiterer Anschlag ver\u00fcbt wird. Unter Verdacht steht ihr Gro\u00dfvater, der einzige angebliche Verwandte, der ihre Vormundschaft \u00fcbernehmen soll. In seinem Haus werden mehrere Tote gefunden, doch die Leichen liegen bereits seit 70 Jahren dort. Die F\u00e4lle scheinen nichts miteinander zu tun zu haben, allerdings will Oliver nicht an Zuf\u00e4lle glauben. Gemeinsam mit dem unerfahrenen Kommissar Daniel Kuhn und dem \u00fcberreizten Matthias Habicht versucht er Parallelen in den F\u00e4llen zu finden. Doch schon bald wird klar, dass sie trotz Polizeischutzes nicht sicher sind, denn ihre Gegner scheinen nicht unter den Lebenden zu weilen \u2026<\/p>\n<p>&nbsp;<\/p>\n<p><strong>Angaben zum Buch<\/strong><br \/>\nTaschenbuch, 416 Seiten, Ma\u00dfe: 14,8*21<br \/>\nISBN Printausgabe: 978-3-903238-10-7<br \/>\nISBN pdf: 978-3-903238-11-4<br \/>\nISBN ePub: 978-3-903238-12-1<\/p>\n<p><a href=\"https:\/\/www.homolittera.com\/deutsch\/Werke\/Der_Rebell.php\" target=\"_blank\" rel=\"noopener\">Homo Littera<\/a>,\u00a0<a href=\"https:\/\/www.amazon.de\/gp\/product\/B07DP4WZ6R\/\" target=\"_blank\" rel=\"noopener\">Amazon eBook<\/a>, <a href=\"https:\/\/www.amazon.de\/Rebell-Schattengrenzen-2-Meurer-Tanja\/dp\/3903238104\" target=\"_blank\" rel=\"noopener\">Amazon Printausgabe<\/a><\/p>\n<p><strong>Schattengrenzen III &#8211; Grenzg\u00e4nger<\/strong><\/p>\n<figure id=\"attachment_1685\" aria-describedby=\"caption-attachment-1685\" style=\"width: 210px\" class=\"wp-caption alignleft\"><img loading=\"lazy\" decoding=\"async\" class=\"size-medium wp-image-1685\" src=\"https:\/\/www.schattengrenzen.de\/wp-content\/uploads\/2023\/09\/Grenzgaenger_VS-210x300.png\" alt=\"Schattengrenzen III - Grenzg\u00e4nger\" width=\"210\" height=\"300\" srcset=\"https:\/\/www.schattengrenzen.de\/wp-content\/uploads\/2023\/09\/Grenzgaenger_VS-210x300.png 210w, https:\/\/www.schattengrenzen.de\/wp-content\/uploads\/2023\/09\/Grenzgaenger_VS-717x1024.png 717w, https:\/\/www.schattengrenzen.de\/wp-content\/uploads\/2023\/09\/Grenzgaenger_VS-768x1097.png 768w, https:\/\/www.schattengrenzen.de\/wp-content\/uploads\/2023\/09\/Grenzgaenger_VS-1076x1536.png 1076w, https:\/\/www.schattengrenzen.de\/wp-content\/uploads\/2023\/09\/Grenzgaenger_VS-1434x2048.png 1434w, https:\/\/www.schattengrenzen.de\/wp-content\/uploads\/2023\/09\/Grenzgaenger_VS-300x428.png 300w, https:\/\/www.schattengrenzen.de\/wp-content\/uploads\/2023\/09\/Grenzgaenger_VS-850x1214.png 850w\" sizes=\"auto, (max-width: 210px) 100vw, 210px\" \/><figcaption id=\"caption-attachment-1685\" class=\"wp-caption-text\">Schattengrenzen III \u2013 Grenzg\u00e4nger<br \/>\u00a9Homo Littera, 2023<\/figcaption><\/figure>\n<p><strong>Klappentext:<\/strong><br \/>\nOliver l\u00e4sst sich auf das riskante Unterfangen ein, Beweise f\u00fcr Amman Aboutreikas Schuld im Mordfall an seiner Familie zu finden. Gemeinsam mit seinen Br\u00fcdern Michael und Christian zieht er in die Aboutreika-Villa. Doch die Grenzen zur Geisterwelt sind in dem Anwesen ungew\u00f6hnlich d\u00fcnn und verschwommen, sodass er schon bald orientierungslos zwischen der Welt der Lebenden und der Welt der Toten wandelt. Auch Ammans Pl\u00e4ne sind nicht durchschaubar, so zeigt dieser von der ersten Minute ihres Eintreffens an seine dunkle Seite. Schon bald schweben nicht nur Oliver und seine Br\u00fcder in Gefahr, sondern auch f\u00fcr Kommissar Daniel Kuhn und dessen Kollegen spitzt sich die Lage zu &#8230;<\/p>\n<p><strong>Angaben zum Buch<\/strong><br \/>\nTaschenbuch, 300 Seiten<br \/>\nISBN Printausgabe: 978-3-99144-028-4<br \/>\nISBN pdf: 978-3-99144-029-1<br \/>\nISBN ePub: 978-3-99144-030-7<br \/>\nISBN PRC\/Mobi: 978-3-99144-031-4<\/p>\n<p><a href=\"https:\/\/www.homolittera.com\/deutsch\/Werke\/Grenzgaenger.php\" target=\"_blank\" rel=\"noopener\">Homo Littera<\/a><\/p>\n<p><strong>Schattengrenzen IV &#8211; Freigeist<\/strong><\/p>\n<figure id=\"attachment_1689\" aria-describedby=\"caption-attachment-1689\" style=\"width: 213px\" class=\"wp-caption alignleft\"><img loading=\"lazy\" decoding=\"async\" class=\"size-medium wp-image-1689\" src=\"https:\/\/www.schattengrenzen.de\/wp-content\/uploads\/2023\/09\/Cover_Freigeist-213x300.png\" alt=\"Freigeist\" width=\"213\" height=\"300\" srcset=\"https:\/\/www.schattengrenzen.de\/wp-content\/uploads\/2023\/09\/Cover_Freigeist-213x300.png 213w, https:\/\/www.schattengrenzen.de\/wp-content\/uploads\/2023\/09\/Cover_Freigeist-300x423.png 300w, https:\/\/www.schattengrenzen.de\/wp-content\/uploads\/2023\/09\/Cover_Freigeist.png 638w\" sizes=\"auto, (max-width: 213px) 100vw, 213px\" \/><figcaption id=\"caption-attachment-1689\" class=\"wp-caption-text\">Schattengrenzen IV &#8211; Freigeist<br \/>\u00a9Homo Littera 2023<\/figcaption><\/figure>\n<p>Ein Blick hinter die Spiegel reicht, und dein Leben wird sich f\u00fcr immer ver\u00e4ndern &#8230;<\/p>\n<p><strong>Klappentext:<\/strong><br \/>\nDurch die Hilfe des Kommissars Daniel Kuhn k\u00f6nnen Oliver und seine Br\u00fcder Michael und Christian vor einem weiteren Geisterangriff in der Villa Aboutreika fl\u00fcchten \u2013 doch nicht ohne Konsequenzen. Amman Aboutreika zieht alle F\u00e4den und scheint ihnen immer einen Schritt voraus zu sein. In seinem Sanctum hinter den Spiegeln wirkt er unverwundbar. Als Daniel und sein Kollege Matthias Habicht auf unbestimmte Zeit suspendiert werden, scheint die Lage aussichtslos. Oliver bleibt nichts anderes \u00fcbrig, als sich seinen \u00c4ngsten zu stellen und Aboutreika in die Geisterwelt zu folgen &#8230;<\/p>\n<p><strong>Angaben zum Buch<\/strong><br \/>\nTaschenbuch, 340 Seiten, Ma\u00dfe: 14,8 * 21 cm<br \/>\nISBN Printausgabe: 978-3-99144-032-1<br \/>\nISBN pdf: 978-3-99144-033-8<br \/>\nISBN ePub: 978-3-99144-034-5<br \/>\nISBN PRC\/Mobi: 978-3-99144-035-2<\/p>\n<p><a href=\"https:\/\/www.homolittera.com\/deutsch\/Werke\/Freigeist.php\" target=\"_blank\" rel=\"noopener\">Homo Littera<\/a><\/p>\n","protected":false},"excerpt":{"rendered":"<p>Leider ist es schon eine Weile her, dass die ersten beiden Schattengrenzen-Romane erschienen sind. Nur um euch die geschichten noch einmal in erinnerung zu rufen, f\u00fcge ich hier eine kleine \u00dcbersicht ein. Schattengrenzen I &#8211; Glasseelen Klappentext: Die gemeinsame Reise nach Berlin wird f\u00fcr die Camilla und ihre beste Freundin Theresa zum Alptraum. V\u00f6llig unvorbereitet&#8230;<\/p>\n","protected":false},"author":1,"featured_media":0,"comment_status":"open","ping_status":"open","sticky":false,"template":"","format":"standard","meta":{"_jetpack_memberships_contains_paid_content":false,"footnotes":""},"categories":[2,421,24,26,485,32,484,11,14],"tags":[176,177,212,270,300,486,354],"class_list":["post-1688","post","type-post","status-publish","format-standard","hentry","category-autor","category-blog","category-bucher","category-der-rebell-schattengrenzen-ii","category-freigeist-schattengrenzen-iv","category-glasseelen-schattengrenzen-i","category-grenzgaenger-schattengrenzen-iii","category-neuerscheinungen","category-schattengrenzen","tag-gay","tag-gay-crime","tag-horror-thriller","tag-liebe","tag-mystery-thriller","tag-roman-reihe","tag-schattengrenzen"],"jetpack_sharing_enabled":true,"jetpack_featured_media_url":"","_links":{"self":[{"href":"https:\/\/www.schattengrenzen.de\/index.php?rest_route=\/wp\/v2\/posts\/1688","targetHints":{"allow":["GET"]}}],"collection":[{"href":"https:\/\/www.schattengrenzen.de\/index.php?rest_route=\/wp\/v2\/posts"}],"about":[{"href":"https:\/\/www.schattengrenzen.de\/index.php?rest_route=\/wp\/v2\/types\/post"}],"author":[{"embeddable":true,"href":"https:\/\/www.schattengrenzen.de\/index.php?rest_route=\/wp\/v2\/users\/1"}],"replies":[{"embeddable":true,"href":"https:\/\/www.schattengrenzen.de\/index.php?rest_route=%2Fwp%2Fv2%2Fcomments&post=1688"}],"version-history":[{"count":5,"href":"https:\/\/www.schattengrenzen.de\/index.php?rest_route=\/wp\/v2\/posts\/1688\/revisions"}],"predecessor-version":[{"id":1694,"href":"https:\/\/www.schattengrenzen.de\/index.php?rest_route=\/wp\/v2\/posts\/1688\/revisions\/1694"}],"wp:attachment":[{"href":"https:\/\/www.schattengrenzen.de\/index.php?rest_route=%2Fwp%2Fv2%2Fmedia&parent=1688"}],"wp:term":[{"taxonomy":"category","embeddable":true,"href":"https:\/\/www.schattengrenzen.de\/index.php?rest_route=%2Fwp%2Fv2%2Fcategories&post=1688"},{"taxonomy":"post_tag","embeddable":true,"href":"https:\/\/www.schattengrenzen.de\/index.php?rest_route=%2Fwp%2Fv2%2Ftags&post=1688"}],"curies":[{"name":"wp","href":"https:\/\/api.w.org\/{rel}","templated":true}]}}