{"id":1684,"date":"2023-09-24T07:55:53","date_gmt":"2023-09-24T07:55:53","guid":{"rendered":"https:\/\/www.schattengrenzen.de\/?p=1684"},"modified":"2023-09-24T07:55:53","modified_gmt":"2023-09-24T07:55:53","slug":"neuerscheinung-grenzgaenger-schattengrenzen-iii","status":"publish","type":"post","link":"https:\/\/www.schattengrenzen.de\/?p=1684","title":{"rendered":"Neuerscheinung: &#8220;Grenzg\u00e4nger &#8211; Schattengrenzen III&#8221;"},"content":{"rendered":"<p>Es ist so weit, jetzt geht es mit der Reihe weiter. Der dritte Band erscheint in K\u00fcrze und setzt die Geschichte um den Fall Hoffmann, aber auch die unheimlichen Ereignisse im Markgraf-Haus fort.<\/p>\n<p>Nachdem Oliver im ersten Buch (Der Rebell &#8211; Schattengrenzen II) bereits sicher ist, dass er nur noch Beweise f\u00fcr die Schuld Amman Aboutreika am Tod seiner Familie zu finden, wird er jetzt eines Besseren belehrt. Denn es ist nichts so, wie er angenommen hat.<\/p>\n<figure id=\"attachment_1685\" aria-describedby=\"caption-attachment-1685\" style=\"width: 210px\" class=\"wp-caption alignleft\"><img loading=\"lazy\" decoding=\"async\" class=\"size-medium wp-image-1685\" src=\"https:\/\/www.schattengrenzen.de\/wp-content\/uploads\/2023\/09\/Grenzgaenger_VS-210x300.png\" alt=\"Schattengrenzen III - Grenzg\u00e4nger\" width=\"210\" height=\"300\" srcset=\"https:\/\/www.schattengrenzen.de\/wp-content\/uploads\/2023\/09\/Grenzgaenger_VS-210x300.png 210w, https:\/\/www.schattengrenzen.de\/wp-content\/uploads\/2023\/09\/Grenzgaenger_VS-717x1024.png 717w, https:\/\/www.schattengrenzen.de\/wp-content\/uploads\/2023\/09\/Grenzgaenger_VS-768x1097.png 768w, https:\/\/www.schattengrenzen.de\/wp-content\/uploads\/2023\/09\/Grenzgaenger_VS-1076x1536.png 1076w, https:\/\/www.schattengrenzen.de\/wp-content\/uploads\/2023\/09\/Grenzgaenger_VS-1434x2048.png 1434w, https:\/\/www.schattengrenzen.de\/wp-content\/uploads\/2023\/09\/Grenzgaenger_VS-300x428.png 300w, https:\/\/www.schattengrenzen.de\/wp-content\/uploads\/2023\/09\/Grenzgaenger_VS-850x1214.png 850w\" sizes=\"auto, (max-width: 210px) 100vw, 210px\" \/><figcaption id=\"caption-attachment-1685\" class=\"wp-caption-text\">Schattengrenzen III \u2013 Grenzg\u00e4nger<br \/>\u00a9Homo Littera, 2023<\/figcaption><\/figure>\n<p><strong>Klappentext:<\/strong><br \/>\nOliver l\u00e4sst sich auf das riskante Unterfangen ein, Beweise f\u00fcr Amman Aboutreikas Schuld im Mordfall an seiner Familie zu finden. Gemeinsam mit seinen Br\u00fcdern Michael und Christian zieht er in die Aboutreika-Villa. Doch die Grenzen zur Geisterwelt sind in dem Anwesen ungew\u00f6hnlich d\u00fcnn und verschwommen, sodass er schon bald orientierungslos zwischen der Welt der Lebenden und der Welt der Toten wandelt. Auch Ammans Pl\u00e4ne sind nicht durchschaubar, so zeigt dieser von der ersten Minute ihres Eintreffens an seine dunkle Seite. Schon bald schweben nicht nur Oliver und seine Br\u00fcder in Gefahr, sondern auch f\u00fcr Kommissar Daniel Kuhn und dessen Kollegen spitzt sich die Lage zu &#8230;<\/p>\n<p><strong>Angaben zum Buch<\/strong><br \/>\nTaschenbuch, 300 Seiten<br \/>\nISBN Printausgabe: 978-3-99144-028-4<br \/>\nISBN pdf: 978-3-99144-029-1<br \/>\nISBN ePub: 978-3-99144-030-7<br \/>\nISBN PRC\/Mobi: 978-3-99144-031-4<br \/>\n<strong><a href=\"https:\/\/www.homolittera.com\/deutsch\/Werke\/Grenzgaenger.php\" target=\"_blank\" rel=\"noopener\">Homo Littera, Verlags-Link<\/a><\/strong><\/p>\n<p>Aus diesem Roman wird es auf der BuCon 2023, am 21.10., um 17:30 Uhr die Premierenlesung geben.\u00a0Weitere Infos hierzu findet ihr in K\u00fcrze unter dem Programm-<strong><a href=\"https:\/\/www.buchmessecon.de\/index.php\/programm\" target=\"_blank\" rel=\"noopener\">Link<\/a> <\/strong>der BuCon.<\/p>\n<p>&nbsp;<\/p>\n","protected":false},"excerpt":{"rendered":"<p>Es ist so weit, jetzt geht es mit der Reihe weiter. Der dritte Band erscheint in K\u00fcrze und setzt die Geschichte um den Fall Hoffmann, aber auch die unheimlichen Ereignisse im Markgraf-Haus fort. Nachdem Oliver im ersten Buch (Der Rebell &#8211; Schattengrenzen II) bereits sicher ist, dass er nur noch Beweise f\u00fcr die Schuld Amman&#8230;<\/p>\n","protected":false},"author":1,"featured_media":0,"comment_status":"open","ping_status":"open","sticky":false,"template":"","format":"standard","meta":{"_jetpack_memberships_contains_paid_content":false,"footnotes":""},"categories":[2,421,24,484,11,14],"tags":[147,176,183,211,250,270,300,307,329,354],"class_list":["post-1684","post","type-post","status-publish","format-standard","hentry","category-autor","category-blog","category-bucher","category-grenzgaenger-schattengrenzen-iii","category-neuerscheinungen","category-schattengrenzen","tag-drama","tag-gay","tag-geister","tag-horror","tag-krimi","tag-liebe","tag-mystery-thriller","tag-neuerscheinung","tag-queer","tag-schattengrenzen"],"jetpack_sharing_enabled":true,"jetpack_featured_media_url":"","_links":{"self":[{"href":"https:\/\/www.schattengrenzen.de\/index.php?rest_route=\/wp\/v2\/posts\/1684","targetHints":{"allow":["GET"]}}],"collection":[{"href":"https:\/\/www.schattengrenzen.de\/index.php?rest_route=\/wp\/v2\/posts"}],"about":[{"href":"https:\/\/www.schattengrenzen.de\/index.php?rest_route=\/wp\/v2\/types\/post"}],"author":[{"embeddable":true,"href":"https:\/\/www.schattengrenzen.de\/index.php?rest_route=\/wp\/v2\/users\/1"}],"replies":[{"embeddable":true,"href":"https:\/\/www.schattengrenzen.de\/index.php?rest_route=%2Fwp%2Fv2%2Fcomments&post=1684"}],"version-history":[{"count":2,"href":"https:\/\/www.schattengrenzen.de\/index.php?rest_route=\/wp\/v2\/posts\/1684\/revisions"}],"predecessor-version":[{"id":1687,"href":"https:\/\/www.schattengrenzen.de\/index.php?rest_route=\/wp\/v2\/posts\/1684\/revisions\/1687"}],"wp:attachment":[{"href":"https:\/\/www.schattengrenzen.de\/index.php?rest_route=%2Fwp%2Fv2%2Fmedia&parent=1684"}],"wp:term":[{"taxonomy":"category","embeddable":true,"href":"https:\/\/www.schattengrenzen.de\/index.php?rest_route=%2Fwp%2Fv2%2Fcategories&post=1684"},{"taxonomy":"post_tag","embeddable":true,"href":"https:\/\/www.schattengrenzen.de\/index.php?rest_route=%2Fwp%2Fv2%2Ftags&post=1684"}],"curies":[{"name":"wp","href":"https:\/\/api.w.org\/{rel}","templated":true}]}}