{"id":1594,"date":"2020-06-14T16:44:27","date_gmt":"2020-06-14T16:44:27","guid":{"rendered":"https:\/\/www.schattengrenzen.de\/?p=1594"},"modified":"2020-06-14T16:44:27","modified_gmt":"2020-06-14T16:44:27","slug":"die-stadt-der-masschinenmagie","status":"publish","type":"post","link":"https:\/\/www.schattengrenzen.de\/?p=1594","title":{"rendered":"Die Stadt der Masschinenmagie"},"content":{"rendered":"<p>Seit gestern ist es endlich so weit, der zweite Band der Stadt der Maschinenmagie ist erschienen. Das erste Buch kam bereits im M\u00e4rz 2016 heraus; damals noch bei Incubus. 2017 hat sich der Dead Soft Verlag der Reihe angenommen und nach sehr vielen Schwierigkeiten ist es endlich so weit, der Nachfolger zu Die Seelenlosen ist da. Die K\u00f6rperlosen d\u00fcrfen nun &#8220;wandeln&#8221; \ud83d\ude09<\/p>\n<p><a href=\"https:\/\/www.amazon.de\/Die-K%C3%B6rperlosen-Stadt-Maschinenmagie-ebook\/dp\/B08B4XRDCN\" target=\"_blank\" rel=\"noopener noreferrer\">Amazon<\/a><br \/>\n<a href=\"https:\/\/www.deadsoft.de\/unser-sortiment\/neuerscheinungen\/439\/die-koerperlosen?c=26\" target=\"_blank\" rel=\"noopener noreferrer\">Dead Soft<\/a><\/p>\n<p>Der Klappentext macht euch vielleicht neugierig \ud83d\ude42<\/p>\n<figure id=\"attachment_1451\" aria-describedby=\"caption-attachment-1451\" style=\"width: 212px\" class=\"wp-caption alignleft\"><img loading=\"lazy\" decoding=\"async\" class=\"size-medium wp-image-1451\" src=\"https:\/\/www.schattengrenzen.de\/wp-content\/uploads\/2020\/03\/Die-K\u00f6rperlosen_kl-212x300.jpg\" alt=\"\" width=\"212\" height=\"300\" srcset=\"https:\/\/www.schattengrenzen.de\/wp-content\/uploads\/2020\/03\/Die-K\u00f6rperlosen_kl-212x300.jpg 212w, https:\/\/www.schattengrenzen.de\/wp-content\/uploads\/2020\/03\/Die-K\u00f6rperlosen_kl.jpg 494w\" sizes=\"auto, (max-width: 212px) 100vw, 212px\" \/><figcaption id=\"caption-attachment-1451\" class=\"wp-caption-text\">Die K\u00f6rperlosen<\/figcaption><\/figure>\n<p>Hinter den Mauern der ausgebrannten Anstalt Jarvaise lauert die Finsternis und unter der Stadt schl\u00e4gt ihr mechanisches Herz.<br \/>\nJaleel, Gwenael und seine Schwester Desir\u00e9e begegnen dem Ursprung der Experimente um Stahl und Lebensenergie: Jarvaise Cordellier, einem Leichnam, der von seiner Tochter Ga\u00eblle durch gestohlene Seelenkraft am Leben erhalten wird. Aber der Tod von Jarvaise und seiner Tochter ist nicht das Ende. Ga\u00eblles Netzwerk ist weitreichend. Weiterhin sterben Menschen und Valvermont wird binnen einer Nacht von Fleischpuppen \u00fcberrannt. Gwenael wei\u00df, dass er mit seinen Gef\u00e4hrten gegen die Zeit arbeitet, denn die Maschinerie unter der Stadt hat sich verselbstst\u00e4ndigt und das dunkle Herz beginnt wieder zu schlagen.<\/p>\n<p>Hier k\u00f6nnt ihr auch in das Buch lesen:<br \/>\n<strong><a href=\"https:\/\/www.schattengrenzen.de\/wp-content\/uploads\/2020\/06\/Die-Korperlosen_-Die-Stadt-der-Tanja-Meurer.pdf\" target=\"_blank\" rel=\"noopener noreferrer\">Die K\u00f6rperlosen &#8211; PDF<\/a><\/strong><br \/>\n<strong><a href=\"http:\/\/vee-jas.de\/Die%20Korperlosen_%20Die%20Stadt%20der%20-%20Tanja%20Meurer.epub\" target=\"_blank\" rel=\"noopener noreferrer\">Die K\u00f6rperlosen &#8211; ePub<\/a><\/strong><br \/>\n<strong><a href=\"http:\/\/vee-jas.de\/Die%20Korperlosen_%20Die%20Stadt%20der%20-%20Tanja%20Meurer.mobi\" target=\"_blank\" rel=\"noopener noreferrer\">Die K\u00f6rperlosen &#8211; Mobi<\/a><\/strong><\/p>\n<p>Hier ist auch noch einmal ein Einblick in den ersten Band:<\/p>\n<p>Klappentext:<\/p>\n<p><img loading=\"lazy\" decoding=\"async\" class=\"size-medium wp-image-1440 alignright\" src=\"https:\/\/www.schattengrenzen.de\/wp-content\/uploads\/2020\/02\/Die-Seelenlosen-Cover-klein-212x300.jpg\" alt=\"\" width=\"212\" height=\"300\" srcset=\"https:\/\/www.schattengrenzen.de\/wp-content\/uploads\/2020\/02\/Die-Seelenlosen-Cover-klein-212x300.jpg 212w, https:\/\/www.schattengrenzen.de\/wp-content\/uploads\/2020\/02\/Die-Seelenlosen-Cover-klein.jpg 353w\" sizes=\"auto, (max-width: 212px) 100vw, 212px\" \/>Valvermont war einst die Heimat des Kriegsveteranen Gwenael Chabod, der zum Commandanten \u00fcber die Garnisonen der Stadt berufen ist. Sein Geliebter Orin, ein ehrw\u00fcrdiger Priester orcischer Abstammung, ist an seiner Seite, als sich vor Gwenaels Augen ein Mann in eine seelenlose Kreatur verwandelt.<br \/>\nKurz darauf wird eine junge Frau get\u00f6tet. Einziger Augenzeuge ist der Dieb Jaleel. Sein Bericht deckt Grauenvolles auf \u2013 und bringt sein eigenes Leben in Gefahr.<br \/>\nGemeinsam mit neuen Freunden und Verb\u00fcndeten jagt Gwenael den finsteren Geist, der von Valvermont Besitz ergriffen hat. Nicht ahnend, wie nah ihm die Dunkelheit bereits ist. An seiner Seite Jaleel, der in ihm die widerspr\u00fcchlichsten Gef\u00fchle hervorruft.<\/p>\n<p>Leseproben:<br \/>\n<strong><a href=\"https:\/\/www.schattengrenzen.de\/wp-content\/uploads\/2020\/06\/Die-Seelenlosen_-Die-Stadt-der-Tanja-Meurer.pdf\" target=\"_blank\" rel=\"noopener noreferrer\">Die Seelenlosen &#8211; PDF<\/a><\/strong><br \/>\n<strong><a href=\"http:\/\/vee-jas.de\/Die%20Seelenlosen_%20Die%20Stadt%20der%20-%20Tanja%20Meurer.epub\" target=\"_blank\" rel=\"noopener noreferrer\">Die Seelenlosen &#8211; ePub<br \/>\n<\/a><a href=\"http:\/\/vee-jas.de\/Die%20Seelenlosen_%20Die%20Stadt%20der%20-%20Tanja%20Meurer.mobi\" target=\"_blank\" rel=\"noopener noreferrer\">Die Seelenlosen &#8211; Mobi<\/a><\/strong><\/p>\n","protected":false},"excerpt":{"rendered":"<p>Seit gestern ist es endlich so weit, der zweite Band der Stadt der Maschinenmagie ist erschienen. Das erste Buch kam bereits im M\u00e4rz 2016 heraus; damals noch bei Incubus. 2017 hat sich der Dead Soft Verlag der Reihe angenommen und nach sehr vielen Schwierigkeiten ist es endlich so weit, der Nachfolger zu Die Seelenlosen ist&#8230;<\/p>\n","protected":false},"author":1,"featured_media":1451,"comment_status":"open","ping_status":"open","sticky":false,"template":"","format":"standard","meta":{"_jetpack_memberships_contains_paid_content":false,"footnotes":""},"categories":[421,52,483,57,28],"tags":[176,250,329,369,370],"class_list":["post-1594","post","type-post","status-publish","format-standard","has-post-thumbnail","hentry","category-blog","category-bucher-anthologiebeitrage-nights-end","category-die-koerperlosen","category-die-seelenlosen","category-die-stadt-der-maschinenmagie-nights-end","tag-gay","tag-krimi","tag-queer","tag-steamfantasy","tag-steampunk"],"jetpack_sharing_enabled":true,"jetpack_featured_media_url":"https:\/\/www.schattengrenzen.de\/wp-content\/uploads\/2020\/03\/Die-K\u00f6rperlosen_kl.jpg","_links":{"self":[{"href":"https:\/\/www.schattengrenzen.de\/index.php?rest_route=\/wp\/v2\/posts\/1594","targetHints":{"allow":["GET"]}}],"collection":[{"href":"https:\/\/www.schattengrenzen.de\/index.php?rest_route=\/wp\/v2\/posts"}],"about":[{"href":"https:\/\/www.schattengrenzen.de\/index.php?rest_route=\/wp\/v2\/types\/post"}],"author":[{"embeddable":true,"href":"https:\/\/www.schattengrenzen.de\/index.php?rest_route=\/wp\/v2\/users\/1"}],"replies":[{"embeddable":true,"href":"https:\/\/www.schattengrenzen.de\/index.php?rest_route=%2Fwp%2Fv2%2Fcomments&post=1594"}],"version-history":[{"count":3,"href":"https:\/\/www.schattengrenzen.de\/index.php?rest_route=\/wp\/v2\/posts\/1594\/revisions"}],"predecessor-version":[{"id":1597,"href":"https:\/\/www.schattengrenzen.de\/index.php?rest_route=\/wp\/v2\/posts\/1594\/revisions\/1597"}],"wp:featuredmedia":[{"embeddable":true,"href":"https:\/\/www.schattengrenzen.de\/index.php?rest_route=\/wp\/v2\/media\/1451"}],"wp:attachment":[{"href":"https:\/\/www.schattengrenzen.de\/index.php?rest_route=%2Fwp%2Fv2%2Fmedia&parent=1594"}],"wp:term":[{"taxonomy":"category","embeddable":true,"href":"https:\/\/www.schattengrenzen.de\/index.php?rest_route=%2Fwp%2Fv2%2Fcategories&post=1594"},{"taxonomy":"post_tag","embeddable":true,"href":"https:\/\/www.schattengrenzen.de\/index.php?rest_route=%2Fwp%2Fv2%2Ftags&post=1594"}],"curies":[{"name":"wp","href":"https:\/\/api.w.org\/{rel}","templated":true}]}}