{"id":1394,"date":"2018-08-05T15:03:54","date_gmt":"2018-08-05T15:03:54","guid":{"rendered":"https:\/\/www.schattengrenzen.de\/?p=1394"},"modified":"2018-08-05T15:06:08","modified_gmt":"2018-08-05T15:06:08","slug":"der-rebell-leserunde-auf-facebook","status":"publish","type":"post","link":"https:\/\/www.schattengrenzen.de\/?p=1394","title":{"rendered":"Der Rebell: Leserunde auf Facebook"},"content":{"rendered":"<p>Hallo ihr Lieben,<\/p>\n<p>ja, ich lasse auch mal wieder was von mir h\u00f6ren \ud83d\ude09<\/p>\n<p>Bis zum 10.08. k\u00f6nnt ihr euch zur Leserunde auf Facebook noch anmelden, wenn ihr <strong><a href=\"https:\/\/www.facebook.com\/photo.php?fbid=10204856103280581&amp;set=a.1011240819495.1693.1779259902&amp;type=3&amp;theater\" target=\"_blank\" rel=\"noopener\">dem Link<\/a><\/strong> folgt und euch mit einem Kommentar verewigt \ud83d\ude42 Pl\u00e4tze sind noch drei.<\/p>\n<p>Worum es geht:<br \/>\nDer 16-j\u00e4hrige Oliver und seine j\u00fcngeren Br\u00fcder Christian und Michael \u00fcberleben nur knapp ein Massaker. Ihr Vater ermordet nicht nur ihre Mutter, sondern auch zwei weitere Geschwister. Das Motiv scheint auf der Hand zu liegen: Untreue. Aber Oliver will daran nicht glauben, insbesondere, als auf Christian ein weiterer Anschlag ver\u00fcbt wird. Unter Verdacht steht ihr Gro\u00dfvater, der einzige angebliche Verwandte, der ihre Vormundschaft \u00fcbernehmen soll. In seinem Haus werden mehrere Tote gefunden, doch die Leichen liegen bereits seit 70 Jahren dort. Die F\u00e4lle scheinen nichts miteinander zu tun zu haben, allerdings will Oliver nicht an Zuf\u00e4lle glauben. Gemeinsam mit dem unerfahrenen Kommissar Daniel Kuhn und dem \u00fcberreizten Matthias Habicht versucht er Parallelen in den F\u00e4llen zu finden. Doch schon bald wird klar, dass sie trotz Polizeischutzes nicht sicher sind, denn ihre Gegner scheinen nicht unter den Lebenden zu weilen \u2026<\/p>\n<p>Hier findet ihr die <a href=\"https:\/\/www.dropbox.com\/s\/wo0fbq8qjhexanj\/Leseprobe%20Der%20Rebell.pdf?dl=0\" target=\"_blank\" rel=\"noopener\"><strong>Leseprobe<\/strong> <\/a>zum Rebell \ud83d\ude42<\/p>\n<figure id=\"attachment_1395\" aria-describedby=\"caption-attachment-1395\" style=\"width: 300px\" class=\"wp-caption aligncenter\"><img loading=\"lazy\" decoding=\"async\" class=\"size-medium wp-image-1395\" src=\"https:\/\/www.schattengrenzen.de\/wp-content\/uploads\/2018\/08\/Leserunde-300x214.jpg\" alt=\"Leserunde Facebook\" width=\"300\" height=\"214\" srcset=\"https:\/\/www.schattengrenzen.de\/wp-content\/uploads\/2018\/08\/Leserunde-300x214.jpg 300w, https:\/\/www.schattengrenzen.de\/wp-content\/uploads\/2018\/08\/Leserunde-600x428.jpg 600w, https:\/\/www.schattengrenzen.de\/wp-content\/uploads\/2018\/08\/Leserunde-768x548.jpg 768w, https:\/\/www.schattengrenzen.de\/wp-content\/uploads\/2018\/08\/Leserunde-1024x731.jpg 1024w, https:\/\/www.schattengrenzen.de\/wp-content\/uploads\/2018\/08\/Leserunde.jpg 1920w\" sizes=\"auto, (max-width: 300px) 100vw, 300px\" \/><figcaption id=\"caption-attachment-1395\" class=\"wp-caption-text\">Leserunde Facebook<\/figcaption><\/figure>\n<p>Als keiner Bonus nochein Zitat aus dem Kapitel &#8220;Camilla&#8221;:<\/p>\n<p>\u201eWas f\u00fcr ein sch\u00f6nes Haus\u201c, murmelte Oliver. Das war nicht ganz, was ihm durch den Kopf ging, aber es z\u00e4hlte zu den unverf\u00e4nglicheren Dingen.<br \/>\n\u201eSchon richtig, aber es ist nur eine zeitweilige L\u00f6sung.\u201c Die Worte klangen ern\u00fcchternd. Oliver versuchte, die aufkeimende Sehnsucht zur\u00fcckzudr\u00e4ngen. M\u00fchsam sammelte er sich und nickte. \u201eIst mir schon klar.\u201c Er wandte sich Daniel zu. \u201eBleibst du eigentlich hier?\u201c Nun war die Frage raus. Nerv\u00f6s betrachtete er ihn.<br \/>\n\u201eDu kannst wohl gar nicht mehr ohne mich, wie?\u201c Daniel l\u00e4chelte. Dieses Mal reichte es nicht bis zu seinen Augen. Ein stiller, schmerzvoller Ausdruck lag stattdessen in seiner Mimik. Was bedr\u00fcckte ihn? Seit er das Haus betreten hatte, wankten seine Gef\u00fchle un\u00fcbersehbar. Vielleicht konnte er ihn aufmuntern, indem er auf seine Worte einstieg.<br \/>\n\u201eKlar, ich will den Rest meines Lebens mit dir verbringen \u2026\u201c Das klang weder sp\u00f6ttisch noch scherzhaft, sondern nur bescheuert. Er war verliebt in Daniel.<br \/>\nNat\u00fcrlich wollte er bei ihm sein. Er wollte dieses treue, liebe Gesicht weiterhin<br \/>\nso oft wie m\u00f6glich sehen, Daniels Lachen h\u00f6ren und sicher sein, ihn nicht zu verlieren.<br \/>\nSeine Worte hatten getroffen. Daniels Lider zuckten. Ein melancholischer Ausdruck schlich sich in seine Miene. Um das zu \u00fcberspielen, verengte er die Augen. Trotzdem zuckte auch sein Mundwinkel.<br \/>\nWas hatte er nur angerichtet? Unsicherheit war nie ein guter Berater. Automatisch senkte Oliver den Blick und wagte nicht aufzusehen.<br \/>\n\u201eDas war Schei\u00dfe\u201c, murmelte er betroffen. Eine Reaktion blieb aus. Er lie\u00df sich auf dem Fensterbrett nieder und klammerte sich an dem lackierten Holz fest. K\u00e4lte zog in seinen R\u00fccken. \u201eIch will, dass du in meiner N\u00e4he bist. Du bist einer der wenigen Freunde, die mir geblieben sind, und der Einzige, dem ich blind vertraue.\u201c<br \/>\nDas war so ziemlich das umst\u00e4ndlichste Eingest\u00e4ndnis, was es gab. Offensichtlicher ging es kaum, wahrscheinlich lachte sich Daniel gleich schlapp, frei nach dem Motto: <em>Geiler Einsatz, danke, aber ich bin nicht schwul.<\/em><br \/>\nAber er schwieg.<br \/>\nVorsichtig hob Oliver den Kopf.<br \/>\nDaniels H\u00e4nde zitterten. \u201eH\u00f6r auf, dich um Kopf und Kragen zu reden.\u201c<br \/>\n\u201eTrotzdem \u2026\u201c<br \/>\n\u201eAlles okay, Olli.\u201c Daniel fiel ihm ins Wort. In seiner Stimme lag W\u00e4rme. Er dr\u00fcckte seine Schulter, massierte ihn sacht und grinste. \u201eDer Fall Hoffmann ist mein Fall, und ich gebe ihn nicht aus der Hand.\u201c Er schob seine H\u00e4nde in die Hosentaschen. \u201eUnd wenn ich die Akte schlie\u00dfe, verspreche ich dir, dass ich dir weiterhin erhalten bleibe.\u201c<\/p>\n","protected":false},"excerpt":{"rendered":"<p>Hallo ihr Lieben, ja, ich lasse auch mal wieder was von mir h\u00f6ren \ud83d\ude09 Bis zum 10.08. k\u00f6nnt ihr euch zur Leserunde auf Facebook noch anmelden, wenn ihr dem Link folgt und euch mit einem Kommentar verewigt \ud83d\ude42 Pl\u00e4tze sind noch drei. Worum es geht: Der 16-j\u00e4hrige Oliver und seine j\u00fcngeren Br\u00fcder Christian und Michael&#8230;<\/p>\n","protected":false},"author":1,"featured_media":0,"comment_status":"open","ping_status":"open","sticky":false,"template":"","format":"standard","meta":{"_jetpack_memberships_contains_paid_content":false,"footnotes":""},"categories":[421],"tags":[176,179,183,250,266,270,300,329,407],"class_list":["post-1394","post","type-post","status-publish","format-standard","hentry","category-blog","tag-gay","tag-gay-romance","tag-geister","tag-krimi","tag-leserunde","tag-liebe","tag-mystery-thriller","tag-queer","tag-wiesbaden"],"jetpack_sharing_enabled":true,"jetpack_featured_media_url":"","_links":{"self":[{"href":"https:\/\/www.schattengrenzen.de\/index.php?rest_route=\/wp\/v2\/posts\/1394","targetHints":{"allow":["GET"]}}],"collection":[{"href":"https:\/\/www.schattengrenzen.de\/index.php?rest_route=\/wp\/v2\/posts"}],"about":[{"href":"https:\/\/www.schattengrenzen.de\/index.php?rest_route=\/wp\/v2\/types\/post"}],"author":[{"embeddable":true,"href":"https:\/\/www.schattengrenzen.de\/index.php?rest_route=\/wp\/v2\/users\/1"}],"replies":[{"embeddable":true,"href":"https:\/\/www.schattengrenzen.de\/index.php?rest_route=%2Fwp%2Fv2%2Fcomments&post=1394"}],"version-history":[{"count":1,"href":"https:\/\/www.schattengrenzen.de\/index.php?rest_route=\/wp\/v2\/posts\/1394\/revisions"}],"predecessor-version":[{"id":1396,"href":"https:\/\/www.schattengrenzen.de\/index.php?rest_route=\/wp\/v2\/posts\/1394\/revisions\/1396"}],"wp:attachment":[{"href":"https:\/\/www.schattengrenzen.de\/index.php?rest_route=%2Fwp%2Fv2%2Fmedia&parent=1394"}],"wp:term":[{"taxonomy":"category","embeddable":true,"href":"https:\/\/www.schattengrenzen.de\/index.php?rest_route=%2Fwp%2Fv2%2Fcategories&post=1394"},{"taxonomy":"post_tag","embeddable":true,"href":"https:\/\/www.schattengrenzen.de\/index.php?rest_route=%2Fwp%2Fv2%2Ftags&post=1394"}],"curies":[{"name":"wp","href":"https:\/\/api.w.org\/{rel}","templated":true}]}}