{"id":1376,"date":"2018-06-17T12:28:55","date_gmt":"2018-06-17T12:28:55","guid":{"rendered":"https:\/\/www.schattengrenzen.de\/?p=1376"},"modified":"2018-06-17T12:29:10","modified_gmt":"2018-06-17T12:29:10","slug":"neuerscheinung-der-rebell-schattengrenzen-ii","status":"publish","type":"post","link":"https:\/\/www.schattengrenzen.de\/?p=1376","title":{"rendered":"Neuerscheinung: Der Rebell &#8211; Schattengrenzen II"},"content":{"rendered":"<p>Seit einigen Tagen gibt es den Rebell wieder in, in neuem Gewand und stark \u00fcberarbeitet, mit neuen Szenen und verbessert. Jeder, der das Original kannte, d\u00fcrfte einige \u00c4nderungen mitbekommen.<br \/>\nF\u00fcr jeden, der das Buch noch nicht kennt, hier der Klappentext:<\/p>\n<figure id=\"attachment_1377\" aria-describedby=\"caption-attachment-1377\" style=\"width: 209px\" class=\"wp-caption alignleft\"><img loading=\"lazy\" decoding=\"async\" class=\"size-medium wp-image-1377\" src=\"https:\/\/www.schattengrenzen.de\/wp-content\/uploads\/2018\/06\/Cover-Der-Rebell-209x300.jpg\" alt=\"\" width=\"209\" height=\"300\" srcset=\"https:\/\/www.schattengrenzen.de\/wp-content\/uploads\/2018\/06\/Cover-Der-Rebell-209x300.jpg 209w, https:\/\/www.schattengrenzen.de\/wp-content\/uploads\/2018\/06\/Cover-Der-Rebell-600x860.jpg 600w, https:\/\/www.schattengrenzen.de\/wp-content\/uploads\/2018\/06\/Cover-Der-Rebell-768x1100.jpg 768w, https:\/\/www.schattengrenzen.de\/wp-content\/uploads\/2018\/06\/Cover-Der-Rebell-715x1024.jpg 715w, https:\/\/www.schattengrenzen.de\/wp-content\/uploads\/2018\/06\/Cover-Der-Rebell-scaled.jpg 1787w\" sizes=\"auto, (max-width: 209px) 100vw, 209px\" \/><figcaption id=\"caption-attachment-1377\" class=\"wp-caption-text\">Der Rebell<br \/>LESEPROBE<\/figcaption><\/figure>\n<p>Der 16-j\u00e4hrige Oliver und seine j\u00fcngeren Br\u00fcder Christian und Michael \u00fcberleben nur knapp ein Massaker. Ihr Vater ermordet nicht nur ihre Mutter, sondern auch zwei weitere Geschwister. Das Motiv scheint auf der Hand zu liegen: Untreue. Aber Oliver will daran nicht glauben, insbesondere, als auf Christian ein weiterer Anschlag ver\u00fcbt wird. Unter Verdacht steht ihr Gro\u00dfvater, der einzige angebliche Verwandte, der ihre Vormundschaft \u00fcbernehmen soll. In seinem Haus werden mehrere Tote gefunden, doch die Leichen liegen bereits seit 70 Jahren dort. Die F\u00e4lle scheinen nichts miteinander zu tun zu haben, allerdings will Oliver nicht an Zuf\u00e4lle glauben. Gemeinsam mit dem unerfahrenen Kommissar Daniel Kuhn und dem \u00fcberreizten Matthias Habicht versucht er Parallelen in den F\u00e4llen zu finden. Doch schon bald wird klar, dass sie trotz Polizeischutzes nicht sicher sind, denn ihre Gegner scheinen nicht unter den Lebenden zu weilen \u2026<\/p>\n<p>Mehr \u00fcber Oliver, die Mordnacht, seine Geschwister und vor allem Daniel, k\u00f6nnt ihr in der 94-seitigen <a href=\"https:\/\/www.dropbox.com\/s\/wo0fbq8qjhexanj\/Leseprobe%20Der%20Rebell.pdf?dl=0\" target=\"_blank\" rel=\"noopener\"><strong>Leseprobe<\/strong><\/a> nachlesen \ud83d\ude42<br \/>\nJeder, der mehr erfahren, in die Tiefen der Geheimnisse eintauchen und die Zusammenh\u00e4nge erfahren m\u00f6chte, kann sich das eBook kaufen, oder ab dem 18.06.2018 den Print.<br \/>\nWer noch ein paar Tage mehr Zeit hat, bekommt bei mir auf Wunsch das Buch mit Illustration und Widmung.<\/p>\n<div id='gallery-1' class='gallery galleryid-1376 gallery-columns-3 gallery-size-thumbnail'><figure class='gallery-item'>\n\t\t\t<div class='gallery-icon landscape'>\n\t\t\t\t<a href='https:\/\/www.schattengrenzen.de\/?attachment_id=1379'><img loading=\"lazy\" decoding=\"async\" width=\"150\" height=\"150\" src=\"https:\/\/www.schattengrenzen.de\/wp-content\/uploads\/2018\/06\/Olli_zugeschnitten-150x150.jpg\" class=\"attachment-thumbnail size-thumbnail\" alt=\"\" aria-describedby=\"gallery-1-1379\" srcset=\"https:\/\/www.schattengrenzen.de\/wp-content\/uploads\/2018\/06\/Olli_zugeschnitten-150x150.jpg 150w, https:\/\/www.schattengrenzen.de\/wp-content\/uploads\/2018\/06\/Olli_zugeschnitten-300x300.jpg 300w, https:\/\/www.schattengrenzen.de\/wp-content\/uploads\/2018\/06\/Olli_zugeschnitten-100x100.jpg 100w\" sizes=\"auto, (max-width: 150px) 100vw, 150px\" \/><\/a>\n\t\t\t<\/div>\n\t\t\t\t<figcaption class='wp-caption-text gallery-caption' id='gallery-1-1379'>\n\t\t\t\tOliver\n\t\t\t\t<\/figcaption><\/figure><figure class='gallery-item'>\n\t\t\t<div class='gallery-icon portrait'>\n\t\t\t\t<a href='https:\/\/www.schattengrenzen.de\/?attachment_id=103'><img loading=\"lazy\" decoding=\"async\" width=\"150\" height=\"150\" src=\"https:\/\/www.schattengrenzen.de\/wp-content\/uploads\/2013\/03\/daniel-150x150.jpg\" class=\"attachment-thumbnail size-thumbnail\" alt=\"\" srcset=\"https:\/\/www.schattengrenzen.de\/wp-content\/uploads\/2013\/03\/daniel-150x150.jpg 150w, https:\/\/www.schattengrenzen.de\/wp-content\/uploads\/2013\/03\/daniel-300x300.jpg 300w, https:\/\/www.schattengrenzen.de\/wp-content\/uploads\/2013\/03\/daniel-75x75.jpg 75w\" sizes=\"auto, (max-width: 150px) 100vw, 150px\" \/><\/a>\n\t\t\t<\/div><\/figure><figure class='gallery-item'>\n\t\t\t<div class='gallery-icon portrait'>\n\t\t\t\t<a href='https:\/\/www.schattengrenzen.de\/?attachment_id=117'><img loading=\"lazy\" decoding=\"async\" width=\"150\" height=\"150\" src=\"https:\/\/www.schattengrenzen.de\/wp-content\/uploads\/2013\/03\/oliver-3-150x150.jpg\" class=\"attachment-thumbnail size-thumbnail\" alt=\"\" srcset=\"https:\/\/www.schattengrenzen.de\/wp-content\/uploads\/2013\/03\/oliver-3-150x150.jpg 150w, https:\/\/www.schattengrenzen.de\/wp-content\/uploads\/2013\/03\/oliver-3-300x300.jpg 300w, https:\/\/www.schattengrenzen.de\/wp-content\/uploads\/2013\/03\/oliver-3-75x75.jpg 75w\" sizes=\"auto, (max-width: 150px) 100vw, 150px\" \/><\/a>\n\t\t\t<\/div><\/figure><figure class='gallery-item'>\n\t\t\t<div class='gallery-icon portrait'>\n\t\t\t\t<a href='https:\/\/www.schattengrenzen.de\/?attachment_id=118'><img loading=\"lazy\" decoding=\"async\" width=\"150\" height=\"150\" src=\"https:\/\/www.schattengrenzen.de\/wp-content\/uploads\/2013\/03\/oliver_skizze-150x150.jpg\" class=\"attachment-thumbnail size-thumbnail\" alt=\"\" srcset=\"https:\/\/www.schattengrenzen.de\/wp-content\/uploads\/2013\/03\/oliver_skizze-150x150.jpg 150w, https:\/\/www.schattengrenzen.de\/wp-content\/uploads\/2013\/03\/oliver_skizze-300x300.jpg 300w, https:\/\/www.schattengrenzen.de\/wp-content\/uploads\/2013\/03\/oliver_skizze-75x75.jpg 75w\" sizes=\"auto, (max-width: 150px) 100vw, 150px\" \/><\/a>\n\t\t\t<\/div><\/figure><figure class='gallery-item'>\n\t\t\t<div class='gallery-icon portrait'>\n\t\t\t\t<a href='https:\/\/www.schattengrenzen.de\/?attachment_id=347'><img loading=\"lazy\" decoding=\"async\" width=\"150\" height=\"150\" src=\"https:\/\/www.schattengrenzen.de\/wp-content\/uploads\/2013\/09\/olli-150x150.jpeg\" class=\"attachment-thumbnail size-thumbnail\" alt=\"Oliver Hoffmann\" aria-describedby=\"gallery-1-347\" srcset=\"https:\/\/www.schattengrenzen.de\/wp-content\/uploads\/2013\/09\/olli-150x150.jpeg 150w, https:\/\/www.schattengrenzen.de\/wp-content\/uploads\/2013\/09\/olli-300x300.jpeg 300w, https:\/\/www.schattengrenzen.de\/wp-content\/uploads\/2013\/09\/olli-75x75.jpeg 75w\" sizes=\"auto, (max-width: 150px) 100vw, 150px\" \/><\/a>\n\t\t\t<\/div>\n\t\t\t\t<figcaption class='wp-caption-text gallery-caption' id='gallery-1-347'>\n\t\t\t\tOliver Hoffmann\n\t\t\t\t<\/figcaption><\/figure><figure class='gallery-item'>\n\t\t\t<div class='gallery-icon portrait'>\n\t\t\t\t<a href='https:\/\/www.schattengrenzen.de\/?attachment_id=382'><img loading=\"lazy\" decoding=\"async\" width=\"150\" height=\"150\" src=\"https:\/\/www.schattengrenzen.de\/wp-content\/uploads\/2013\/10\/daniel-1-150x150.jpeg\" class=\"attachment-thumbnail size-thumbnail\" alt=\"Daniel Kuhn\" aria-describedby=\"gallery-1-382\" srcset=\"https:\/\/www.schattengrenzen.de\/wp-content\/uploads\/2013\/10\/daniel-1-150x150.jpeg 150w, https:\/\/www.schattengrenzen.de\/wp-content\/uploads\/2013\/10\/daniel-1-300x300.jpeg 300w, https:\/\/www.schattengrenzen.de\/wp-content\/uploads\/2013\/10\/daniel-1-75x75.jpeg 75w\" sizes=\"auto, (max-width: 150px) 100vw, 150px\" \/><\/a>\n\t\t\t<\/div>\n\t\t\t\t<figcaption class='wp-caption-text gallery-caption' id='gallery-1-382'>\n\t\t\t\tDaniel Kuhn\n\t\t\t\t<\/figcaption><\/figure><figure class='gallery-item'>\n\t\t\t<div class='gallery-icon portrait'>\n\t\t\t\t<a href='https:\/\/www.schattengrenzen.de\/?attachment_id=379'><img loading=\"lazy\" decoding=\"async\" width=\"150\" height=\"150\" src=\"https:\/\/www.schattengrenzen.de\/wp-content\/uploads\/2013\/10\/camilla-150x150.jpg\" class=\"attachment-thumbnail size-thumbnail\" alt=\"Camilla Hofmann\" aria-describedby=\"gallery-1-379\" srcset=\"https:\/\/www.schattengrenzen.de\/wp-content\/uploads\/2013\/10\/camilla-150x150.jpg 150w, https:\/\/www.schattengrenzen.de\/wp-content\/uploads\/2013\/10\/camilla-300x300.jpg 300w, https:\/\/www.schattengrenzen.de\/wp-content\/uploads\/2013\/10\/camilla-75x75.jpg 75w\" sizes=\"auto, (max-width: 150px) 100vw, 150px\" \/><\/a>\n\t\t\t<\/div>\n\t\t\t\t<figcaption class='wp-caption-text gallery-caption' id='gallery-1-379'>\n\t\t\t\tCamilla Hofmann\n\t\t\t\t<\/figcaption><\/figure><figure class='gallery-item'>\n\t\t\t<div class='gallery-icon portrait'>\n\t\t\t\t<a href='https:\/\/www.schattengrenzen.de\/?attachment_id=378'><img loading=\"lazy\" decoding=\"async\" width=\"150\" height=\"150\" src=\"https:\/\/www.schattengrenzen.de\/wp-content\/uploads\/2013\/10\/matthias-1-150x150.jpg\" class=\"attachment-thumbnail size-thumbnail\" alt=\"Matthias Habicht\" aria-describedby=\"gallery-1-378\" srcset=\"https:\/\/www.schattengrenzen.de\/wp-content\/uploads\/2013\/10\/matthias-1-150x150.jpg 150w, https:\/\/www.schattengrenzen.de\/wp-content\/uploads\/2013\/10\/matthias-1-300x300.jpg 300w, https:\/\/www.schattengrenzen.de\/wp-content\/uploads\/2013\/10\/matthias-1-75x75.jpg 75w\" sizes=\"auto, (max-width: 150px) 100vw, 150px\" \/><\/a>\n\t\t\t<\/div>\n\t\t\t\t<figcaption class='wp-caption-text gallery-caption' id='gallery-1-378'>\n\t\t\t\tMatthias Habicht\n\t\t\t\t<\/figcaption><\/figure><figure class='gallery-item'>\n\t\t\t<div class='gallery-icon portrait'>\n\t\t\t\t<a href='https:\/\/www.schattengrenzen.de\/?attachment_id=373'><img loading=\"lazy\" decoding=\"async\" width=\"150\" height=\"150\" src=\"https:\/\/www.schattengrenzen.de\/wp-content\/uploads\/2013\/10\/christoph-150x150.jpg\" class=\"attachment-thumbnail size-thumbnail\" alt=\"Christoph Kowalski\" aria-describedby=\"gallery-1-373\" srcset=\"https:\/\/www.schattengrenzen.de\/wp-content\/uploads\/2013\/10\/christoph-150x150.jpg 150w, https:\/\/www.schattengrenzen.de\/wp-content\/uploads\/2013\/10\/christoph-300x300.jpg 300w, https:\/\/www.schattengrenzen.de\/wp-content\/uploads\/2013\/10\/christoph-75x75.jpg 75w\" sizes=\"auto, (max-width: 150px) 100vw, 150px\" \/><\/a>\n\t\t\t<\/div>\n\t\t\t\t<figcaption class='wp-caption-text gallery-caption' id='gallery-1-373'>\n\t\t\t\tChristoph Kowalski\n\t\t\t\t<\/figcaption><\/figure><figure class='gallery-item'>\n\t\t\t<div class='gallery-icon landscape'>\n\t\t\t\t<a href='https:\/\/www.schattengrenzen.de\/?attachment_id=120'><img loading=\"lazy\" decoding=\"async\" width=\"150\" height=\"150\" src=\"https:\/\/www.schattengrenzen.de\/wp-content\/uploads\/2013\/03\/olli-und-jamal1-150x150.jpg\" class=\"attachment-thumbnail size-thumbnail\" alt=\"\" srcset=\"https:\/\/www.schattengrenzen.de\/wp-content\/uploads\/2013\/03\/olli-und-jamal1-150x150.jpg 150w, https:\/\/www.schattengrenzen.de\/wp-content\/uploads\/2013\/03\/olli-und-jamal1-300x300.jpg 300w, https:\/\/www.schattengrenzen.de\/wp-content\/uploads\/2013\/03\/olli-und-jamal1-75x75.jpg 75w\" sizes=\"auto, (max-width: 150px) 100vw, 150px\" \/><\/a>\n\t\t\t<\/div><\/figure>\n\t\t<\/div>\n\n","protected":false},"excerpt":{"rendered":"<p>Der 16-j\u00e4hrige Oliver und seine j\u00fcngeren Br\u00fcder Christian und Michael \u00fcberleben nur knapp ein Massaker. Ihr Vater ermordet nicht nur ihre Mutter, sondern auch zwei weitere Geschwister. Das Motiv scheint auf der Hand zu liegen: Untreue. Aber Oliver will daran nicht glauben, insbesondere, als auf Christian ein weiterer Anschlag ver\u00fcbt wird. Unter Verdacht steht ihr Gro\u00dfvater, der einzige angebliche Verwandte, der ihre Vormundschaft \u00fcbernehmen soll. In seinem Haus werden mehrere Tote gefunden, doch die Leichen liegen bereits seit 70 Jahren dort. Die F\u00e4lle scheinen nichts miteinander zu tun zu haben, allerdings will Oliver nicht an Zuf\u00e4lle glauben. Gemeinsam mit dem unerfahrenen Kommissar Daniel Kuhn und dem \u00fcberreizten Matthias Habicht versucht er Parallelen in den F\u00e4llen zu finden. Doch schon bald wird klar, dass sie trotz Polizeischutzes nicht sicher sind, denn ihre Gegner scheinen nicht unter den Lebenden zu weilen \u2026<\/p>\n","protected":false},"author":1,"featured_media":0,"comment_status":"open","ping_status":"open","sticky":false,"template":"","format":"standard","meta":{"_jetpack_memberships_contains_paid_content":false,"footnotes":""},"categories":[421],"tags":[422,423,177,183,270,299,300,424,384,389],"class_list":["post-1376","post","type-post","status-publish","format-standard","hentry","category-blog","tag-angst","tag-einsamkeit","tag-gay-crime","tag-geister","tag-liebe","tag-mystery","tag-mystery-thriller","tag-sicherheit","tag-trauer","tag-unheimlich"],"jetpack_sharing_enabled":true,"jetpack_featured_media_url":"","_links":{"self":[{"href":"https:\/\/www.schattengrenzen.de\/index.php?rest_route=\/wp\/v2\/posts\/1376","targetHints":{"allow":["GET"]}}],"collection":[{"href":"https:\/\/www.schattengrenzen.de\/index.php?rest_route=\/wp\/v2\/posts"}],"about":[{"href":"https:\/\/www.schattengrenzen.de\/index.php?rest_route=\/wp\/v2\/types\/post"}],"author":[{"embeddable":true,"href":"https:\/\/www.schattengrenzen.de\/index.php?rest_route=\/wp\/v2\/users\/1"}],"replies":[{"embeddable":true,"href":"https:\/\/www.schattengrenzen.de\/index.php?rest_route=%2Fwp%2Fv2%2Fcomments&post=1376"}],"version-history":[{"count":1,"href":"https:\/\/www.schattengrenzen.de\/index.php?rest_route=\/wp\/v2\/posts\/1376\/revisions"}],"predecessor-version":[{"id":1380,"href":"https:\/\/www.schattengrenzen.de\/index.php?rest_route=\/wp\/v2\/posts\/1376\/revisions\/1380"}],"wp:attachment":[{"href":"https:\/\/www.schattengrenzen.de\/index.php?rest_route=%2Fwp%2Fv2%2Fmedia&parent=1376"}],"wp:term":[{"taxonomy":"category","embeddable":true,"href":"https:\/\/www.schattengrenzen.de\/index.php?rest_route=%2Fwp%2Fv2%2Fcategories&post=1376"},{"taxonomy":"post_tag","embeddable":true,"href":"https:\/\/www.schattengrenzen.de\/index.php?rest_route=%2Fwp%2Fv2%2Ftags&post=1376"}],"curies":[{"name":"wp","href":"https:\/\/api.w.org\/{rel}","templated":true}]}}