{"id":1372,"date":"2018-04-19T18:56:53","date_gmt":"2018-04-19T18:56:53","guid":{"rendered":"https:\/\/www.schattengrenzen.de\/?p=1372"},"modified":"2018-04-19T18:56:53","modified_gmt":"2018-04-19T18:56:53","slug":"queer-gelesen-mainz","status":"publish","type":"post","link":"https:\/\/www.schattengrenzen.de\/?p=1372","title":{"rendered":"QUEER gelesen &#8211; Mainz"},"content":{"rendered":"<p>Alle Jahre wieder &#8230; \ud83d\ude42<br \/>\nUnd auch dieses Jahr findet <a href=\"http:\/\/www.queer-gelesen.de\/\" target=\"_blank\" rel=\"noopener\"><strong>QUEER gelesen<\/strong><\/a> wieder in der <strong><a href=\"http:\/\/www.sichtbar-mainz.de\/\" target=\"_blank\" rel=\"noopener\">Bar jeder Sicht<\/a><\/strong> in Mainz statt. Die Location k\u00f6nnte besser nicht passen, denn es ist das Kultur- und Kommunikationszentrum f\u00fcr Lesben, Schwule, Bisexuelle, Trans* und Intersexuelle. Morgen, also am 20.04. geht das Programm, was bereits eine Woche zuvor mit <strong>Oliver Sechting<\/strong>, der seine Biographie &#8220;<a href=\"https:\/\/www.amazon.de\/Zahlendieb-Leben-Zwangsst%C3%B6rungen-BALANCE-Erfahrungen\/dp\/3867391254\" target=\"_blank\" rel=\"noopener\"><strong>Der Zahlendieb<\/strong><\/a>&#8221; zusammen mit seiner Dokumentation &#8220;<strong><a href=\"https:\/\/www.amazon.de\/Wie-ich-lernte-Zahlen-lieben\/dp\/B00P736ZYA\" target=\"_blank\" rel=\"noopener\">Wie ich lernte die Zahlen zu lieben<\/a><\/strong>&#8220;, er\u00f6ffnet hatte, weiter.<br \/>\nAm Freitag lesen <strong><a href=\"https:\/\/www.wagnerantje.de\/\" target=\"_blank\" rel=\"noopener\">Antje Wagner<\/a><\/strong> und <strong><a href=\"https:\/\/www.taniawitte.de\/\" target=\"_blank\" rel=\"noopener\">Tania Witte<\/a><\/strong> aus ihrer Anthologie &#8220;Uniorns don&#8217;t swim&#8221; und &#8220;bestenfalls alles&#8221;. Von Antje kenne ich &#8220;Unland&#8221;. Ihre Schreibe ist wirklich gut. Ich muss sagen, sie kann dicht und lebendig schreiben, dass man den Eindruck hat, wieder ein Teenager zu sein und in der Haut der Protagonistin zu stecken.<br \/>\nAm Samstag starten die Lesungen mit <strong><a href=\"https:\/\/www.facebook.com\/laurakuhnautorin\/\" target=\"_blank\" rel=\"noopener\">Laura Kuhn<\/a><\/strong> und\u00a0 ihrem lesbischen Jugendbuch &#8220;We could be heroes&#8221;.\u00a0 Dann geht es mit meinem lesbischen Steampunk-Krimi &#8220;Mord ohne Leiche&#8221; weiter. Auf <strong><a href=\"https:\/\/eikebornemann.wordpress.com\/\" target=\"_blank\" rel=\"noopener\">Eike Bornemanns<\/a><\/strong> lebsischen Krimi &#8220;Im Schatzfieber&#8221; freue ich mich besonders. Nach einer Pause geht es mit dem schwulen Jugendbuch &#8220;Eis bricht langsam&#8221; von Dima von Seelenburg weiter. Seine Lesung ist um einen Tag voverlegt worden, denn der zweite Autor, auf den ich mich sehr gefreut habe, Kai Brodersen, f\u00e4llt leider wegen Krankheit aus. Ihr k\u00f6nnt euch gar nicht vorstellen, wie sehr ich das bedauere, denn ich kenne Kais B\u00fccher und liebe die Nobbe-Krimis. Im Anschluss an Dima lie\u00dft\u00a0<strong><a href=\"http:\/\/www.jobst-mahrenholz.de\/\" target=\"_blank\" rel=\"noopener\">Jobst Mahrenholz<\/a><\/strong> aus seinem schwulen Drama &#8220;Eine Ahnung von Pan&#8221;. Die Erz\u00e4hlungen von Jobst haben etwas besonderes. F\u00fcr mich liegt es daran, dass er einfach viel erlebt, viel gesehen hat und ein wunderbarer, ausgeglichener Mensch ist. Den kr\u00f6nenden Samstags-Abschluss macht <a href=\"https:\/\/www.tawegberg.de\/\" target=\"_blank\" rel=\"noopener\"><strong>T. A. Wegberg<\/strong><\/a> aus seinem Trans-Jugendroman &#8220;Meine Mutter, sein Exmann und ich&#8221;. Auch T. A. Wegbergs \/ Jordans B\u00fccher liebe ich seit seiner letzten Lesung.<br \/>\nDer Sonntag beginnt lecker &#8211; Futter!!! Nein, Autorenbrunch, woran gerne auch alle Interessierten teilnehmen k\u00f6nnen. Kostet halt ein paar Euronen \ud83d\ude09<br \/>\nDen Auftakt macht\u00a0<a href=\"http:\/\/www.maria-braig.de\/\" target=\"_blank\" rel=\"noopener\"><strong>Maria Braig<\/strong><\/a> mit ihrem Trans-Roman &#8220;Spanische D\u00f6rfer&#8221;. Das Buch wird sicher sehr interessant sein, denn es greift die Fl\u00fcchtlingsthematik auf. Weiter geht es mit einer\u00a0 von <a href=\"https:\/\/www.koriko.de\/\" target=\"_blank\" rel=\"noopener\"><strong>Jules<\/strong><\/a> Kurzgeschichten zu ihrer Urban Fanty-Reihe &#8220;Nachtschatten&#8221;. Auch wenn die Reihe Nachtschatten im Allgemeinen nicht schwul, lesbisch oder trans ist, so gibt es doch einige queere nebencharaktere. Und die beiden Damen, die die Handlung der KG bestimmen, sind ein Paar. Bis zur Pause lie\u00dft\u00a0<a href=\"http:\/\/www.moyasbuchgewimmel.de\" target=\"_blank\" rel=\"noopener\"><strong>Sameena Jehanzeb<\/strong><\/a> aus ihrem lesischen Fantasy &#8220;BR\u00cfN&#8221;. Nach der Pause geht es mit <a href=\"https:\/\/eleabrandt.com\/\" target=\"_blank\" rel=\"noopener\"><strong>Elea Brandts<\/strong><\/a> schwulem Fantasy &#8220;Unter einem Banner&#8221; weiter. Laut Jule gibt es bei dem Protagonisten ein paar Parallelen zu\u00a0 meinen &#8220;Seelenlosen&#8221; \ud83d\ude42 Nach Elea lie\u00dft <a href=\"https:\/\/chrisrolls.blogspot.de\/\" target=\"_blank\" rel=\"noopener\"><strong>Chris P. Rolls<\/strong><\/a> aus ihrer schwulen Shapeshifter-Reihe &#8220;Failed&#8221;. Den Abschluss des Festivals macht <a href=\"http:\/\/annette-juretzki.de\/\" target=\"_blank\" rel=\"noopener\"><strong>Annette Juretzki<\/strong><\/a> mit ihrem schwulen SciFi &#8220;Sternenbrand&#8221;. Darauf freue ich mich auch schon sehr. \u00c4hnlich wie auf Krimis und Horror fahre ich auch auf SciFis ab \ud83d\ude42<br \/>\nHier noch mal die \u00dcbersicht:<br \/>\n<strong><a href=\"http:\/\/www.queer-gelesen.de\/?page_id=18\" target=\"_blank\" rel=\"noopener\">Programm QUEER gelesen<\/a><\/strong><\/p>\n<p>Und von mir gibt es einen kleinen Auszug aus &#8220;Mord ohne Leiche&#8221;:<\/p>\n<p>Penny riss mit einem Schrei den Kopf herum und sch\u00fctzte ihr Gesicht zwischen den Armen. Dicht neben ihrer Wange spritzen nasser Sand und Steinchen aus der Mauer und besprenkelte ihre Haut. Ein schwaches Wimmern kam \u00fcber ihre Lippen. Sie schluckte Speichel. Im gleichen Augenblick sp\u00fcrte sie, wie er ihre H\u00e4nde herunterschlug. Der Stich in ihren Knochen bet\u00e4ubte sie f\u00fcr einen Moment. Etwas erinnerte sie an den h\u00f6llischen Schmerz, als ihr eine der Mangelwalzen die Knochen zerschmettert hatten.<br \/>\nEs tat unbeschreiblich weh, aber ihre Knochen schienen keinen Schaden genommen zu haben. Mit einem schwachen Wimmern wagte sie es, den Kopf zu drehen. Regen prasselte auf sie nieder und rann ihr in Mund und Nase. Angestrengt blinzelte sie in die Finsternis. Sie musste sehen, wem sie gegen\u00fcberstand. Aber es war zu dunkel, um mehr als seine vage Silhouette zu erkennen. Er war gro\u00df, breit und stark. Sicher ein Schl\u00e4ger. Bei dem Gedanken stockte ihr Atem. Konnte es sein, dass jemand verhindern wollte, dass sie etwas verriet?<br \/>\n\u201eLassen Sie mich gehen\u201c, fl\u00fcsterte sie. Oh Gott, es klang so j\u00e4mmerlich in ihren Ohren. Er w\u00fcrdigte ihre Worte mit keiner Antwort. Ihr Atem beschleunigte sich. Diese Stille war furchtbar.<br \/>\nWarum sagte er nichts? Weshalb stie\u00df er keine Drohungen aus, sondern wartete nur einfach ab? Er verhielt sich eigenartig. Trocken schluckte sie. Konnte damit aber ihre Angst nicht herunterw\u00fcrgen.<br \/>\n\u201eHat \u2026\u201c ihre Stimme brach. Sie musste erst Speichel sammeln, um weiterzusprechen. \u201eHat Fortesque Sie geschickt?\u201c<br \/>\nEr schwieg.<br \/>\n\u201eWas wollen Sie von mir?!\u201c, schrie sie. Hysterie \u00fcberschwemmte ihr Bewusstsein.<br \/>\nEtwas traf sie mit der Gewalt einer Maschine in den Magen. Die St\u00e4be ihres Korsetts brachen und bohrten sich durch das Miederhemd. Alle Luft entwich ihren Lungen und klarer, reiner Schmerz flutete ihren K\u00f6rper bis in die Fingerspitzen. Hinter ihren Schl\u00e4fen knisterte es. Fein, zugleich scharf, stach etwas durch ihren Kopf, dennoch blieb sie bei Sinnen.<br \/>\nAm Rande ihres Bewusstseins sp\u00fcrte Penny w\u00e4rme Feuchtigkeit \u00fcber ihr Kinn rinnen. Ihre Knie wurden weich und sie verlor den Halt.<br \/>\nWarum hatte sie nicht die wenigen Schritte bis nach Hause geschafft? Dort w\u00e4re sie in Sicherheit gewesen. Verzweifelte, bohrende Angst riss an ihr. Die Empfindung erschien ihr so lebendig, dass sie neue Kraft in sich fand. Sie musste sich wehren, es wenigstens versuchen.<br \/>\nJust in diesem Augenblich traf ein weiter Schlag den Bereich zwischen ihren Br\u00fcsten. Pennys Herz krampfte, bevor sie glaubte, dass es explodierte. Danach f\u00fchlte sie nichts mehr.<\/p>\n","protected":false},"excerpt":{"rendered":"<p>Alle Jahre wieder &#8230; \ud83d\ude42 Und auch dieses Jahr findet QUEER gelesen wieder in der Bar jeder Sicht in Mainz statt. Die Location k\u00f6nnte besser nicht passen, denn es ist das Kultur- und Kommunikationszentrum f\u00fcr Lesben, Schwule, Bisexuelle, Trans* und Intersexuelle. Morgen, also am 20.04. geht das Programm, was bereits eine Woche zuvor mit Oliver&#8230;<\/p>\n","protected":false},"author":1,"featured_media":1373,"comment_status":"open","ping_status":"open","sticky":false,"template":"","format":"standard","meta":{"_jetpack_memberships_contains_paid_content":false,"footnotes":""},"categories":[421],"tags":[178,263,281,330],"class_list":["post-1372","post","type-post","status-publish","format-standard","has-post-thumbnail","hentry","category-blog","tag-gay-lesbian-and-bisexual","tag-lesefestival","tag-mainz","tag-queer-gelesen"],"jetpack_sharing_enabled":true,"jetpack_featured_media_url":"https:\/\/www.schattengrenzen.de\/wp-content\/uploads\/2018\/04\/cropped-Banner-01-1.jpg","_links":{"self":[{"href":"https:\/\/www.schattengrenzen.de\/index.php?rest_route=\/wp\/v2\/posts\/1372","targetHints":{"allow":["GET"]}}],"collection":[{"href":"https:\/\/www.schattengrenzen.de\/index.php?rest_route=\/wp\/v2\/posts"}],"about":[{"href":"https:\/\/www.schattengrenzen.de\/index.php?rest_route=\/wp\/v2\/types\/post"}],"author":[{"embeddable":true,"href":"https:\/\/www.schattengrenzen.de\/index.php?rest_route=\/wp\/v2\/users\/1"}],"replies":[{"embeddable":true,"href":"https:\/\/www.schattengrenzen.de\/index.php?rest_route=%2Fwp%2Fv2%2Fcomments&post=1372"}],"version-history":[{"count":1,"href":"https:\/\/www.schattengrenzen.de\/index.php?rest_route=\/wp\/v2\/posts\/1372\/revisions"}],"predecessor-version":[{"id":1374,"href":"https:\/\/www.schattengrenzen.de\/index.php?rest_route=\/wp\/v2\/posts\/1372\/revisions\/1374"}],"wp:featuredmedia":[{"embeddable":true,"href":"https:\/\/www.schattengrenzen.de\/index.php?rest_route=\/wp\/v2\/media\/1373"}],"wp:attachment":[{"href":"https:\/\/www.schattengrenzen.de\/index.php?rest_route=%2Fwp%2Fv2%2Fmedia&parent=1372"}],"wp:term":[{"taxonomy":"category","embeddable":true,"href":"https:\/\/www.schattengrenzen.de\/index.php?rest_route=%2Fwp%2Fv2%2Fcategories&post=1372"},{"taxonomy":"post_tag","embeddable":true,"href":"https:\/\/www.schattengrenzen.de\/index.php?rest_route=%2Fwp%2Fv2%2Ftags&post=1372"}],"curies":[{"name":"wp","href":"https:\/\/api.w.org\/{rel}","templated":true}]}}