{"id":1056,"date":"2018-03-04T14:42:08","date_gmt":"2018-03-04T14:42:08","guid":{"rendered":"https:\/\/lysander1330.wordpress.com\/?p=1056"},"modified":"2018-04-13T17:29:19","modified_gmt":"2018-04-13T17:29:19","slug":"neuveroeffentlichung-der-rebell","status":"publish","type":"post","link":"https:\/\/www.schattengrenzen.de\/?p=1056","title":{"rendered":"Neuver\u00f6ffentlichung: Der Rebell"},"content":{"rendered":"<p>Hallo zusammen,<\/p>\n<p>wie \u00fcblich melde ich mich immer nur sporadisch, aber &#8230; *kleiner Trommelwirbel* &#8230; &#8220;Der Rebell&#8221; ist nun schon so weit, dass der Probedruck bei HOMO Littera angekommen ist (und nat\u00fcrlich noch mal gr\u00fcndlich gepr\u00fcft wird). Eben habe ich noch mal meine Danksagung \u00fcberarbeitet und an Romy geschickt, daf\u00fcr hat sie den ehemaligen R\u00fcckklappentext in etwas echt schickes Verwandelt \ud83d\ude42<br \/>\n***<br \/>\nDer 16-j\u00e4hrige Oliver und seine j\u00fcngeren Br\u00fcder Christian und Michael \u00fcberleben nur knapp ein Massaker. Ihr Vater ermordet nicht nur ihre Mutter, sondern auch zwei weitere Geschwister. Das Motiv scheint auf der Hand zu liegen: Untreue. Aber Oliver will daran nicht glauben, insbesondere, als auf Christian ein weiterer Anschlag ver\u00fcbt wird. Unter Verdacht steht ihr Gro\u00dfvater, der einzige angebliche Verwandte, der ihre Vormundschaft \u00fcbernehmen soll. In seinem Haus werden mehrere Tote gefunden, doch die Leichen liegen bereits seit 70 Jahren dort. Die F\u00e4lle scheinen nichts miteinander zu tun zu haben, allerdings will Oliver nicht an Zuf\u00e4lle glauben. Gemeinsam mit dem unerfahrenen Kommissar Daniel Kuhn und dem \u00fcberreizten Matthias Habicht versucht er Parallelen in den F\u00e4llen zu finden. Doch schon bald wird klar, dass sie trotz Polizeischutzes nicht sicher sind, denn ihre Gegner scheinen nicht unter den Lebenden zu weilen \u2026<br \/>\n***<br \/>\nNa? Besser, oder? Wahrscheinlich kann ich euch auch bald das neue Cover pr\u00e4sentieren \ud83d\ude42 Auch das passt um L\u00e4ngen besser als das alte.<\/p>\n<p>Als kleine Anmerkung zur Neuver\u00f6ffentlichung: Das Buch ist vollst\u00e4ndig \u00fcberarbeitet und Szenenweise ver\u00e4ndert. Ich muss sagen, ich mag diese Version wirklich sehr gerne und bin stolz darauf \ud83d\ude42 Besonders die \u00c4nderung bei den Zwillingen hat es mir vereinfacht, die beiden Jungs besser im 2. Band einzubeziehen.<br \/>\nChris ist zwar immer noch ein AK (Arschloch-Kind), aber er ist auch ziemlich stark und sp\u00e4ter sehr zielstrebig und mutig, und Micha &#8230; er ist erwacnsener, aber auch definitiv zur\u00fcckhaltender &#8211; aus nachvollziehbaren Gr\u00fcnden.<br \/>\nIm Folgeband erz\u00e4hlen Olivers Br\u00fcder, wie sie die Folgen der Morde erfahren mussten, dass es ganz und gar nicht einfach f\u00fcr sie war und wie ihre Umwelt die Bluttat reflektiert hat. Ebenso wird klar, wie Daniel damit umgeht und wie er den Kontakt zu Tom Hoffmann, dem Vater der Jungen wahrgenommen hat.<\/p>\n<p>Hier noch ein kleiner Auszug aus dem ersten Kapitel zu &#8220;Der Rebell&#8221;:<br \/>\n***<br \/>\nIhr hysterisches Lachen endete in ersticktem R\u00f6cheln.<br \/>\nDie folgende Stille versetzte Oliver in abgrundtiefes Entsetzen. Nur das Ger\u00e4usch von Metall, das Knochen zersplitterte, drang zu ihm. Das Monster zerfleischte sie. Der Anblick brannte sich in seinen Verstand. Er st\u00f6hnte. Seine Knie zitterten, zugleich f\u00fchlte sich sein K\u00f6rper an, als w\u00fcrde Lava durch seine Adern str\u00f6men. Mit h\u00e4mmerndem Herzen kauerte er sich tiefer unter die Anrichte und presste seine F\u00e4uste auf die Ohren. Er biss auf seine Unterlippe und schmeckte Blut. Ihm wurde schwindelig. M\u00fchsam zwang er sich zur Ruhe. Er musste fliehen, die Polizei rufen, doch er konnte sich nicht regen. Alles in ihm wehrte sich gegen den Anblick, die Ger\u00e4usche und den Geruch. Er wagte nicht einmal, ins Wohnzimmer zu sp\u00e4hen \u2013 aber er musste, jetzt sofort, bevor auch er starb.<br \/>\nVorsichtig sah er \u00fcber die K\u00fcchenplatte. Noch immer rammte dieser Wahnsinnige sein Messer in ihren Leib. Deutlich h\u00f6rte er, wie die Spitze sich in den Boden bohrte. Der K\u00f6rper seiner Mutter lag vor der Terrassent\u00fcr. Ihr Blut tr\u00e4nkte den hellen Teppich. Sein Vater kauerte wie ein Nachtmahr \u00fcber der Masse aus zerschnittenem Gewebe und zerhackten Knochen. Er hob sich deutlich gegen die hellen Gardinen ab. Schwarzgrauer Dunst kr\u00e4uselte sich um ihn. Stammte der von der brennenden Zigarette seiner Mutter?<br \/>\nOliver reckte sich vorsichtig. Die Schwaden waren zu dunkel. Oder t\u00e4uschte er sich?<br \/>\n***<br \/>\nDerzeit arbeite ich am 2. Buch, dem direkten Anschluss an den Rebell. 336 Seiten sind schon geschafft. Nun bin ich gespannt, wie z\u00fcgig ich vorankomme. Wenn ich das Roh-MS abgeschlossen habe, \u00fcberarbeite ich alles noch mal gr\u00fcndlich und schicke es Romy zu.<br \/>\nEine \u00c4nderung gibt es im Erz\u00e4hlstil zum ersten Buch: Es gibt nicht mehr nur Olivers Perspektive. Hier wechselt sie zwischen Daniel und ihm. Damit bekommt ihr einen besseren Einblick in Daniels Gedanken- und Gef\u00fchlswelt. Vor allem l\u00fcftet er einige seiner Geheimnisse und ihr erfahrt mehr \u00fcber seine Vergangenheit.<br \/>\nAber mehr dazu in den n\u00e4chsten Posts \ud83d\ude09<\/p>\n","protected":false},"excerpt":{"rendered":"<p>Hallo zusammen, wie \u00fcblich melde ich mich immer nur sporadisch, aber &#8230; *kleiner Trommelwirbel* &#8230; &#8220;Der Rebell&#8221; ist nun schon so weit, dass der Probedruck bei HOMO Littera angekommen ist (und nat\u00fcrlich noch mal gr\u00fcndlich gepr\u00fcft wird). Eben habe ich noch mal meine Danksagung \u00fcberarbeitet und an Romy geschickt, daf\u00fcr hat sie den ehemaligen R\u00fcckklappentext&#8230;<\/p>\n","protected":false},"author":1,"featured_media":0,"comment_status":"open","ping_status":"open","sticky":false,"template":"","format":"standard","meta":{"_jetpack_memberships_contains_paid_content":false,"footnotes":""},"categories":[421,26,14,18],"tags":[91,177,183,250,270,300,329,339,356,366,389,396,407],"class_list":["post-1056","post","type-post","status-publish","format-standard","hentry","category-blog","category-der-rebell-schattengrenzen-ii","category-schattengrenzen","category-veroffentlichungen","tag-bucher","tag-gay-crime","tag-geister","tag-krimi","tag-liebe","tag-mystery-thriller","tag-queer","tag-roman","tag-schwul","tag-spannung","tag-unheimlich","tag-verbotene-liebe","tag-wiesbaden"],"jetpack_sharing_enabled":true,"jetpack_featured_media_url":"","_links":{"self":[{"href":"https:\/\/www.schattengrenzen.de\/index.php?rest_route=\/wp\/v2\/posts\/1056","targetHints":{"allow":["GET"]}}],"collection":[{"href":"https:\/\/www.schattengrenzen.de\/index.php?rest_route=\/wp\/v2\/posts"}],"about":[{"href":"https:\/\/www.schattengrenzen.de\/index.php?rest_route=\/wp\/v2\/types\/post"}],"author":[{"embeddable":true,"href":"https:\/\/www.schattengrenzen.de\/index.php?rest_route=\/wp\/v2\/users\/1"}],"replies":[{"embeddable":true,"href":"https:\/\/www.schattengrenzen.de\/index.php?rest_route=%2Fwp%2Fv2%2Fcomments&post=1056"}],"version-history":[{"count":1,"href":"https:\/\/www.schattengrenzen.de\/index.php?rest_route=\/wp\/v2\/posts\/1056\/revisions"}],"predecessor-version":[{"id":1214,"href":"https:\/\/www.schattengrenzen.de\/index.php?rest_route=\/wp\/v2\/posts\/1056\/revisions\/1214"}],"wp:attachment":[{"href":"https:\/\/www.schattengrenzen.de\/index.php?rest_route=%2Fwp%2Fv2%2Fmedia&parent=1056"}],"wp:term":[{"taxonomy":"category","embeddable":true,"href":"https:\/\/www.schattengrenzen.de\/index.php?rest_route=%2Fwp%2Fv2%2Fcategories&post=1056"},{"taxonomy":"post_tag","embeddable":true,"href":"https:\/\/www.schattengrenzen.de\/index.php?rest_route=%2Fwp%2Fv2%2Ftags&post=1056"}],"curies":[{"name":"wp","href":"https:\/\/api.w.org\/{rel}","templated":true}]}}